{"id":23760,"date":"2014-03-14T14:46:02","date_gmt":"2014-03-14T17:46:02","guid":{"rendered":"http:\/\/aconteceunovale.com.br\/portal\/?p=23760"},"modified":"2014-03-14T14:59:20","modified_gmt":"2014-03-14T17:59:20","slug":"prefeito-de-salinas-publica-decreto-exonerando-113-profissionais-da-saude","status":"publish","type":"post","link":"https:\/\/aconteceunovale.com.br\/portal\/?p=23760","title":{"rendered":"Prefeito de Salinas publica decreto exonerando 113 profissionais da Sa\u00fade"},"content":{"rendered":"<p>O prefeito de Salinas, Kinca Dias, publicou nesta sexta-feira, 14 de mar\u00e7o, o Decreto 6.392 exonerando 113 profissionais do Setor de Sa\u00fade, dentre eles: m\u00e9dico, psic\u00f3logo, enfermeiros, dentista, t\u00e9cnicos de enfermagem e agentes comunit\u00e1rios de sa\u00fade.<\/p>\n<p>Conforme o Decreto do prefeito, os agentes comunit\u00e1rios de sa\u00fade assumiram o cargo ap\u00f3s aprova\u00e7\u00e3o em processo seletivo simplificado, em 2008, por um prazo de dois anos e, ao final deste prazo, o ex-prefeito Jos\u00e9 Prates optou por renovar o v\u00ednculo prec\u00e1rio, que findou em 2012.<\/p>\n<p>\u201cDesde ent\u00e3o, todos os agentes comunit\u00e1rios de sa\u00fade encontram-se indevidamente vinculados \u00e0 Administra\u00e7\u00e3o Municipal\u201d, diz o Decreto.<\/p>\n<p>O Decreto entra em vigor a partir do dia 13 de abril. De acordo com Patr\u00edcia Guimar\u00e3es, assessora do prefeito Kinca: \u201cA prefeitura est\u00e1 cumprindo determina\u00e7\u00e3o do Termo de Ajustamento de Conduta firmado com o Minist\u00e9rio P\u00fablico\u201d, explicou. <\/p>\n<p><img decoding=\"async\" src=\"http:\/\/aconteceunovale.com.br\/portal\/wp-content\/uploads\/2014\/03\/prefeito_salinas_demite_funcionarios_14.jpg\" alt=\"\" \/><br \/>\n<em>(Montagem do Folha Regional)<\/em><\/p>\n<p>Abaixo, a rela\u00e7\u00e3o dos profissionais demitidos.<\/p>\n<h3><strong>Agentes Comunit\u00e1rios de Sa\u00fade exonerados:<\/strong><\/h3>\n<p>MAR\u00cdLIA SOUZA GUIMAR\u00c3ES \u2013 Advogada<br \/>\nADENICE FERREIRA DOS ANJOS<br \/>\nALDAIR DOS SANTOS<br \/>\nALINE AMARAL<br \/>\nALINE DOS SANTOS SOARES<br \/>\nBIANCA APARECIDA GOMES MARTINS<br \/>\nCALTIANA RODRIGUES DE JESUS<br \/>\nCARLA ISIELE OLIVEIRA SILVA<br \/>\nC\u00c1TIA NERIS BATISTA SANTOS<br \/>\nCL\u00c9IA MARCIA BORGES DOS SANTOS<br \/>\nCLEUNICE FERREIRA LIMA<br \/>\nDARLENE DE OLIVEIRA<br \/>\nEDINA MOREIRA CRUZ<br \/>\nELISANDRA BARBOSA ASSIS<br \/>\nELISM\u00c1RIA APARECIDA OLIVEIRA COSTA<br \/>\nELIV\u00c2NIA BORGES DE OLIVEIRA<br \/>\nFL\u00c1VIA FERNANDES GOMES<br \/>\nGEICIANE FRANCIELE CACIQUE OLIVEIRA<br \/>\nGISLANE MARTINS CARDOSO<br \/>\nGLADSON FERRAZ PENA RAMOS<br \/>\nHELINE M\u00c1RCIA DUR\u00c3ES E SILVA<br \/>\nHERMILENE OLIVEIRA CA\u00cdRES<br \/>\nISLANE ROSA LIMA<br \/>\nIVETE FERNANDES PESSOA<br \/>\nJANE APARECIDA CORDEIRO DA SILVA<br \/>\nJO\u00c3O MARCOS DE FREITAS<br \/>\nJOS\u00c9 ROBERTO FERREIRA COSTA<br \/>\nJOZIMARA SANTANA MATOS<br \/>\nKELLY CRISTINY PEREIRA MENDES<br \/>\nLUCAS PEREIRA<br \/>\nLUZINETE GON\u00c7ALVES DOS SANTOS<br \/>\nMABEL SIRANE DE OLIVEIRA<br \/>\nMARCOS MARTINS COSTA<br \/>\nMARIA CLEIDE DIAS DE OLIVEIRA<br \/>\nMARIA DE F\u00c1TIMA SANTOS<br \/>\nMARIA DEVANI SANTOS<br \/>\nMARIA FERREIRA LESTE OLIVEIRA<br \/>\nMARIA JORDA TEIXEIRA PEREIRA<br \/>\nMARIA LUCENA NEVES DE OLIVEIRA<br \/>\nMARIA LUIZA FRANCISCA SOARES<br \/>\nMARIALINE LINA BARBOSA<br \/>\nMARILDA BARBOSA SANTOS<br \/>\nMAR\u00cdLIA ELISANETE GOMES DOS SANTOS<br \/>\nNADIEL PEREIRA DE SOUZA<br \/>\nNAT\u00c3 GOMES DE PINHO<br \/>\nNEIDE BARBOSA DE MATOS<br \/>\nPAULA CRISTINA DE OLIVEIRA MENDES<br \/>\nRAUL FRANCISCO DE OLIVEIRA<br \/>\nROSANG\u00caLA AFONSO DOS SANTOS<br \/>\nROSEMARY FERNANDES DE OLIVEIRA SILVA<br \/>\nROSIL\u00c9IA RAMIRES RAMALHO<br \/>\nSANDRA COELHO AMARAL<br \/>\nSIBELE CARDOSO DA SILVA<br \/>\nSIDNEY GON\u00c7ALVES DAS NEVES<br \/>\nSIMONE PEREIRA DA SILVA CARDOSO<br \/>\nTABLO KERLLES CARDOSO<br \/>\nVALDEI PEREIRA DA SILVA JUNIOR<br \/>\nVILMAR PEREIRA DE OLIVEIRA<br \/>\nZENAIDE ALMEIDA DIAS PINTO<br \/>\nEDERLANDIA ORNELES DOS SANTOS<br \/>\nMONE CL\u00c9SIA BATISTA DA SILVA<br \/>\nBRUNO SILVA BRITO<br \/>\nRHAIANY ALC\u00c2NTARA BRITO<br \/>\nMARIA DORENI MIRANDA RODRIGUES<br \/>\nMARLY ALCIONE ALVES FONSECA PAULINO<\/p>\n<h3><strong>Agentes de Vigil\u00e2ncia em Sa\u00fade exonerados:<\/strong><\/h3>\n<p>ELVIS GONCALVES LIMA<br \/>\nF\u00c1BIO J\u00daNIO BARBOSA NEVES<br \/>\nF\u00c1BIO PEREIRA NUNES<br \/>\nFAGNER JOS\u00c9 GUIMAR\u00c3ES<br \/>\nGILMAR MIRANDA DE OLIVEIRA<br \/>\nIV\u00c2NIO DE OLIVEIRA CUNHA<br \/>\nJANAINA NEVES DE S\u00c1<br \/>\nJEFERSON MARTINS DOS SANTOS<br \/>\nJOS\u00c9 OTELINO MENDES DA SILVA<br \/>\nJUAREZ DUR\u00c3ES DE SOUZA<br \/>\nJUNIOR JARDIM DOS SANTOS<br \/>\nK\u00caNIA FERNANDES DA SILVA<br \/>\nRICARDO MIRANDA SANTIAGO<br \/>\nSELVINO EUST\u00c1QUIO MENDES SILVA<br \/>\nSIMONE DIAS DOS SANTOS<br \/>\nVANDERLAN BATISTA DOS SANTOS<\/p>\n<h3><strong>Assistentes Sociais exonerados:<\/strong><\/h3>\n<p>VIVIANE PEREIRA SOARES<br \/>\nGABRIELA DE ALMEIDA LOIOLA<br \/>\nCLAUDIA ANDREA DA SILVA TAVARES<br \/>\nCL\u00c9VIA ANTUNES DOS SANTOS<\/p>\n<h3><strong>Enfermeiros exonerados:<\/strong><\/h3>\n<p>CRISTIANE DE OLIVEIRA SILVA<br \/>\nELIANE CRISTINA ALVES<br \/>\nGERCIANE SARMENTO SILVA<br \/>\nGIS\u00c9LIA MARIA DOS SANTOS RODRIGUES<br \/>\nJACILENE MARTINS DE OLIVEIRA XAVIER<br \/>\nLARYSSA MARTINS DOS SANTOS<br \/>\nMANY ANE RODRIGUES DOS REIS LACERDA<br \/>\nMARIA CEC\u00cdLIA OLIVEIRA BARROS<br \/>\nSIMONE KELLE SANTOS DE MELO<br \/>\nGLAUBER DA SILVA CORREA<br \/>\nMONARLEY WILLIAN FERREIRA SARMENTO<br \/>\nVALMIR RODRIGUES DE OLIVEIRA<\/p>\n<h3><strong>Outros exonerados:<\/strong><\/h3>\n<p>VANESSA MIRANDA SOUZA \u2013 Atendente\/Agente Cadastrador<br \/>\nCL\u00c9SIA WELVIA NERY \u2013 Auxiliar de Enfermagem<br \/>\nFL\u00c1VIA FAGUNDES MORAIS \u2013 Dentista<br \/>\nRONILDO POLICARPO DE OLIVEIRA FREIRE \u2013 Dentista<br \/>\nVALTAIR BARBOSA \u2013 M\u00e9dico<br \/>\nEDNA MARISE DE SOUSA \u2013 Monitor<br \/>\nSUELY FERREIRA DE MEDEIROS MARTINS \u2013 Professor<br \/>\nLUCIANO MARQUES \u2013 Psic\u00f3logo<br \/>\nIRENE RIBEIRO DE SOUZA \u2013 T\u00e9cnico de Enfermagem<\/p>\n<p><a href=\"http:\/\/aconteceunovale.com.br\/portal\/wp-content\/uploads\/2014\/03\/6.392-ExoneraServidores13.03.2014.pdf\" target=\"_blank\"><\/p>\n<h3><strong>Decreto N\u00ba 6.392 de 13 de Mar\u00e7o de 2014<\/strong><\/h3>\n<p><\/a><\/p>\n<h3><strong>NOTA DIVULGADA PELA PREFEITURA DE SALINAS:<\/strong><\/h3>\n<p><img decoding=\"async\" src=\"http:\/\/aconteceunovale.com.br\/portal\/wp-content\/uploads\/2014\/03\/nota_prefeitura_salinas_exoneracao_1.jpg\" alt=\"\" \/><br \/>\n<img decoding=\"async\" src=\"http:\/\/aconteceunovale.com.br\/portal\/wp-content\/uploads\/2014\/03\/nota_prefeitura_salinas_exoneracao_2.jpg\" alt=\"\" \/><\/p>\n<p><strong>(Fonte: Folha Regional)<\/strong><\/p>\n","protected":false},"excerpt":{"rendered":"<p>O prefeito de Salinas, Kinca Dias, publicou nesta sexta-feira, 14 de mar\u00e7o, o Decreto 6.392 exonerando 113 profissionais do Setor de Sa\u00fade, dentre eles: m\u00e9dico, psic\u00f3logo, enfermeiros, dentista, t\u00e9cnicos de enfermagem e agentes comunit\u00e1rios de sa\u00fade. Conforme o Decreto do prefeito, os agentes comunit\u00e1rios de sa\u00fade assumiram o cargo ap\u00f3s aprova\u00e7\u00e3o em processo seletivo simplificado, [&hellip;]<\/p>\n","protected":false},"author":1,"featured_media":23761,"comment_status":"open","ping_status":"closed","sticky":false,"template":"","format":"standard","meta":{"amp_status":"","footnotes":""},"categories":[1236],"tags":[1018,5533,190],"class_list":["post-23760","post","type-post","status-publish","format-standard","has-post-thumbnail","hentry","category-norte_de_minas","tag-destaque","tag-prefeito-de-salinas-publica-decreto-exonerando-113-profissionais-da-saude","tag-salinas"],"yoast_head":"<!-- This site is optimized with the Yoast SEO plugin v28.3 - https:\/\/yoast.com\/product\/yoast-seo-wordpress\/ -->\n<title>Prefeito de Salinas publica decreto exonerando 113 profissionais da Sa\u00fade - Aconteceu no Vale<\/title>\n<meta name=\"robots\" content=\"index, follow, max-snippet:-1, max-image-preview:large, max-video-preview:-1\" \/>\n<link rel=\"canonical\" href=\"https:\/\/aconteceunovale.com.br\/portal\/?p=23760\" \/>\n<meta property=\"og:locale\" content=\"pt_BR\" \/>\n<meta property=\"og:type\" content=\"article\" \/>\n<meta property=\"og:title\" content=\"Prefeito de Salinas publica decreto exonerando 113 profissionais da Sa\u00fade - Aconteceu no Vale\" \/>\n<meta property=\"og:description\" content=\"O prefeito de Salinas, Kinca Dias, publicou nesta sexta-feira, 14 de mar\u00e7o, o Decreto 6.392 exonerando 113 profissionais do Setor de Sa\u00fade, dentre eles: m\u00e9dico, psic\u00f3logo, enfermeiros, dentista, t\u00e9cnicos de enfermagem e agentes comunit\u00e1rios de sa\u00fade. Conforme o Decreto do prefeito, os agentes comunit\u00e1rios de sa\u00fade assumiram o cargo ap\u00f3s aprova\u00e7\u00e3o em processo seletivo simplificado, [&hellip;]\" \/>\n<meta property=\"og:url\" content=\"https:\/\/aconteceunovale.com.br\/portal\/?p=23760\" \/>\n<meta property=\"og:site_name\" content=\"Aconteceu no Vale\" \/>\n<meta property=\"article:publisher\" content=\"https:\/\/www.facebook.com\/aconteceunovale\/\" \/>\n<meta property=\"article:published_time\" content=\"2014-03-14T17:46:02+00:00\" \/>\n<meta property=\"article:modified_time\" content=\"2014-03-14T17:59:20+00:00\" \/>\n<meta property=\"og:image\" content=\"https:\/\/aconteceunovale.com.br\/portal\/wp-content\/uploads\/2014\/03\/prefeito_salinas_demite_funcionarios_14.jpg\" \/>\n\t<meta property=\"og:image:width\" content=\"678\" \/>\n\t<meta property=\"og:image:height\" content=\"351\" \/>\n\t<meta property=\"og:image:type\" content=\"image\/jpeg\" \/>\n<meta name=\"author\" content=\"Aconteceu no Vale\" \/>\n<meta name=\"twitter:card\" content=\"summary_large_image\" \/>\n<meta name=\"twitter:creator\" content=\"@noticiadosvales\" \/>\n<meta name=\"twitter:site\" content=\"@noticiadosvales\" \/>\n<meta name=\"twitter:label1\" content=\"Escrito por\" \/>\n\t<meta name=\"twitter:data1\" content=\"Aconteceu no Vale\" \/>\n\t<meta name=\"twitter:label2\" content=\"Est. tempo de leitura\" \/>\n\t<meta name=\"twitter:data2\" content=\"3 minutos\" \/>\n<script type=\"application\/ld+json\" class=\"yoast-schema-graph\">{\"@context\":\"https:\\\/\\\/schema.org\",\"@graph\":[{\"@type\":\"Article\",\"@id\":\"https:\\\/\\\/aconteceunovale.com.br\\\/portal\\\/?p=23760#article\",\"isPartOf\":{\"@id\":\"https:\\\/\\\/aconteceunovale.com.br\\\/portal\\\/?p=23760\"},\"author\":{\"name\":\"Aconteceu no Vale\",\"@id\":\"https:\\\/\\\/aconteceunovale.com.br\\\/portal\\\/#\\\/schema\\\/person\\\/633529146f2c94272bef50ac2953d589\"},\"headline\":\"Prefeito de Salinas publica decreto exonerando 113 profissionais da Sa\u00fade\",\"datePublished\":\"2014-03-14T17:46:02+00:00\",\"dateModified\":\"2014-03-14T17:59:20+00:00\",\"mainEntityOfPage\":{\"@id\":\"https:\\\/\\\/aconteceunovale.com.br\\\/portal\\\/?p=23760\"},\"wordCount\":668,\"commentCount\":0,\"image\":{\"@id\":\"https:\\\/\\\/aconteceunovale.com.br\\\/portal\\\/?p=23760#primaryimage\"},\"thumbnailUrl\":\"https:\\\/\\\/aconteceunovale.com.br\\\/portal\\\/wp-content\\\/uploads\\\/2014\\\/03\\\/prefeito_salinas_demite_funcionarios_14.jpg\",\"keywords\":[\"destaque\",\"Prefeito de Salinas publica decreto exonerando 113 profissionais da Sa\u00fade\",\"Salinas\"],\"articleSection\":[\"Norte de Minas\"],\"inLanguage\":\"pt-BR\",\"potentialAction\":[{\"@type\":\"CommentAction\",\"name\":\"Comment\",\"target\":[\"https:\\\/\\\/aconteceunovale.com.br\\\/portal\\\/?p=23760#respond\"]}]},{\"@type\":\"WebPage\",\"@id\":\"https:\\\/\\\/aconteceunovale.com.br\\\/portal\\\/?p=23760\",\"url\":\"https:\\\/\\\/aconteceunovale.com.br\\\/portal\\\/?p=23760\",\"name\":\"Prefeito de Salinas publica decreto exonerando 113 profissionais da Sa\u00fade - Aconteceu no Vale\",\"isPartOf\":{\"@id\":\"https:\\\/\\\/aconteceunovale.com.br\\\/portal\\\/#website\"},\"primaryImageOfPage\":{\"@id\":\"https:\\\/\\\/aconteceunovale.com.br\\\/portal\\\/?p=23760#primaryimage\"},\"image\":{\"@id\":\"https:\\\/\\\/aconteceunovale.com.br\\\/portal\\\/?p=23760#primaryimage\"},\"thumbnailUrl\":\"https:\\\/\\\/aconteceunovale.com.br\\\/portal\\\/wp-content\\\/uploads\\\/2014\\\/03\\\/prefeito_salinas_demite_funcionarios_14.jpg\",\"datePublished\":\"2014-03-14T17:46:02+00:00\",\"dateModified\":\"2014-03-14T17:59:20+00:00\",\"author\":{\"@id\":\"https:\\\/\\\/aconteceunovale.com.br\\\/portal\\\/#\\\/schema\\\/person\\\/633529146f2c94272bef50ac2953d589\"},\"breadcrumb\":{\"@id\":\"https:\\\/\\\/aconteceunovale.com.br\\\/portal\\\/?p=23760#breadcrumb\"},\"inLanguage\":\"pt-BR\",\"potentialAction\":[{\"@type\":\"ReadAction\",\"target\":[\"https:\\\/\\\/aconteceunovale.com.br\\\/portal\\\/?p=23760\"]}]},{\"@type\":\"ImageObject\",\"inLanguage\":\"pt-BR\",\"@id\":\"https:\\\/\\\/aconteceunovale.com.br\\\/portal\\\/?p=23760#primaryimage\",\"url\":\"https:\\\/\\\/aconteceunovale.com.br\\\/portal\\\/wp-content\\\/uploads\\\/2014\\\/03\\\/prefeito_salinas_demite_funcionarios_14.jpg\",\"contentUrl\":\"https:\\\/\\\/aconteceunovale.com.br\\\/portal\\\/wp-content\\\/uploads\\\/2014\\\/03\\\/prefeito_salinas_demite_funcionarios_14.jpg\",\"width\":678,\"height\":351},{\"@type\":\"BreadcrumbList\",\"@id\":\"https:\\\/\\\/aconteceunovale.com.br\\\/portal\\\/?p=23760#breadcrumb\",\"itemListElement\":[{\"@type\":\"ListItem\",\"position\":1,\"name\":\"In\u00edcio\",\"item\":\"https:\\\/\\\/aconteceunovale.com.br\\\/portal\\\/\"},{\"@type\":\"ListItem\",\"position\":2,\"name\":\"Prefeito de Salinas publica decreto exonerando 113 profissionais da Sa\u00fade\"}]},{\"@type\":\"WebSite\",\"@id\":\"https:\\\/\\\/aconteceunovale.com.br\\\/portal\\\/#website\",\"url\":\"https:\\\/\\\/aconteceunovale.com.br\\\/portal\\\/\",\"name\":\"Aconteceu no Vale\",\"description\":\"Portal de Not\u00edcias\",\"potentialAction\":[{\"@type\":\"SearchAction\",\"target\":{\"@type\":\"EntryPoint\",\"urlTemplate\":\"https:\\\/\\\/aconteceunovale.com.br\\\/portal\\\/?s={search_term_string}\"},\"query-input\":{\"@type\":\"PropertyValueSpecification\",\"valueRequired\":true,\"valueName\":\"search_term_string\"}}],\"inLanguage\":\"pt-BR\"},{\"@type\":\"Person\",\"@id\":\"https:\\\/\\\/aconteceunovale.com.br\\\/portal\\\/#\\\/schema\\\/person\\\/633529146f2c94272bef50ac2953d589\",\"name\":\"Aconteceu no Vale\",\"description\":\"Equipe de reportagem do Aconteceu no Vale, portal de not\u00edcias do Vale do Jequitinhonha, em Minas Gerais. Cobrimos as 51 cidades do Vale desde 2013. Sugest\u00f5es de pauta e pedidos de corre\u00e7\u00e3o: contato@aconteceunovale.com.br\",\"sameAs\":[\"http:\\\/\\\/www.aconteceunovale.com.br\"],\"url\":\"https:\\\/\\\/aconteceunovale.com.br\\\/portal\\\/?author=1\"}]}<\/script>\n<!-- \/ Yoast SEO plugin. -->","yoast_head_json":{"title":"Prefeito de Salinas publica decreto exonerando 113 profissionais da Sa\u00fade - Aconteceu no Vale","robots":{"index":"index","follow":"follow","max-snippet":"max-snippet:-1","max-image-preview":"max-image-preview:large","max-video-preview":"max-video-preview:-1"},"canonical":"https:\/\/aconteceunovale.com.br\/portal\/?p=23760","og_locale":"pt_BR","og_type":"article","og_title":"Prefeito de Salinas publica decreto exonerando 113 profissionais da Sa\u00fade - Aconteceu no Vale","og_description":"O prefeito de Salinas, Kinca Dias, publicou nesta sexta-feira, 14 de mar\u00e7o, o Decreto 6.392 exonerando 113 profissionais do Setor de Sa\u00fade, dentre eles: m\u00e9dico, psic\u00f3logo, enfermeiros, dentista, t\u00e9cnicos de enfermagem e agentes comunit\u00e1rios de sa\u00fade. Conforme o Decreto do prefeito, os agentes comunit\u00e1rios de sa\u00fade assumiram o cargo ap\u00f3s aprova\u00e7\u00e3o em processo seletivo simplificado, [&hellip;]","og_url":"https:\/\/aconteceunovale.com.br\/portal\/?p=23760","og_site_name":"Aconteceu no Vale","article_publisher":"https:\/\/www.facebook.com\/aconteceunovale\/","article_published_time":"2014-03-14T17:46:02+00:00","article_modified_time":"2014-03-14T17:59:20+00:00","og_image":[{"width":678,"height":351,"url":"https:\/\/aconteceunovale.com.br\/portal\/wp-content\/uploads\/2014\/03\/prefeito_salinas_demite_funcionarios_14.jpg","type":"image\/jpeg"}],"author":"Aconteceu no Vale","twitter_card":"summary_large_image","twitter_creator":"@noticiadosvales","twitter_site":"@noticiadosvales","twitter_misc":{"Escrito por":"Aconteceu no Vale","Est. tempo de leitura":"3 minutos"},"schema":{"@context":"https:\/\/schema.org","@graph":[{"@type":"Article","@id":"https:\/\/aconteceunovale.com.br\/portal\/?p=23760#article","isPartOf":{"@id":"https:\/\/aconteceunovale.com.br\/portal\/?p=23760"},"author":{"name":"Aconteceu no Vale","@id":"https:\/\/aconteceunovale.com.br\/portal\/#\/schema\/person\/633529146f2c94272bef50ac2953d589"},"headline":"Prefeito de Salinas publica decreto exonerando 113 profissionais da Sa\u00fade","datePublished":"2014-03-14T17:46:02+00:00","dateModified":"2014-03-14T17:59:20+00:00","mainEntityOfPage":{"@id":"https:\/\/aconteceunovale.com.br\/portal\/?p=23760"},"wordCount":668,"commentCount":0,"image":{"@id":"https:\/\/aconteceunovale.com.br\/portal\/?p=23760#primaryimage"},"thumbnailUrl":"https:\/\/aconteceunovale.com.br\/portal\/wp-content\/uploads\/2014\/03\/prefeito_salinas_demite_funcionarios_14.jpg","keywords":["destaque","Prefeito de Salinas publica decreto exonerando 113 profissionais da Sa\u00fade","Salinas"],"articleSection":["Norte de Minas"],"inLanguage":"pt-BR","potentialAction":[{"@type":"CommentAction","name":"Comment","target":["https:\/\/aconteceunovale.com.br\/portal\/?p=23760#respond"]}]},{"@type":"WebPage","@id":"https:\/\/aconteceunovale.com.br\/portal\/?p=23760","url":"https:\/\/aconteceunovale.com.br\/portal\/?p=23760","name":"Prefeito de Salinas publica decreto exonerando 113 profissionais da Sa\u00fade - Aconteceu no Vale","isPartOf":{"@id":"https:\/\/aconteceunovale.com.br\/portal\/#website"},"primaryImageOfPage":{"@id":"https:\/\/aconteceunovale.com.br\/portal\/?p=23760#primaryimage"},"image":{"@id":"https:\/\/aconteceunovale.com.br\/portal\/?p=23760#primaryimage"},"thumbnailUrl":"https:\/\/aconteceunovale.com.br\/portal\/wp-content\/uploads\/2014\/03\/prefeito_salinas_demite_funcionarios_14.jpg","datePublished":"2014-03-14T17:46:02+00:00","dateModified":"2014-03-14T17:59:20+00:00","author":{"@id":"https:\/\/aconteceunovale.com.br\/portal\/#\/schema\/person\/633529146f2c94272bef50ac2953d589"},"breadcrumb":{"@id":"https:\/\/aconteceunovale.com.br\/portal\/?p=23760#breadcrumb"},"inLanguage":"pt-BR","potentialAction":[{"@type":"ReadAction","target":["https:\/\/aconteceunovale.com.br\/portal\/?p=23760"]}]},{"@type":"ImageObject","inLanguage":"pt-BR","@id":"https:\/\/aconteceunovale.com.br\/portal\/?p=23760#primaryimage","url":"https:\/\/aconteceunovale.com.br\/portal\/wp-content\/uploads\/2014\/03\/prefeito_salinas_demite_funcionarios_14.jpg","contentUrl":"https:\/\/aconteceunovale.com.br\/portal\/wp-content\/uploads\/2014\/03\/prefeito_salinas_demite_funcionarios_14.jpg","width":678,"height":351},{"@type":"BreadcrumbList","@id":"https:\/\/aconteceunovale.com.br\/portal\/?p=23760#breadcrumb","itemListElement":[{"@type":"ListItem","position":1,"name":"In\u00edcio","item":"https:\/\/aconteceunovale.com.br\/portal\/"},{"@type":"ListItem","position":2,"name":"Prefeito de Salinas publica decreto exonerando 113 profissionais da Sa\u00fade"}]},{"@type":"WebSite","@id":"https:\/\/aconteceunovale.com.br\/portal\/#website","url":"https:\/\/aconteceunovale.com.br\/portal\/","name":"Aconteceu no Vale","description":"Portal de Not\u00edcias","potentialAction":[{"@type":"SearchAction","target":{"@type":"EntryPoint","urlTemplate":"https:\/\/aconteceunovale.com.br\/portal\/?s={search_term_string}"},"query-input":{"@type":"PropertyValueSpecification","valueRequired":true,"valueName":"search_term_string"}}],"inLanguage":"pt-BR"},{"@type":"Person","@id":"https:\/\/aconteceunovale.com.br\/portal\/#\/schema\/person\/633529146f2c94272bef50ac2953d589","name":"Aconteceu no Vale","description":"Equipe de reportagem do Aconteceu no Vale, portal de not\u00edcias do Vale do Jequitinhonha, em Minas Gerais. Cobrimos as 51 cidades do Vale desde 2013. Sugest\u00f5es de pauta e pedidos de corre\u00e7\u00e3o: contato@aconteceunovale.com.br","sameAs":["http:\/\/www.aconteceunovale.com.br"],"url":"https:\/\/aconteceunovale.com.br\/portal\/?author=1"}]}},"_links":{"self":[{"href":"https:\/\/aconteceunovale.com.br\/portal\/index.php?rest_route=\/wp\/v2\/posts\/23760","targetHints":{"allow":["GET"]}}],"collection":[{"href":"https:\/\/aconteceunovale.com.br\/portal\/index.php?rest_route=\/wp\/v2\/posts"}],"about":[{"href":"https:\/\/aconteceunovale.com.br\/portal\/index.php?rest_route=\/wp\/v2\/types\/post"}],"author":[{"embeddable":true,"href":"https:\/\/aconteceunovale.com.br\/portal\/index.php?rest_route=\/wp\/v2\/users\/1"}],"replies":[{"embeddable":true,"href":"https:\/\/aconteceunovale.com.br\/portal\/index.php?rest_route=%2Fwp%2Fv2%2Fcomments&post=23760"}],"version-history":[{"count":0,"href":"https:\/\/aconteceunovale.com.br\/portal\/index.php?rest_route=\/wp\/v2\/posts\/23760\/revisions"}],"wp:featuredmedia":[{"embeddable":true,"href":"https:\/\/aconteceunovale.com.br\/portal\/index.php?rest_route=\/wp\/v2\/media\/23761"}],"wp:attachment":[{"href":"https:\/\/aconteceunovale.com.br\/portal\/index.php?rest_route=%2Fwp%2Fv2%2Fmedia&parent=23760"}],"wp:term":[{"taxonomy":"category","embeddable":true,"href":"https:\/\/aconteceunovale.com.br\/portal\/index.php?rest_route=%2Fwp%2Fv2%2Fcategories&post=23760"},{"taxonomy":"post_tag","embeddable":true,"href":"https:\/\/aconteceunovale.com.br\/portal\/index.php?rest_route=%2Fwp%2Fv2%2Ftags&post=23760"}],"curies":[{"name":"wp","href":"https:\/\/api.w.org\/{rel}","templated":true}]}}