{"id":23756,"date":"2014-03-14T14:28:56","date_gmt":"2014-03-14T17:28:56","guid":{"rendered":"http:\/\/aconteceunovale.com.br\/portal\/?p=23756"},"modified":"2014-03-14T14:28:56","modified_gmt":"2014-03-14T17:28:56","slug":"homem-e-morto-com-um-tiro-no-pescoco-em-estrada-de-alpercata","status":"publish","type":"post","link":"https:\/\/aconteceunovale.com.br\/portal\/?p=23756","title":{"rendered":"Homem \u00e9 morto com um tiro no pesco\u00e7o em estrada de Alpercata"},"content":{"rendered":"<p>Um homem de 29 anos, identificado como Tiago Daniel, foi morto com um tiro no pesco\u00e7o na manh\u00e3 desta sexta-feira (14), no C\u00f3rrego do Esgoto, em Alpercata\/MG. O homem era vaqueiro e trabalhava em uma fazenda na zona rural da cidade.<\/p>\n<p>Segundo informa\u00e7\u00f5es da Pol\u00edcia Militar, a v\u00edtima seguia para o trabalho de motocicleta, quando duas pessoas em uma moto passaram atirando. O homem de 29 foi atingido no pesco\u00e7o e morreu na hora, o carona da moto, Samuel Moutinho de 20 anos, foi atingido por tr\u00eas disparos, mas conseguiu ligar para o pai e pedir socorro. Ele foi levado para o Hospital Municipal de Governador Valadares.<\/p>\n<p>Ainda segundo a PM, os dois homens s\u00e3o trabalhadores rurais e n\u00e3o tem passagens pela pol\u00edcia. De acordo com familiares, a v\u00edtima n\u00e3o tinha inimigos e n\u00e3o sofria amea\u00e7as.<\/p>\n<p><img decoding=\"async\" src=\"http:\/\/aconteceunovale.com.br\/portal\/wp-content\/uploads\/2014\/03\/morte_zona_rural_alpercata_1.jpg\" alt=\"\" \/><br \/>\n<em>(Foto: Tico Correria)<\/em><\/p>\n<p><img decoding=\"async\" src=\"http:\/\/aconteceunovale.com.br\/portal\/wp-content\/uploads\/2014\/03\/morte_zona_rural_alpercata_2.jpg\" alt=\"\" \/><br \/>\n<em>(Foto: Tico Correria)<\/em><\/p>\n","protected":false},"excerpt":{"rendered":"<p>Um homem de 29 anos, identificado como Tiago Daniel, foi morto com um tiro no pesco\u00e7o na manh\u00e3 desta sexta-feira (14), no C\u00f3rrego do Esgoto, em Alpercata\/MG. O homem era vaqueiro e trabalhava em uma fazenda na zona rural da cidade. Segundo informa\u00e7\u00f5es da Pol\u00edcia Militar, a v\u00edtima seguia para o trabalho de motocicleta, quando [&hellip;]<\/p>\n","protected":false},"author":1,"featured_media":23758,"comment_status":"open","ping_status":"closed","sticky":false,"template":"","format":"standard","meta":{"amp_status":"","footnotes":""},"categories":[121],"tags":[274,1018,5532],"class_list":["post-23756","post","type-post","status-publish","format-standard","has-post-thumbnail","hentry","category-leste","tag-alpercata","tag-destaque","tag-homem-e-morto-com-um-tiro-no-pescoco-em-estrada-de-alpercata"],"_links":{"self":[{"href":"https:\/\/aconteceunovale.com.br\/portal\/index.php?rest_route=\/wp\/v2\/posts\/23756","targetHints":{"allow":["GET"]}}],"collection":[{"href":"https:\/\/aconteceunovale.com.br\/portal\/index.php?rest_route=\/wp\/v2\/posts"}],"about":[{"href":"https:\/\/aconteceunovale.com.br\/portal\/index.php?rest_route=\/wp\/v2\/types\/post"}],"author":[{"embeddable":true,"href":"https:\/\/aconteceunovale.com.br\/portal\/index.php?rest_route=\/wp\/v2\/users\/1"}],"replies":[{"embeddable":true,"href":"https:\/\/aconteceunovale.com.br\/portal\/index.php?rest_route=%2Fwp%2Fv2%2Fcomments&post=23756"}],"version-history":[{"count":0,"href":"https:\/\/aconteceunovale.com.br\/portal\/index.php?rest_route=\/wp\/v2\/posts\/23756\/revisions"}],"wp:featuredmedia":[{"embeddable":true,"href":"https:\/\/aconteceunovale.com.br\/portal\/index.php?rest_route=\/wp\/v2\/media\/23758"}],"wp:attachment":[{"href":"https:\/\/aconteceunovale.com.br\/portal\/index.php?rest_route=%2Fwp%2Fv2%2Fmedia&parent=23756"}],"wp:term":[{"taxonomy":"category","embeddable":true,"href":"https:\/\/aconteceunovale.com.br\/portal\/index.php?rest_route=%2Fwp%2Fv2%2Fcategories&post=23756"},{"taxonomy":"post_tag","embeddable":true,"href":"https:\/\/aconteceunovale.com.br\/portal\/index.php?rest_route=%2Fwp%2Fv2%2Ftags&post=23756"}],"curies":[{"name":"wp","href":"https:\/\/api.w.org\/{rel}","templated":true}]}}