{"id":23751,"date":"2014-03-14T10:48:39","date_gmt":"2014-03-14T13:48:39","guid":{"rendered":"http:\/\/aconteceunovale.com.br\/portal\/?p=23751"},"modified":"2014-03-14T10:48:39","modified_gmt":"2014-03-14T13:48:39","slug":"jornalista-e-preso-e-alunos-depredam-diretorio-durante-manifestacao-em-montes-claros","status":"publish","type":"post","link":"https:\/\/aconteceunovale.com.br\/portal\/?p=23751","title":{"rendered":"Jornalista \u00e9 preso e alunos depredam diret\u00f3rio durante manifesta\u00e7\u00e3o em Montes Claros"},"content":{"rendered":"<p>Um homem que se disse jornalista foi preso, nessa quinta-feira (13), ao desacatar policiais militares durante uma manifesta\u00e7\u00e3o de estudantes de escolas estaduais em Montes Claros, no Norte de Minas. O protesto contra a falta de merenda acabou em tumulto e quebradeira com um diret\u00f3rio depredado.<\/p>\n<p>De acordo com a Pol\u00edcia Militar (PM), cerca de 200 alunos das escolas estaduais Coronel Filomeno Ribeiro, Eloy Pereira e Arm\u00eanio Veloso concentraram no cruzamento entre a avenida Mestra Fininha e a rua Jordelina Ezequiel, no bairro S\u00e3o Luiz.<\/p>\n<p>O objetivo do grupo era ir \u00e0 frente Superintend\u00eancia Regional de Ensino, onde teriam bloqueado com galhos de \u00e1rvores as pistas da rua Doutor Jo\u00e3o Chaves. Diversos alunos usavam megafone para ecoar suas insatisfa\u00e7\u00f5es. Dois professores participavam do protesto e teriam convocado o grupo a se deslocar para o Diret\u00f3rio dos Estudantes de Montes Claros (DEMC).<\/p>\n<p>Um dos manifestantes teria ido a uma obra na sede da superintend\u00eancia e ap\u00f3s agredir o pedreiro verbalmente, pegou duas marretas e as repassou para outros colegas, que arrombaram a porta do diret\u00f3rio.  A partir da\u00ed, os estudantes passaram a quebrar todas as vidra\u00e7as das janelas laterais do pr\u00e9dio, e dentro das salas, quebraram duas m\u00e1quinas de datilografia, arrombaram as portas, quebraram monitores de computadores, danificaram diversos objetos e jogaram todos os livros e objetos ao ch\u00e3o.<\/p>\n<p>Segundo a PM, n\u00e3o havia ningu\u00e9m da dire\u00e7\u00e3o ou mesmo professores das tr\u00eas escolas referidas na manifesta\u00e7\u00e3o. Nenhum estudante foi detido, porque os militares n\u00e3o conseguiram os identificar durante o vandalismo. Alisson Prates Queiroz, 38, teria desacatado e amea\u00e7ado militares na confus\u00e3o e foi encaminhado para delegacia. <\/p>\n","protected":false},"excerpt":{"rendered":"<p>Um homem que se disse jornalista foi preso, nessa quinta-feira (13), ao desacatar policiais militares durante uma manifesta\u00e7\u00e3o de estudantes de escolas estaduais em Montes Claros, no Norte de Minas. O protesto contra a falta de merenda acabou em tumulto e quebradeira com um diret\u00f3rio depredado. De acordo com a Pol\u00edcia Militar (PM), cerca de [&hellip;]<\/p>\n","protected":false},"author":1,"featured_media":19256,"comment_status":"open","ping_status":"closed","sticky":false,"template":"","format":"standard","meta":{"amp_status":"","footnotes":""},"categories":[1236],"tags":[5530,210],"class_list":["post-23751","post","type-post","status-publish","format-standard","has-post-thumbnail","hentry","category-norte_de_minas","tag-jornalista-e-preso-e-alunos-depredam-diretorio-durante-manifestacao-em-montes-claros","tag-montes-claros"],"_links":{"self":[{"href":"https:\/\/aconteceunovale.com.br\/portal\/index.php?rest_route=\/wp\/v2\/posts\/23751","targetHints":{"allow":["GET"]}}],"collection":[{"href":"https:\/\/aconteceunovale.com.br\/portal\/index.php?rest_route=\/wp\/v2\/posts"}],"about":[{"href":"https:\/\/aconteceunovale.com.br\/portal\/index.php?rest_route=\/wp\/v2\/types\/post"}],"author":[{"embeddable":true,"href":"https:\/\/aconteceunovale.com.br\/portal\/index.php?rest_route=\/wp\/v2\/users\/1"}],"replies":[{"embeddable":true,"href":"https:\/\/aconteceunovale.com.br\/portal\/index.php?rest_route=%2Fwp%2Fv2%2Fcomments&post=23751"}],"version-history":[{"count":0,"href":"https:\/\/aconteceunovale.com.br\/portal\/index.php?rest_route=\/wp\/v2\/posts\/23751\/revisions"}],"wp:featuredmedia":[{"embeddable":true,"href":"https:\/\/aconteceunovale.com.br\/portal\/index.php?rest_route=\/wp\/v2\/media\/19256"}],"wp:attachment":[{"href":"https:\/\/aconteceunovale.com.br\/portal\/index.php?rest_route=%2Fwp%2Fv2%2Fmedia&parent=23751"}],"wp:term":[{"taxonomy":"category","embeddable":true,"href":"https:\/\/aconteceunovale.com.br\/portal\/index.php?rest_route=%2Fwp%2Fv2%2Fcategories&post=23751"},{"taxonomy":"post_tag","embeddable":true,"href":"https:\/\/aconteceunovale.com.br\/portal\/index.php?rest_route=%2Fwp%2Fv2%2Ftags&post=23751"}],"curies":[{"name":"wp","href":"https:\/\/api.w.org\/{rel}","templated":true}]}}