{"id":23745,"date":"2014-03-14T10:38:12","date_gmt":"2014-03-14T13:38:12","guid":{"rendered":"http:\/\/aconteceunovale.com.br\/portal\/?p=23745"},"modified":"2014-03-14T10:38:12","modified_gmt":"2014-03-14T13:38:12","slug":"senador-zeze-perrela-perde-direitos-politicos","status":"publish","type":"post","link":"https:\/\/aconteceunovale.com.br\/portal\/?p=23745","title":{"rendered":"Senador Zez\u00e9 Perrela perde direitos pol\u00edticos"},"content":{"rendered":"<p>O senador Zez\u00e9 Perrella foi condenado pela Justi\u00e7a Federal a perda de fun\u00e7\u00e3o p\u00fablica e suspens\u00e3o de seus direitos pol\u00edticos por tr\u00eas anos. Segundo den\u00fancia do MPF-DF, Perrella teria permitido o uso de seu apartamento funcional da C\u00e2mara dos Deputados, durante e ap\u00f3s seu mandato como deputado federal (1999-2003), para seu ex-chefe de gabinete e para um ex-assessor.<\/p>\n<p>A autora da decis\u00e3o, ju\u00edza Diana Maria Wanderlei da Silva, da 2\u00aa Vara Federal do Maranh\u00e3o, considerou que &#8220;os princ\u00edpios da moralidade, legalidade e impessoalidade foram profundamente agredidos, uma vez que a autoriza\u00e7\u00e3o concedida aos parlamentares, a fim de residirem nos im\u00f3veis funcionais, est\u00e1 relacionada \u00e0s atribui\u00e7\u00f5es do agente p\u00fablico&#8221;.<\/p>\n<p>Al\u00e9m das penas relacionadas \u00e0 atua\u00e7\u00e3o pol\u00edtica, o parlamentar foi condenado a pagar multa de R$ 50 mil e fica proibido de contratar \u2013 tamb\u00e9m por tr\u00eas anos \u2013 com o poder p\u00fablico e receber, direta ou indiretamente, benef\u00edcios e incentivos fiscais ou credit\u00edcios. O MPF-DF, no entanto, ainda pede o ressarcimento de quase R$ 200 mil pelos supostos preju\u00edzos causados \u00e0 Uni\u00e3o.<\/p>\n<p>Perrella vai recorrer da decis\u00e3o.<\/p>\n","protected":false},"excerpt":{"rendered":"<p>O senador Zez\u00e9 Perrella foi condenado pela Justi\u00e7a Federal a perda de fun\u00e7\u00e3o p\u00fablica e suspens\u00e3o de seus direitos pol\u00edticos por tr\u00eas anos. Segundo den\u00fancia do MPF-DF, Perrella teria permitido o uso de seu apartamento funcional da C\u00e2mara dos Deputados, durante e ap\u00f3s seu mandato como deputado federal (1999-2003), para seu ex-chefe de gabinete e [&hellip;]<\/p>\n","protected":false},"author":1,"featured_media":23746,"comment_status":"open","ping_status":"closed","sticky":false,"template":"","format":"standard","meta":{"amp_status":"","footnotes":""},"categories":[123],"tags":[5528,5527],"class_list":["post-23745","post","type-post","status-publish","format-standard","has-post-thumbnail","hentry","category-gerais","tag-senador-zeze-perrela","tag-senador-zeze-perrela-perde-direitos-politicos"],"_links":{"self":[{"href":"https:\/\/aconteceunovale.com.br\/portal\/index.php?rest_route=\/wp\/v2\/posts\/23745","targetHints":{"allow":["GET"]}}],"collection":[{"href":"https:\/\/aconteceunovale.com.br\/portal\/index.php?rest_route=\/wp\/v2\/posts"}],"about":[{"href":"https:\/\/aconteceunovale.com.br\/portal\/index.php?rest_route=\/wp\/v2\/types\/post"}],"author":[{"embeddable":true,"href":"https:\/\/aconteceunovale.com.br\/portal\/index.php?rest_route=\/wp\/v2\/users\/1"}],"replies":[{"embeddable":true,"href":"https:\/\/aconteceunovale.com.br\/portal\/index.php?rest_route=%2Fwp%2Fv2%2Fcomments&post=23745"}],"version-history":[{"count":0,"href":"https:\/\/aconteceunovale.com.br\/portal\/index.php?rest_route=\/wp\/v2\/posts\/23745\/revisions"}],"wp:featuredmedia":[{"embeddable":true,"href":"https:\/\/aconteceunovale.com.br\/portal\/index.php?rest_route=\/wp\/v2\/media\/23746"}],"wp:attachment":[{"href":"https:\/\/aconteceunovale.com.br\/portal\/index.php?rest_route=%2Fwp%2Fv2%2Fmedia&parent=23745"}],"wp:term":[{"taxonomy":"category","embeddable":true,"href":"https:\/\/aconteceunovale.com.br\/portal\/index.php?rest_route=%2Fwp%2Fv2%2Fcategories&post=23745"},{"taxonomy":"post_tag","embeddable":true,"href":"https:\/\/aconteceunovale.com.br\/portal\/index.php?rest_route=%2Fwp%2Fv2%2Ftags&post=23745"}],"curies":[{"name":"wp","href":"https:\/\/api.w.org\/{rel}","templated":true}]}}