{"id":23742,"date":"2014-03-14T10:20:44","date_gmt":"2014-03-14T13:20:44","guid":{"rendered":"http:\/\/aconteceunovale.com.br\/portal\/?p=23742"},"modified":"2014-03-14T10:20:50","modified_gmt":"2014-03-14T13:20:50","slug":"comeca-o-parlamento-jovem-2014-em-capelinha","status":"publish","type":"post","link":"https:\/\/aconteceunovale.com.br\/portal\/?p=23742","title":{"rendered":"Come\u00e7a o Parlamento Jovem 2014 em Capelinha"},"content":{"rendered":"<p>Na \u00faltima quarta feira, dia 12 de mar\u00e7o, aconteceu no Plen\u00e1rio da C\u00e2mara Municipal de Capelinha, o lan\u00e7amento oficial do Parlamento Jovem 2014, que \u00e9 um programa de forma\u00e7\u00e3o pol\u00edtica, destinada aos estudantes do ensino m\u00e9dio dos munic\u00edpios mineiros, com a inten\u00e7\u00e3o de proporcionar aos jovens uma oportunidade de exerc\u00edcio de participa\u00e7\u00e3o no Parlamento. <\/p>\n<p>Desde 2004, a Assembleia Legislativa de Minas Gerais realiza o projeto Parlamento Jovem.<\/p>\n<p>Capelinha j\u00e1 participou v\u00e1rias vezes do projeto mobilizando escolas, alunos, professores, v\u00e1rias organiza\u00e7\u00f5es da sociedade civil e os monitores que se unem para viabilizar o projeto, formando assim, uma extensa rede de educa\u00e7\u00e3o legislativa em todo o Estado. <\/p>\n<p>Durante a reuni\u00e3o o lan\u00e7amento oficial do Parlamento Jovem 2014, nessa quarta feira, foi apresentado o projeto detalhado, incluindo o calend\u00e1rio de oficinas que ser\u00e3o realizadas toda quarta feira, conforme orienta\u00e7\u00f5es da ALMG. <\/p>\n<p><img decoding=\"async\" src=\"http:\/\/aconteceunovale.com.br\/portal\/wp-content\/uploads\/2014\/03\/parlamento_jovem_cap_2014.jpg\" alt=\"\" \/><\/p>\n<p><em>(Capelinha.net)<\/em><\/p>\n","protected":false},"excerpt":{"rendered":"<p>Na \u00faltima quarta feira, dia 12 de mar\u00e7o, aconteceu no Plen\u00e1rio da C\u00e2mara Municipal de Capelinha, o lan\u00e7amento oficial do Parlamento Jovem 2014, que \u00e9 um programa de forma\u00e7\u00e3o pol\u00edtica, destinada aos estudantes do ensino m\u00e9dio dos munic\u00edpios mineiros, com a inten\u00e7\u00e3o de proporcionar aos jovens uma oportunidade de exerc\u00edcio de participa\u00e7\u00e3o no Parlamento. Desde [&hellip;]<\/p>\n","protected":false},"author":1,"featured_media":23743,"comment_status":"open","ping_status":"closed","sticky":false,"template":"","format":"standard","meta":{"amp_status":"","footnotes":""},"categories":[120],"tags":[132,5526],"class_list":["post-23742","post","type-post","status-publish","format-standard","has-post-thumbnail","hentry","category-jequi","tag-capelinha","tag-comeca-o-parlamento-jovem-2014-em-capelinha"],"_links":{"self":[{"href":"https:\/\/aconteceunovale.com.br\/portal\/index.php?rest_route=\/wp\/v2\/posts\/23742","targetHints":{"allow":["GET"]}}],"collection":[{"href":"https:\/\/aconteceunovale.com.br\/portal\/index.php?rest_route=\/wp\/v2\/posts"}],"about":[{"href":"https:\/\/aconteceunovale.com.br\/portal\/index.php?rest_route=\/wp\/v2\/types\/post"}],"author":[{"embeddable":true,"href":"https:\/\/aconteceunovale.com.br\/portal\/index.php?rest_route=\/wp\/v2\/users\/1"}],"replies":[{"embeddable":true,"href":"https:\/\/aconteceunovale.com.br\/portal\/index.php?rest_route=%2Fwp%2Fv2%2Fcomments&post=23742"}],"version-history":[{"count":0,"href":"https:\/\/aconteceunovale.com.br\/portal\/index.php?rest_route=\/wp\/v2\/posts\/23742\/revisions"}],"wp:featuredmedia":[{"embeddable":true,"href":"https:\/\/aconteceunovale.com.br\/portal\/index.php?rest_route=\/wp\/v2\/media\/23743"}],"wp:attachment":[{"href":"https:\/\/aconteceunovale.com.br\/portal\/index.php?rest_route=%2Fwp%2Fv2%2Fmedia&parent=23742"}],"wp:term":[{"taxonomy":"category","embeddable":true,"href":"https:\/\/aconteceunovale.com.br\/portal\/index.php?rest_route=%2Fwp%2Fv2%2Fcategories&post=23742"},{"taxonomy":"post_tag","embeddable":true,"href":"https:\/\/aconteceunovale.com.br\/portal\/index.php?rest_route=%2Fwp%2Fv2%2Ftags&post=23742"}],"curies":[{"name":"wp","href":"https:\/\/api.w.org\/{rel}","templated":true}]}}