{"id":23731,"date":"2014-03-14T09:59:16","date_gmt":"2014-03-14T12:59:16","guid":{"rendered":"http:\/\/aconteceunovale.com.br\/portal\/?p=23731"},"modified":"2014-03-14T10:07:13","modified_gmt":"2014-03-14T13:07:13","slug":"rodovia-entre-ijicatu-e-virgem-da-lapa-fica-fora-do-pacote-anunciado-pelo-governo-de-minas","status":"publish","type":"post","link":"https:\/\/aconteceunovale.com.br\/portal\/?p=23731","title":{"rendered":"Rodovia entre Ijicatu e Virgem da Lapa fica fora do pacote anunciado pelo governo de Minas"},"content":{"rendered":"<p>\u00c0s v\u00e9speras de deixar o governo para ser candidato a senador, o governador de Minas, Antonio Anastasia n\u00e3o incluiu a autoriza\u00e7\u00e3o para licitar as obras de asfaltamento de um trecho de 41 km da LMG-677, que liga Virgem da Lapa a Ijicatu, no Vale do Jequitinhonha. A estrada \u00e9 interligada \u00e0 BR-367 que liga Diamantina \u00e0 Porto Seguro, na Bahia.<\/p>\n<p>O projeto de engenharia, necess\u00e1rio para licitar a obra de asfaltamento j\u00e1 est\u00e1 pronto e foi entregue ao DER.<\/p>\n<p>Nesta quinta-feira (13\/03), Antonio Anastasia anunciou, no Pal\u00e1cio Tiradentes, na Cidade Administrativa, em Belo Horizonte, o in\u00edcio de um conjunto de a\u00e7\u00f5es do programa Caminhos de Minas em diversos trechos rodovi\u00e1rios em todas as regi\u00f5es do Estado.<\/p>\n<p>O governador autorizou a abertura de licita\u00e7\u00f5es de obras de asfaltamento e melhorias em 37 trechos, totalizando 1.248 quil\u00f4metros e investimento de R$ 2,04 bilh\u00f5es.<\/p>\n<p>Para o Vale do Jequitinhonha foi autorizado apenas as obras de asfaltamento de um trecho de 50 km ligando Capelinha a Setubinha, no valor de R$ 70 milh\u00f5es.<\/p>\n<p>Na mesma cerim\u00f4nia, o governador deu ordem de in\u00edcio para elabora\u00e7\u00e3o de projetos de engenharia para 54 trechos, correspondentes a 1.487 quil\u00f4metros.<\/p>\n<p>Neste quesito foram inclu\u00eddos apenas os trechos, Capelinha a Itamarandiba com extens\u00e3o de 52 km e Itamarandiba a Senador Modestino, trecho de 47 km.<\/p>\n<p>Ficaram de fora os trechos de Coronel Murta ao entrocamento da LMG-677 e Chapada do Norte, via distrito de Santa Rita, ao entrocamento da LMG-677, que \u00e9 a mesma estrada que liga Virgem da Lapa a Ijicatu.<\/p>\n<p>A estimativa de investimento \u00e9 de R$ 80 milh\u00f5es na elabora\u00e7\u00e3o dos projetos.<\/p>\n<p>O governador autorizou, ainda, a abertura de licita\u00e7\u00f5es para elabora\u00e7\u00e3o de projetos de engenharia, com estimativa de investimento de R$ 22,5 milh\u00f5es, em dez trechos do Caminhos de Minas, totalizando 415 quil\u00f4metros.<\/p>\n<p>Antonio Anastasia tamb\u00e9m deu ordem de in\u00edcio para obra de melhoramento do acesso secund\u00e1rio \u00e0 cidade de Ita\u00fana, no Centro-Oeste do Estado, com 1,2 quil\u00f4metro de extens\u00e3o e investimento de R$ 5 milh\u00f5es.<\/p>\n<p>O governador ressaltou que sem uma infraestrutura eficiente para escoar a produ\u00e7\u00e3o, de nada adiantar\u00e1, por exemplo, uma safra recorde de agricultura e uma produ\u00e7\u00e3o industrial ou mineral pujante.<\/p>\n<p>\u201cA abertura de estradas significa amplia\u00e7\u00e3o da mobilidade, a valoriza\u00e7\u00e3o da propriedade, o escoamento da produ\u00e7\u00e3o, a melhoria da educa\u00e7\u00e3o atrav\u00e9s do acesso da zona rural, da regi\u00e3o beneficiada pelo asfalto, \u00e0s sedes das cidades. Isso significa redu\u00e7\u00e3o do custo de vida pela queda do valor do frete e do transporte. O Caminhos de Minas veio dar sequ\u00eancia ao ProAcesso e se unir ao ProMG exatamente com o objetivo de estabelecermos liga\u00e7\u00f5es de asfalto t\u00e3o importantes\u201d, disse Anastasia.<\/p>\n<p>O prefeito de Divin\u00f3polis (Centro-Oeste), Vladimir Azevedo, falou em nome dos prefeitos presentes e afirmou que o programa proporcionar\u00e1 diversos ganhos para a popula\u00e7\u00e3o.<\/p>\n<p>Tamb\u00e9m participaram da solenidade o vice-governador Alberto Pinto Coelho, secret\u00e1rios de Estado, parlamentares e prefeitos mineiros.<\/p>\n<h3><strong>Caminhos de Minas<\/strong><\/h3>\n<p>Lan\u00e7ado pelo Governo do Estado em 2010, o programa tem como objetivo ampliar e melhorar a infraestrutura log\u00edstica dos munic\u00edpios e regi\u00f5es.<\/p>\n<p>Para o governo, trata-se do maior programa rodovi\u00e1rio da hist\u00f3ria de Minas Gerais, envolvendo a implanta\u00e7\u00e3o de cerca de oito mil novos quil\u00f4metros de rodovias, distribu\u00eddos por 247 trechos, beneficiando diretamente 307 munic\u00edpios e 7,3 milh\u00f5es de mineiros.<\/p>\n<p><a href=\"http:\/\/aconteceunovale.com.br\/portal\/wp-content\/uploads\/2014\/03\/autorizado_licitacao_asfalto_mg.pdf\" target=\"_blank\"><strong>Confira a lista dos munic\u00edpios beneficiados e detalhes dos investimentos<\/strong><\/a><\/p>\n<p><img decoding=\"async\" src=\"http:\/\/aconteceunovale.com.br\/portal\/wp-content\/uploads\/2014\/03\/asfaltamento_ijicatu_leliveldia_fora_caminhos_de_minas.jpg\" alt=\"\" \/><\/p>\n<p><em>(Via Gazeta de Ara\u00e7ua\u00ed)<\/em><\/p>\n","protected":false},"excerpt":{"rendered":"<p>\u00c0s v\u00e9speras de deixar o governo para ser candidato a senador, o governador de Minas, Antonio Anastasia n\u00e3o incluiu a autoriza\u00e7\u00e3o para licitar as obras de asfaltamento de um trecho de 41 km da LMG-677, que liga Virgem da Lapa a Ijicatu, no Vale do Jequitinhonha. A estrada \u00e9 interligada \u00e0 BR-367 que liga Diamantina [&hellip;]<\/p>\n","protected":false},"author":1,"featured_media":23735,"comment_status":"open","ping_status":"closed","sticky":false,"template":"","format":"standard","meta":{"amp_status":"","footnotes":""},"categories":[120],"tags":[5523,1018,3172,917,5522,482],"class_list":["post-23731","post","type-post","status-publish","format-standard","has-post-thumbnail","hentry","category-jequi","tag-caminhos-de-minas","tag-destaque","tag-ijicatu","tag-jose-goncalves-de-minas","tag-rodovia-entre-ijicatu-e-virgem-da-lapa-fica-fora-do-pacote-anunciado-pelo-governo-de-minas","tag-virgem-da-lapa"],"_links":{"self":[{"href":"https:\/\/aconteceunovale.com.br\/portal\/index.php?rest_route=\/wp\/v2\/posts\/23731","targetHints":{"allow":["GET"]}}],"collection":[{"href":"https:\/\/aconteceunovale.com.br\/portal\/index.php?rest_route=\/wp\/v2\/posts"}],"about":[{"href":"https:\/\/aconteceunovale.com.br\/portal\/index.php?rest_route=\/wp\/v2\/types\/post"}],"author":[{"embeddable":true,"href":"https:\/\/aconteceunovale.com.br\/portal\/index.php?rest_route=\/wp\/v2\/users\/1"}],"replies":[{"embeddable":true,"href":"https:\/\/aconteceunovale.com.br\/portal\/index.php?rest_route=%2Fwp%2Fv2%2Fcomments&post=23731"}],"version-history":[{"count":0,"href":"https:\/\/aconteceunovale.com.br\/portal\/index.php?rest_route=\/wp\/v2\/posts\/23731\/revisions"}],"wp:featuredmedia":[{"embeddable":true,"href":"https:\/\/aconteceunovale.com.br\/portal\/index.php?rest_route=\/wp\/v2\/media\/23735"}],"wp:attachment":[{"href":"https:\/\/aconteceunovale.com.br\/portal\/index.php?rest_route=%2Fwp%2Fv2%2Fmedia&parent=23731"}],"wp:term":[{"taxonomy":"category","embeddable":true,"href":"https:\/\/aconteceunovale.com.br\/portal\/index.php?rest_route=%2Fwp%2Fv2%2Fcategories&post=23731"},{"taxonomy":"post_tag","embeddable":true,"href":"https:\/\/aconteceunovale.com.br\/portal\/index.php?rest_route=%2Fwp%2Fv2%2Ftags&post=23731"}],"curies":[{"name":"wp","href":"https:\/\/api.w.org\/{rel}","templated":true}]}}