{"id":23723,"date":"2014-03-14T09:26:57","date_gmt":"2014-03-14T12:26:57","guid":{"rendered":"http:\/\/aconteceunovale.com.br\/portal\/?p=23723"},"modified":"2014-03-14T09:26:57","modified_gmt":"2014-03-14T12:26:57","slug":"doze-medicos-cubanos-chegam-a-valadares","status":"publish","type":"post","link":"https:\/\/aconteceunovale.com.br\/portal\/?p=23723","title":{"rendered":"Doze m\u00e9dicos cubanos chegam a Valadares"},"content":{"rendered":"<h3><strong>Eles v\u00eam para participar do Programa Mais M\u00e9dicos. Por n\u00e3o estarem familiarizados com a situa\u00e7\u00e3o da sa\u00fade na cidade, os profissionais passar\u00e3o por treinamento.<\/strong><\/h3>\n<p><img decoding=\"async\" src=\"http:\/\/aconteceunovale.com.br\/portal\/wp-content\/uploads\/2014\/03\/12_medicos_cubanos_gv_13.jpg\" alt=\"\" \/><br \/>\n<em>(Foto: Ant\u00f4nio Cota)<\/em><\/p>\n<p>Foram recebidos na tarde desta quinta-feira, 13, em solenidade na Galeria Monhangara, 12 m\u00e9dicos cubanos que vieram para participar do Programa Mais M\u00e9dicos. S\u00e3o 11 m\u00e9dicas e um m\u00e9dico para completar uma equipe cujo trabalho ser\u00e1 na melhoria da aten\u00e7\u00e3o prim\u00e1ria para Valadares e seus distritos.<\/p>\n<p>O secret\u00e1rio municipal de sa\u00fade, Renato Fraga, presente na cerim\u00f4nia, ressaltou que a chegada dos m\u00e9dicos cubanos \u00e0 cidade \u00e9 um momento significativo para Valadares. \u201cCerca de 70% das pessoas que procuram a aten\u00e7\u00e3o terci\u00e1ria, ou seja, em um hospital, n\u00e3o precisam daquele atendimento. S\u00e3o problemas que poderiam ser resolvidos com a aten\u00e7\u00e3o prim\u00e1ria\u201d, explicou.<\/p>\n<p>A prefeita Elisa Costa lembrou a import\u00e2ncia de ter a aten\u00e7\u00e3o prim\u00e1ria como prioridade. \u201cFazendo a mudan\u00e7a necess\u00e1ria para que a aten\u00e7\u00e3o b\u00e1sica seja mais presente na vida dos valadarenses vamos fazer uma sa\u00fade de qualidade\u201d, disse ela, mencionando o Provab, o Programa de Valoriza\u00e7\u00e3o do Profissional da Aten\u00e7\u00e3o B\u00e1sica. \u201cDesde 2011, n\u00f3s integramos o Provab; em seguida, quando a presidenta Dilma, junto ao Minist\u00e9rio da Sa\u00fade, anunciou o Mais M\u00e9dicos, n\u00f3s tamb\u00e9m aderimos. Ent\u00e3o s\u00e3o os dois programas que trazemos para a sa\u00fade de Valadares\u201d, lembrou.<\/p>\n<p>De acordo com a prefeita, h\u00e1 m\u00e9dicos que estavam inscritos do Provab e agora est\u00e3o migrando para o Mais M\u00e9dicos. \u201cCom esses profissionais n\u00f3s vamos melhorar, com certeza, a presen\u00e7a da sa\u00fade na vida das pessoas nos bairros da nossa cidade e tamb\u00e9m nos distritos; vamos dar mais qualidade, melhor aten\u00e7\u00e3o, mais tempo dedicado \u00e0 sa\u00fade p\u00fablica para garantir a preven\u00e7\u00e3o e promo\u00e7\u00e3o da sa\u00fade\u201d, concluiu.<\/p>\n<p>O secret\u00e1rio Renato Fraga comentou que s\u00e3o, no total, 52 m\u00e9dicos dos dois programas de sa\u00fade. \u201cCom esses m\u00e9dicos n\u00f3s vamos aumentar nossa cobertura \u00e0 popula\u00e7\u00e3o em cerca de 10%; estamos com 50% de cobertura e vamos ter 60%\u201d, explicou.<br \/>\nPor n\u00e3o estarem familiarizados com a situa\u00e7\u00e3o da sa\u00fade em Governador Valadares, os m\u00e9dicos estrangeiros primeiramente passar\u00e3o por treinamento para se inteirarem de doen\u00e7as como a dengue, a leishmaniose, a tuberculose e a hansen\u00edase, que t\u00eam grande incid\u00eancia no munic\u00edpio. <em>(Di\u00e1rio do Rio Doce)<\/em><\/p>\n","protected":false},"excerpt":{"rendered":"<p>Eles v\u00eam para participar do Programa Mais M\u00e9dicos. Por n\u00e3o estarem familiarizados com a situa\u00e7\u00e3o da sa\u00fade na cidade, os profissionais passar\u00e3o por treinamento. (Foto: Ant\u00f4nio Cota) Foram recebidos na tarde desta quinta-feira, 13, em solenidade na Galeria Monhangara, 12 m\u00e9dicos cubanos que vieram para participar do Programa Mais M\u00e9dicos. S\u00e3o 11 m\u00e9dicas e um [&hellip;]<\/p>\n","protected":false},"author":1,"featured_media":23724,"comment_status":"open","ping_status":"closed","sticky":false,"template":"","format":"standard","meta":{"amp_status":"","footnotes":""},"categories":[121],"tags":[5518,247],"class_list":["post-23723","post","type-post","status-publish","format-standard","has-post-thumbnail","hentry","category-leste","tag-doze-medicos-cubanos-chegam-a-valadares","tag-governador-valadares"],"_links":{"self":[{"href":"https:\/\/aconteceunovale.com.br\/portal\/index.php?rest_route=\/wp\/v2\/posts\/23723","targetHints":{"allow":["GET"]}}],"collection":[{"href":"https:\/\/aconteceunovale.com.br\/portal\/index.php?rest_route=\/wp\/v2\/posts"}],"about":[{"href":"https:\/\/aconteceunovale.com.br\/portal\/index.php?rest_route=\/wp\/v2\/types\/post"}],"author":[{"embeddable":true,"href":"https:\/\/aconteceunovale.com.br\/portal\/index.php?rest_route=\/wp\/v2\/users\/1"}],"replies":[{"embeddable":true,"href":"https:\/\/aconteceunovale.com.br\/portal\/index.php?rest_route=%2Fwp%2Fv2%2Fcomments&post=23723"}],"version-history":[{"count":0,"href":"https:\/\/aconteceunovale.com.br\/portal\/index.php?rest_route=\/wp\/v2\/posts\/23723\/revisions"}],"wp:featuredmedia":[{"embeddable":true,"href":"https:\/\/aconteceunovale.com.br\/portal\/index.php?rest_route=\/wp\/v2\/media\/23724"}],"wp:attachment":[{"href":"https:\/\/aconteceunovale.com.br\/portal\/index.php?rest_route=%2Fwp%2Fv2%2Fmedia&parent=23723"}],"wp:term":[{"taxonomy":"category","embeddable":true,"href":"https:\/\/aconteceunovale.com.br\/portal\/index.php?rest_route=%2Fwp%2Fv2%2Fcategories&post=23723"},{"taxonomy":"post_tag","embeddable":true,"href":"https:\/\/aconteceunovale.com.br\/portal\/index.php?rest_route=%2Fwp%2Fv2%2Ftags&post=23723"}],"curies":[{"name":"wp","href":"https:\/\/api.w.org\/{rel}","templated":true}]}}