{"id":23700,"date":"2014-03-13T23:09:55","date_gmt":"2014-03-14T02:09:55","guid":{"rendered":"http:\/\/aconteceunovale.com.br\/portal\/?p=23700"},"modified":"2014-03-13T23:09:55","modified_gmt":"2014-03-14T02:09:55","slug":"homem-e-assassinado-com-tiro-na-cabeca-em-valadares","status":"publish","type":"post","link":"https:\/\/aconteceunovale.com.br\/portal\/?p=23700","title":{"rendered":"Homem \u00e9 assassinado com tiro na cabe\u00e7a em Valadares"},"content":{"rendered":"<h3><strong>O crime ocorreu no bairro Jardim Alice. Jos\u00e9 Fernandes de Souza, de 42 anos, morreu no local. Foi o 31\u00ba homic\u00eddio do ano na cidade.<\/strong><\/h3>\n<p><img decoding=\"async\" src=\"http:\/\/aconteceunovale.com.br\/portal\/wp-content\/uploads\/2014\/03\/homem_assasinado_gv_12.jpg\" alt=\"\" \/><br \/>\n<em>(Foto: Roberto Higino\/Caso de Pol\u00edcia)<\/em><\/p>\n<p>Um homem foi assassinado na noite da \u00faltima quarta-feira, 12, quando passava de bicicleta pela rua Regino de Oliveira, no bairro Jardim Alice. Jos\u00e9 Fernandes de Souza, de 42 anos, morreu no local. Com este s\u00e3o 31 homic\u00eddios na cidade este ano.<\/p>\n<p>De acordo com as informa\u00e7\u00f5es contidas no Boletim de Ocorr\u00eancia (BO), a pol\u00edcia foi informada de que na rua Regino de Oliveira havia uma v\u00edtima de homic\u00eddio e que os autores seriam duas pessoas que estavam em uma motocicleta Twister amarela. No local, Jos\u00e9 de Souza estava ca\u00eddo no ch\u00e3o, aparentemente j\u00e1 sem vida.<\/p>\n<p>De imediato uma ambul\u00e2ncia do Samu foi acionada e confirmou-se o \u00f3bito da v\u00edtima. Um perito constatou uma perfura\u00e7\u00e3o na cabe\u00e7a do homem. O corpo foi encaminhado ao Posto de Per\u00edcia Integrada (PPI). (Di\u00e1rio do Rio Doce)<\/p>\n","protected":false},"excerpt":{"rendered":"<p>O crime ocorreu no bairro Jardim Alice. Jos\u00e9 Fernandes de Souza, de 42 anos, morreu no local. Foi o 31\u00ba homic\u00eddio do ano na cidade. (Foto: Roberto Higino\/Caso de Pol\u00edcia) Um homem foi assassinado na noite da \u00faltima quarta-feira, 12, quando passava de bicicleta pela rua Regino de Oliveira, no bairro Jardim Alice. Jos\u00e9 Fernandes [&hellip;]<\/p>\n","protected":false},"author":1,"featured_media":23701,"comment_status":"open","ping_status":"closed","sticky":false,"template":"","format":"standard","meta":{"amp_status":"","footnotes":""},"categories":[121],"tags":[247,5509],"class_list":["post-23700","post","type-post","status-publish","format-standard","has-post-thumbnail","hentry","category-leste","tag-governador-valadares","tag-homem-e-assassinado-com-tiro-na-cabeca-em-valadares"],"_links":{"self":[{"href":"https:\/\/aconteceunovale.com.br\/portal\/index.php?rest_route=\/wp\/v2\/posts\/23700","targetHints":{"allow":["GET"]}}],"collection":[{"href":"https:\/\/aconteceunovale.com.br\/portal\/index.php?rest_route=\/wp\/v2\/posts"}],"about":[{"href":"https:\/\/aconteceunovale.com.br\/portal\/index.php?rest_route=\/wp\/v2\/types\/post"}],"author":[{"embeddable":true,"href":"https:\/\/aconteceunovale.com.br\/portal\/index.php?rest_route=\/wp\/v2\/users\/1"}],"replies":[{"embeddable":true,"href":"https:\/\/aconteceunovale.com.br\/portal\/index.php?rest_route=%2Fwp%2Fv2%2Fcomments&post=23700"}],"version-history":[{"count":0,"href":"https:\/\/aconteceunovale.com.br\/portal\/index.php?rest_route=\/wp\/v2\/posts\/23700\/revisions"}],"wp:featuredmedia":[{"embeddable":true,"href":"https:\/\/aconteceunovale.com.br\/portal\/index.php?rest_route=\/wp\/v2\/media\/23701"}],"wp:attachment":[{"href":"https:\/\/aconteceunovale.com.br\/portal\/index.php?rest_route=%2Fwp%2Fv2%2Fmedia&parent=23700"}],"wp:term":[{"taxonomy":"category","embeddable":true,"href":"https:\/\/aconteceunovale.com.br\/portal\/index.php?rest_route=%2Fwp%2Fv2%2Fcategories&post=23700"},{"taxonomy":"post_tag","embeddable":true,"href":"https:\/\/aconteceunovale.com.br\/portal\/index.php?rest_route=%2Fwp%2Fv2%2Ftags&post=23700"}],"curies":[{"name":"wp","href":"https:\/\/api.w.org\/{rel}","templated":true}]}}