{"id":23696,"date":"2014-03-13T23:02:04","date_gmt":"2014-03-14T02:02:04","guid":{"rendered":"http:\/\/aconteceunovale.com.br\/portal\/?p=23696"},"modified":"2014-03-13T23:02:55","modified_gmt":"2014-03-14T02:02:55","slug":"governador-valadares-ganha-novo-centro-de-prevencao-a-criminalidade","status":"publish","type":"post","link":"https:\/\/aconteceunovale.com.br\/portal\/?p=23696","title":{"rendered":"Governador Valadares ganha novo Centro de Preven\u00e7\u00e3o \u00e0 Criminalidade"},"content":{"rendered":"<h3><strong>Equipamento p\u00fablico \u00e9 o terceiro no munic\u00edpio e conta com os programas Fica Vivo e Media\u00e7\u00e3o de Conflitos<\/strong><\/h3>\n<p><img decoding=\"async\" src=\"http:\/\/aconteceunovale.com.br\/portal\/wp-content\/uploads\/2014\/03\/governador-valadares-ganha-novo-centro-de-prevencao-a-criminalidade.jpg\" alt=\"\" \/><br \/>\n<em><strong>Inaugura\u00e7\u00e3o de mais um Centro de Preven\u00e7\u00e3o \u00e0 Criminalidade em Governador Valadares &#8211; Foto: L\u00edvia Machado\/SEDS<\/strong><\/em><\/p>\n<p>O munic\u00edpio de Governador Valadares, na regi\u00e3o do Rio Doce, ganhou nesta quinta-feira (13) um novo Centro de Preven\u00e7\u00e3o \u00e0 Criminalidade (CPC) com os programas Fica Vivo e Media\u00e7\u00e3o de Conflitos. O CPC atender\u00e1 as comunidades dos bairros Santa Helena, Santa Efig\u00eania e Carapina.<\/p>\n<p>O centro est\u00e1 localizado em um im\u00f3vel alugado pela prefeitura, no bairro Santa Helena. Na sede h\u00e1 salas espec\u00edficas para atendimento do programa Media\u00e7\u00e3o de Conflitos, salas de reuni\u00f5es e para trabalho das equipes e um espa\u00e7o para atividades externas. Este \u00e9 o terceiro equipamento p\u00fablico da Coordenadoria de Preven\u00e7\u00e3o \u00e0 Criminalidade da Secretaria de Estado de Defesa Social (Seds) instalado no munic\u00edpio. Antes de o p\u00fablico come\u00e7ar a ser atendido, ser\u00e1 realizado um diagn\u00f3stico que envolve mapeamento da rede de institui\u00e7\u00f5es locais, contato com as lideran\u00e7as comunit\u00e1rias e estudo das principais demandas e caracter\u00edsticas da comunidade.<\/p>\n<p>O secret\u00e1rio de Estado de Defesa Social, R\u00f4mulo Ferraz, ressaltou a redu\u00e7\u00e3o dos \u00edndices de homic\u00eddio em Governador Valadares em 2013 em compara\u00e7\u00e3o com o ano anterior e a import\u00e2ncia das interven\u00e7\u00f5es sociais para se chegar a esses resultados. \u201cDas cidades grandes, Valadares \u00e9 a que est\u00e1 em melhor condi\u00e7\u00e3o em rela\u00e7\u00e3o \u00e0 redu\u00e7\u00e3o das estat\u00edsticas. A pol\u00edtica de preven\u00e7\u00e3o \u00e9 t\u00e3o ou mais importante que a atua\u00e7\u00e3o repressiva por parte das pol\u00edcias\u201d, avaliou.<\/p>\n<p>Para o coordenador Especial de Preven\u00e7\u00e3o \u00e0 Criminalidade da Seds, Talles Andrade, a parceria entre diversas institui\u00e7\u00f5es \u00e9 fundamental para a realiza\u00e7\u00e3o da pol\u00edtica preventiva. \u201cO enfrentamento \u00e0 criminalidade \u00e9 feito atrav\u00e9s de uma atua\u00e7\u00e3o integrada. Para combater, \u00e9 preciso intensificar as a\u00e7\u00f5es de prote\u00e7\u00e3o social\u201d, afirmou.<\/p>\n<p><strong><\/p>\n<h3>Exemplo<\/h3>\n<p><\/strong><\/p>\n<p>Governador Valadares j\u00e1 conta com um Centro de Preven\u00e7\u00e3o \u00e0 Criminalidade no bairro Turmalina que atende, em m\u00e9dia, 594 jovens por m\u00eas por meio do Programa Fica Vivo e j\u00e1 realizou mais de 8.500 atendimentos pelo programa Media\u00e7\u00e3o de Conflitos. Breno Ribeiro da Silva, de 17 anos, frequenta as oficinas de musica do Fica Vivo no bairro Turmalina desde 2009. Uma vez por semana, ele se re\u00fane com outros jovens para aprender m\u00fasica. Ele j\u00e1 fez aulas de viol\u00e3o, violino e saxofone e pensa, no futuro, em fazer faculdade de m\u00fasica. \u201cAntes eu n\u00e3o tocava nada, agora sou o que mais toco na igreja. Nas oficinas aprendo teoria, ritmos, dedilhado e aprendo, tamb\u00e9m, que m\u00fasico precisa ser disciplinado\u201d, conta. Em Governador Valadares h\u00e1, ainda, uma Central de Alternativas Penais e Inclus\u00e3o de Egressos que funciona no Centro da cidade.<\/p>\n<p>A prefeita municipal, Elisa Costa, ressaltou que as comunidades necessitam da presen\u00e7a de a\u00e7\u00f5es preventivas. \u201cAs pol\u00edticas p\u00fablicas precisam chegar antes da viol\u00eancia para cuidar de nossos jovens\u201d, disse. Ela tamb\u00e9m defendeu a import\u00e2ncia de se instituir, em Governador Valadares, uma cultura de paz, para que pequenas desaven\u00e7as n\u00e3o se transformem em motivo para que as pessoas tirem a vida uma das outras.<\/p>\n<p>Al\u00e9m do secret\u00e1rio de Defesa Social e da prefeita, estiveram presentes na solenidade o comandante-geral da Pol\u00edcia Militar, coronel M\u00e1rcio Martins Sant\u00b4anna e o deputado estadual, Jos\u00e9 Bonif\u00e1cio Mour\u00e3o, entre outras autoridades.<\/p>\n<h3><strong>Programas<\/strong><\/h3>\n<p>O objetivo do programa Media\u00e7\u00e3o de Conflitos \u00e9 empreender a\u00e7\u00f5es de media\u00e7\u00f5es de conflitos, orienta\u00e7\u00f5es s\u00f3cio jur\u00eddicas, articula\u00e7\u00e3o e fomento \u00e0 organiza\u00e7\u00e3o em comunidade e institucional. O programa agrega valores ao capital social e possibilita a administra\u00e7\u00e3o de conflitos potenciais e concretos, evitando que eles sejam propulsores de situa\u00e7\u00f5es violentas e delituosas.<\/p>\n<p>O Media\u00e7\u00e3o de Conflitos \u00e9 desenvolvido em regi\u00f5es de Minas Gerais com altas taxas de criminalidade violenta e, desde que foi criado, j\u00e1 realizou mais de 160 mil atendimentos. O programa, uma pol\u00edtica p\u00fablica de recorte territorial e comunit\u00e1rio, integra o N\u00facleo de Resolu\u00e7\u00e3o Pac\u00edfica de Conflitos, que desenvolve instrumentos para a minimiza\u00e7\u00e3o dos riscos sociais, a redu\u00e7\u00e3o das vulnerabilidades e o enfrentamento \u00e0s viol\u00eancias. A din\u00e2mica de seu funcionamento tem car\u00e1ter participativo, dial\u00f3gico e inovador, possibilitando a abertura de novos mecanismos de acesso \u00e0 Justi\u00e7a e de transforma\u00e7\u00e3o sociopol\u00edtica.<\/p>\n<p>O programa Fica Vivo! tem por objetivo controlar e prevenir a ocorr\u00eancia de homic\u00eddios dolosos em \u00e1reas com altos \u00edndices de criminalidade violenta em Minas Gerais, melhorando a qualidade de vida da popula\u00e7\u00e3o. Criado em 2003, o programa faz acompanhamento especializado e oferece cerca de 600 oficinas voltadas para o esporte, a arte e a cultura para jovens de 12 a 24 anos em situa\u00e7\u00e3o de risco social.<\/p>\n<p>Desde sua cria\u00e7\u00e3o, o Fica Vivo realizou, em m\u00e9dia, 13 mil atendimentos por ano, reduzindo em at\u00e9 50% os \u00edndices de homic\u00eddio nas regi\u00f5es que abrange. As oficinas s\u00e3o estrat\u00e9gias de aproxima\u00e7\u00e3o e atendimento aos jovens articuladas \u00e0s caracter\u00edsticas das \u00e1reas atendidas, tais como aspectos criminais, culturais, sociais, hist\u00f3ricos e geogr\u00e1ficos. Elas s\u00e3o implantadas em diferentes locais das \u00e1reas de abrang\u00eancia do Centro de Preven\u00e7\u00e3o \u00e0 Criminalidade, articulando aspectos da singularidade do jovem e o acesso aos direitos sociais. <\/p>\n","protected":false},"excerpt":{"rendered":"<p>Equipamento p\u00fablico \u00e9 o terceiro no munic\u00edpio e conta com os programas Fica Vivo e Media\u00e7\u00e3o de Conflitos Inaugura\u00e7\u00e3o de mais um Centro de Preven\u00e7\u00e3o \u00e0 Criminalidade em Governador Valadares &#8211; Foto: L\u00edvia Machado\/SEDS O munic\u00edpio de Governador Valadares, na regi\u00e3o do Rio Doce, ganhou nesta quinta-feira (13) um novo Centro de Preven\u00e7\u00e3o \u00e0 Criminalidade [&hellip;]<\/p>\n","protected":false},"author":1,"featured_media":23697,"comment_status":"open","ping_status":"closed","sticky":false,"template":"","format":"standard","meta":{"amp_status":"","footnotes":""},"categories":[121],"tags":[5508,1018,247,5507],"class_list":["post-23696","post","type-post","status-publish","format-standard","has-post-thumbnail","hentry","category-leste","tag-centro-de-prevencao-a-criminalidade-de-governador-valadares","tag-destaque","tag-governador-valadares","tag-governador-valadares-ganha-novo-centro-de-prevencao-a-criminalidade"],"_links":{"self":[{"href":"https:\/\/aconteceunovale.com.br\/portal\/index.php?rest_route=\/wp\/v2\/posts\/23696","targetHints":{"allow":["GET"]}}],"collection":[{"href":"https:\/\/aconteceunovale.com.br\/portal\/index.php?rest_route=\/wp\/v2\/posts"}],"about":[{"href":"https:\/\/aconteceunovale.com.br\/portal\/index.php?rest_route=\/wp\/v2\/types\/post"}],"author":[{"embeddable":true,"href":"https:\/\/aconteceunovale.com.br\/portal\/index.php?rest_route=\/wp\/v2\/users\/1"}],"replies":[{"embeddable":true,"href":"https:\/\/aconteceunovale.com.br\/portal\/index.php?rest_route=%2Fwp%2Fv2%2Fcomments&post=23696"}],"version-history":[{"count":0,"href":"https:\/\/aconteceunovale.com.br\/portal\/index.php?rest_route=\/wp\/v2\/posts\/23696\/revisions"}],"wp:featuredmedia":[{"embeddable":true,"href":"https:\/\/aconteceunovale.com.br\/portal\/index.php?rest_route=\/wp\/v2\/media\/23697"}],"wp:attachment":[{"href":"https:\/\/aconteceunovale.com.br\/portal\/index.php?rest_route=%2Fwp%2Fv2%2Fmedia&parent=23696"}],"wp:term":[{"taxonomy":"category","embeddable":true,"href":"https:\/\/aconteceunovale.com.br\/portal\/index.php?rest_route=%2Fwp%2Fv2%2Fcategories&post=23696"},{"taxonomy":"post_tag","embeddable":true,"href":"https:\/\/aconteceunovale.com.br\/portal\/index.php?rest_route=%2Fwp%2Fv2%2Ftags&post=23696"}],"curies":[{"name":"wp","href":"https:\/\/api.w.org\/{rel}","templated":true}]}}