{"id":23691,"date":"2014-03-13T15:49:25","date_gmt":"2014-03-13T18:49:25","guid":{"rendered":"http:\/\/aconteceunovale.com.br\/portal\/?p=23691"},"modified":"2014-03-13T15:55:28","modified_gmt":"2014-03-13T18:55:28","slug":"capelinha-recebera-933-cisternas-do-programa-agua-para-todos-do-governo-federal","status":"publish","type":"post","link":"https:\/\/aconteceunovale.com.br\/portal\/?p=23691","title":{"rendered":"Capelinha receber\u00e1 933 cisternas do programa \u201c\u00c1gua para Todos\u201d do Governo Federal"},"content":{"rendered":"<p>O munic\u00edpio de Capelinha, no Vale do Jequitinhonha, foi beneficiado com 933 cisternas de polietileno. Cada unidade tem capacidade para armazenar at\u00e9 16 mil litros de \u00e1gua, principalmente a \u00e1gua da chuva, que ser\u00e1 conduzida para o reservat\u00f3rio atrav\u00e9s de canaliza\u00e7\u00e3o especial que ser\u00e1 instalada na resid\u00eancia de cada fam\u00edlia beneficiada. As cisternas come\u00e7ar\u00e3o a ser entregues na cidade a partir desta quinta-feira, 13 de mar\u00e7o.<\/p>\n<p>O benef\u00edcio \u00e9 do programa \u201c\u00c1gua para Todos\u201d do Governo Federal e do Minist\u00e9rio da Integra\u00e7\u00e3o Nacional.<\/p>\n<p>Saiba mais sobre o programa, <a href=\"http:\/\/www.integracao.gov.br\/agua-para-todos\" target=\"_blank\">CLIQUE AQUI<\/a>.<\/p>\n","protected":false},"excerpt":{"rendered":"<p>O munic\u00edpio de Capelinha, no Vale do Jequitinhonha, foi beneficiado com 933 cisternas de polietileno. Cada unidade tem capacidade para armazenar at\u00e9 16 mil litros de \u00e1gua, principalmente a \u00e1gua da chuva, que ser\u00e1 conduzida para o reservat\u00f3rio atrav\u00e9s de canaliza\u00e7\u00e3o especial que ser\u00e1 instalada na resid\u00eancia de cada fam\u00edlia beneficiada. As cisternas come\u00e7ar\u00e3o a [&hellip;]<\/p>\n","protected":false},"author":1,"featured_media":19032,"comment_status":"open","ping_status":"closed","sticky":false,"template":"","format":"standard","meta":{"amp_status":"","footnotes":""},"categories":[120],"tags":[132,5502,1018,5503],"class_list":["post-23691","post","type-post","status-publish","format-standard","has-post-thumbnail","hentry","category-jequi","tag-capelinha","tag-capelinha-recebera-933-cisternas-do-programa-agua-para-todos-do-governo-federal","tag-destaque","tag-programa-agua-para-todos"],"_links":{"self":[{"href":"https:\/\/aconteceunovale.com.br\/portal\/index.php?rest_route=\/wp\/v2\/posts\/23691","targetHints":{"allow":["GET"]}}],"collection":[{"href":"https:\/\/aconteceunovale.com.br\/portal\/index.php?rest_route=\/wp\/v2\/posts"}],"about":[{"href":"https:\/\/aconteceunovale.com.br\/portal\/index.php?rest_route=\/wp\/v2\/types\/post"}],"author":[{"embeddable":true,"href":"https:\/\/aconteceunovale.com.br\/portal\/index.php?rest_route=\/wp\/v2\/users\/1"}],"replies":[{"embeddable":true,"href":"https:\/\/aconteceunovale.com.br\/portal\/index.php?rest_route=%2Fwp%2Fv2%2Fcomments&post=23691"}],"version-history":[{"count":0,"href":"https:\/\/aconteceunovale.com.br\/portal\/index.php?rest_route=\/wp\/v2\/posts\/23691\/revisions"}],"wp:featuredmedia":[{"embeddable":true,"href":"https:\/\/aconteceunovale.com.br\/portal\/index.php?rest_route=\/wp\/v2\/media\/19032"}],"wp:attachment":[{"href":"https:\/\/aconteceunovale.com.br\/portal\/index.php?rest_route=%2Fwp%2Fv2%2Fmedia&parent=23691"}],"wp:term":[{"taxonomy":"category","embeddable":true,"href":"https:\/\/aconteceunovale.com.br\/portal\/index.php?rest_route=%2Fwp%2Fv2%2Fcategories&post=23691"},{"taxonomy":"post_tag","embeddable":true,"href":"https:\/\/aconteceunovale.com.br\/portal\/index.php?rest_route=%2Fwp%2Fv2%2Ftags&post=23691"}],"curies":[{"name":"wp","href":"https:\/\/api.w.org\/{rel}","templated":true}]}}