{"id":23685,"date":"2014-03-13T15:30:58","date_gmt":"2014-03-13T18:30:58","guid":{"rendered":"http:\/\/aconteceunovale.com.br\/portal\/?p=23685"},"modified":"2014-03-13T15:56:15","modified_gmt":"2014-03-13T18:56:15","slug":"escritor-turmalinense-recebera-homenagem-da-academia-de-artes-de-cabo-frio","status":"publish","type":"post","link":"https:\/\/aconteceunovale.com.br\/portal\/?p=23685","title":{"rendered":"Escritor turmalinense receber\u00e1 homenagem da Academia de Artes de Cabo Frio"},"content":{"rendered":"<p>O escritor, poeta e historiador turmalinense Valdivino Pereira Ferreira vai receber a Medalha Personalidade 2013 no dia 3 de maio de 2014, a partir das 19h00min, no requintado Espa\u00e7o MAV, em Cabo Frio, no Rio de Janeiro.<\/p>\n<p>A honraria \u00e9 concedida pela Academia de Artes de Cabo Frio (ARTPOP) \u00e0s pessoas que, durante o ano de 2013, produziram ou fizeram produzir atitudes e a\u00e7\u00f5es culturais e sociais que enobreceram seu curr\u00edculo, sua comunidade abrangente e toda a sociedade nos dividendos do alcance de sua magnitude e carisma.<\/p>\n<p>Valdivino Pereira Ferreira teve o nome indicado e aprovado para a categoria Arte Liter\u00e1ria, gra\u00e7as \u00e0 sua atua\u00e7\u00e3o como escritor, poeta e historiador radicado na cidade de Turmalina, no Vale do Jequitinhonha, em Minas Gerais.<\/p>\n<p><img decoding=\"async\" src=\"http:\/\/aconteceunovale.com.br\/portal\/wp-content\/uploads\/2014\/03\/1medalha_personalidade_2013_valdivino_2.jpg\" alt=\"\" \/><\/p>\n<p>Al\u00e9m de ter escrito uma d\u00fazia de obras, envolvendo os mais diversos g\u00eaneros nos \u00faltimos dez anos, Valdivino criou e preside o Projeto Resgate Memorial do Vale do Jequitinhonha e ocupa do cargo de secret\u00e1rio-geral da C\u00e2mara Municipal de Turmalina.<\/p>\n<p>Valdivino \u00e9 membro, desde 2002, do Col\u00e9gio Brasileiro de Genealogia (RJ); desde 2003, do Instituto Geneal\u00f3gico da Bahia; desde 2007, do Instituto Hist\u00f3rico e Geogr\u00e1fico Paraibano; desde 2010, do Instituto Hist\u00f3rico e Geogr\u00e1fico de Minas Gerais; desde 2011, da Academia de Letras de Te\u00f3filo Otoni (ALTO), dentre outros.<\/p>\n<p>Entre os in\u00fameros pr\u00eamios e condecora\u00e7\u00f5es que recebeu, nos \u00faltimos dez anos, est\u00e3o as medalhas Santos Dumont, Jo\u00e3o Pinheiro, Comendador Afonso Penna da Academia de Letras do Brasil, se\u00e7\u00e3o Minas Gerais, e um t\u00edtulo de honra ao m\u00e9rito da Faculdade de Direito da USP.<\/p>\n<p>Por todas essas realiza\u00e7\u00f5es, conquistas e muito mais \u00e9 que Valdivino Pereira Ferreira teve o nome indicado e aprovado para receber a Medalha Personalidade 20133, na cidade de Cabo Frio, no RJ. \u201cAcho a concess\u00e3o inesperada, porque n\u00e3o me vejo como personalidade. Essa medalha \u00e9 mais obra da generosidade e prest\u00edgio do poeta e jornalista Zarfeg do que reconhecimento daquilo que fa\u00e7o\u201d, afirmou o modesto Valdivino.<\/p>\n<p>Al\u00e9m de receber a comenda, Valdivino Pereira vai tomar posse como membro correspondente da ARTPOP.<\/p>\n<p><img decoding=\"async\" src=\"http:\/\/aconteceunovale.com.br\/portal\/wp-content\/uploads\/2014\/03\/medalha_personalidade_2013_valdivino_2.jpg\" alt=\"\" \/><\/p>\n<p><em>(Radar 58)<\/em><\/p>\n","protected":false},"excerpt":{"rendered":"<p>O escritor, poeta e historiador turmalinense Valdivino Pereira Ferreira vai receber a Medalha Personalidade 2013 no dia 3 de maio de 2014, a partir das 19h00min, no requintado Espa\u00e7o MAV, em Cabo Frio, no Rio de Janeiro. A honraria \u00e9 concedida pela Academia de Artes de Cabo Frio (ARTPOP) \u00e0s pessoas que, durante o ano [&hellip;]<\/p>\n","protected":false},"author":1,"featured_media":23686,"comment_status":"open","ping_status":"closed","sticky":false,"template":"","format":"standard","meta":{"amp_status":"","footnotes":""},"categories":[120],"tags":[5501,1018,178,5500],"class_list":["post-23685","post","type-post","status-publish","format-standard","has-post-thumbnail","hentry","category-jequi","tag-academia-de-artes-de-cabo-frio","tag-destaque","tag-turmalina","tag-valdivino-pereira-ferreira"],"_links":{"self":[{"href":"https:\/\/aconteceunovale.com.br\/portal\/index.php?rest_route=\/wp\/v2\/posts\/23685","targetHints":{"allow":["GET"]}}],"collection":[{"href":"https:\/\/aconteceunovale.com.br\/portal\/index.php?rest_route=\/wp\/v2\/posts"}],"about":[{"href":"https:\/\/aconteceunovale.com.br\/portal\/index.php?rest_route=\/wp\/v2\/types\/post"}],"author":[{"embeddable":true,"href":"https:\/\/aconteceunovale.com.br\/portal\/index.php?rest_route=\/wp\/v2\/users\/1"}],"replies":[{"embeddable":true,"href":"https:\/\/aconteceunovale.com.br\/portal\/index.php?rest_route=%2Fwp%2Fv2%2Fcomments&post=23685"}],"version-history":[{"count":0,"href":"https:\/\/aconteceunovale.com.br\/portal\/index.php?rest_route=\/wp\/v2\/posts\/23685\/revisions"}],"wp:featuredmedia":[{"embeddable":true,"href":"https:\/\/aconteceunovale.com.br\/portal\/index.php?rest_route=\/wp\/v2\/media\/23686"}],"wp:attachment":[{"href":"https:\/\/aconteceunovale.com.br\/portal\/index.php?rest_route=%2Fwp%2Fv2%2Fmedia&parent=23685"}],"wp:term":[{"taxonomy":"category","embeddable":true,"href":"https:\/\/aconteceunovale.com.br\/portal\/index.php?rest_route=%2Fwp%2Fv2%2Fcategories&post=23685"},{"taxonomy":"post_tag","embeddable":true,"href":"https:\/\/aconteceunovale.com.br\/portal\/index.php?rest_route=%2Fwp%2Fv2%2Ftags&post=23685"}],"curies":[{"name":"wp","href":"https:\/\/api.w.org\/{rel}","templated":true}]}}