{"id":23677,"date":"2014-03-13T15:05:57","date_gmt":"2014-03-13T18:05:57","guid":{"rendered":"http:\/\/aconteceunovale.com.br\/portal\/?p=23677"},"modified":"2014-03-13T15:05:57","modified_gmt":"2014-03-13T18:05:57","slug":"rapaz-e-encontrado-dentro-de-vala-em-rio-pardo-de-minas","status":"publish","type":"post","link":"https:\/\/aconteceunovale.com.br\/portal\/?p=23677","title":{"rendered":"Rapaz \u00e9 encontrado dentro de vala em Rio Pardo de Minas"},"content":{"rendered":"<p>Nesta quinta-feira, por volta de 01:00h da madrugada, a Policia Militar foi acionada por moradores do Bairro Morais para socorrerem um rapaz de 28 anos, Marl\u00facio Ferreira Brito, morador daquele bairro que estava ca\u00eddo dentro de uma vala na Rua \u201cL\u201d. Marl\u00facio relatou \u00e0 Pol\u00edcia ter sido jogado dentro da vala por um homem que usava uma m\u00e1scara. A vala formou-se h\u00e1 alguns meses no local e vem trazendo riscos a quem transita por ali, principalmente idosos e crian\u00e7as.<\/p>\n<p>O soldado Andrade e o Sargento Galdino que atenderam a ocorr\u00eancia relataram ter d\u00favidas quanto \u00e0 vers\u00e3o da v\u00edtima por n\u00e3o haver sinais de luta corporal no local e nenhum outro tipo de ind\u00edcio. N\u00e3o houve testemunhas. Marl\u00facio foi encontrado no local por moradores que o ouviram gritar por socorro.<\/p>\n<p>O rapaz foi socorrido pelo SAMU e levado para o Hospital T\u00e1cito de Freitas Costa com dores no pesco\u00e7o e leves escoria\u00e7\u00f5es.<\/p>\n<p><img decoding=\"async\" src=\"http:\/\/aconteceunovale.com.br\/portal\/wp-content\/uploads\/2014\/03\/encontrado_dentro_vala_rio_pardo_13_3.jpg\" alt=\"\" \/><\/p>\n<p><img decoding=\"async\" src=\"http:\/\/aconteceunovale.com.br\/portal\/wp-content\/uploads\/2014\/03\/encontrado_dentro_vala_rio_pardo_13_2.jpg\" alt=\"\" \/><\/p>\n<p><img decoding=\"async\" src=\"http:\/\/aconteceunovale.com.br\/portal\/wp-content\/uploads\/2014\/03\/encontrado_dentro_vala_rio_pardo_13_1.jpg\" alt=\"\" \/><\/p>\n<p><em>(Fonte: Rio Pardo Not\u00edcias)<\/em><\/p>\n","protected":false},"excerpt":{"rendered":"<p>Nesta quinta-feira, por volta de 01:00h da madrugada, a Policia Militar foi acionada por moradores do Bairro Morais para socorrerem um rapaz de 28 anos, Marl\u00facio Ferreira Brito, morador daquele bairro que estava ca\u00eddo dentro de uma vala na Rua \u201cL\u201d. Marl\u00facio relatou \u00e0 Pol\u00edcia ter sido jogado dentro da vala por um homem que [&hellip;]<\/p>\n","protected":false},"author":1,"featured_media":23680,"comment_status":"open","ping_status":"closed","sticky":false,"template":"","format":"standard","meta":{"amp_status":"","footnotes":""},"categories":[1236],"tags":[5494,421],"class_list":["post-23677","post","type-post","status-publish","format-standard","has-post-thumbnail","hentry","category-norte_de_minas","tag-rapaz-e-encontrado-dentro-de-vala-em-rio-pardo-de-minas","tag-rio-pardo-de-minas"],"_links":{"self":[{"href":"https:\/\/aconteceunovale.com.br\/portal\/index.php?rest_route=\/wp\/v2\/posts\/23677","targetHints":{"allow":["GET"]}}],"collection":[{"href":"https:\/\/aconteceunovale.com.br\/portal\/index.php?rest_route=\/wp\/v2\/posts"}],"about":[{"href":"https:\/\/aconteceunovale.com.br\/portal\/index.php?rest_route=\/wp\/v2\/types\/post"}],"author":[{"embeddable":true,"href":"https:\/\/aconteceunovale.com.br\/portal\/index.php?rest_route=\/wp\/v2\/users\/1"}],"replies":[{"embeddable":true,"href":"https:\/\/aconteceunovale.com.br\/portal\/index.php?rest_route=%2Fwp%2Fv2%2Fcomments&post=23677"}],"version-history":[{"count":0,"href":"https:\/\/aconteceunovale.com.br\/portal\/index.php?rest_route=\/wp\/v2\/posts\/23677\/revisions"}],"wp:featuredmedia":[{"embeddable":true,"href":"https:\/\/aconteceunovale.com.br\/portal\/index.php?rest_route=\/wp\/v2\/media\/23680"}],"wp:attachment":[{"href":"https:\/\/aconteceunovale.com.br\/portal\/index.php?rest_route=%2Fwp%2Fv2%2Fmedia&parent=23677"}],"wp:term":[{"taxonomy":"category","embeddable":true,"href":"https:\/\/aconteceunovale.com.br\/portal\/index.php?rest_route=%2Fwp%2Fv2%2Fcategories&post=23677"},{"taxonomy":"post_tag","embeddable":true,"href":"https:\/\/aconteceunovale.com.br\/portal\/index.php?rest_route=%2Fwp%2Fv2%2Ftags&post=23677"}],"curies":[{"name":"wp","href":"https:\/\/api.w.org\/{rel}","templated":true}]}}