{"id":23674,"date":"2014-03-13T15:02:54","date_gmt":"2014-03-13T18:02:54","guid":{"rendered":"http:\/\/aconteceunovale.com.br\/portal\/?p=23674"},"modified":"2014-03-13T15:02:54","modified_gmt":"2014-03-13T18:02:54","slug":"mab-ocupa-a-prefeitura-de-indaiabira-e-a-sede-do-dnocs","status":"publish","type":"post","link":"https:\/\/aconteceunovale.com.br\/portal\/?p=23674","title":{"rendered":"MAB ocupa a prefeitura de Indaiabira e a sede do DNOCS"},"content":{"rendered":"<p>Na manh\u00e3 dessa quinta, dia 13, cerca de 120 pessoas do Movimento dos Atingidos por Barragens (MAB) ocuparam a Prefeitura Municipal de Indaiabira em protesto contra a Barragem de Berizal. Os agricultores familiares reclamam que seus direitos n\u00e3o est\u00e3o sendo respeitados e que o prefeito Vanderl\u00facio de Oliveira declarou apoio \u00e0 constru\u00e7\u00e3o da Barragem de Berizal sem se preocupar com a situa\u00e7\u00e3o dos atingidos.<\/p>\n<p>Os atingidos, todos trabalhadores rurais, reclamam tamb\u00e9m que a ONG Amigos das \u00c1guas, que est\u00e1 mobilizando pol\u00edticos para a retomada das obras na Barragem, n\u00e3o defende os direitos dos atingidos e sequer convidou o MAB ou qualquer atingido para o evento que est\u00e1 acontecendo nesta quinta em Taiobeiras. \u201cEles est\u00e3o fazendo mobiliza\u00e7\u00e3o para retomar a obra, mas esqueceram da situa\u00e7\u00e3o dos atingidos e, sequer, nos convidaram para participar dos debates\u201d, disse Elane Rodrigues, uma das coordenadoras do MAB na regi\u00e3o.<\/p>\n<p>Outro grupo do MAB, composto por cerca de 200 pessoas, tamb\u00e9m ocupou a sede do DNOCS em Montes Claros no mesmo momento. \u201cNossa pauta de reivindica\u00e7\u00f5es visa o combate \u00e0 viola\u00e7\u00e3o de direitos e cobra melhorias para o homem do campo\u201d, destacou Elane.<\/p>\n<p><img decoding=\"async\" src=\"http:\/\/aconteceunovale.com.br\/portal\/wp-content\/uploads\/2014\/03\/mab_ocupa_prefeitura_indaiabira.jpg\" alt=\"\" \/><\/p>\n<p><em>(Fonte: Folha Regional)<\/em><\/p>\n","protected":false},"excerpt":{"rendered":"<p>Na manh\u00e3 dessa quinta, dia 13, cerca de 120 pessoas do Movimento dos Atingidos por Barragens (MAB) ocuparam a Prefeitura Municipal de Indaiabira em protesto contra a Barragem de Berizal. Os agricultores familiares reclamam que seus direitos n\u00e3o est\u00e3o sendo respeitados e que o prefeito Vanderl\u00facio de Oliveira declarou apoio \u00e0 constru\u00e7\u00e3o da Barragem de [&hellip;]<\/p>\n","protected":false},"author":1,"featured_media":23675,"comment_status":"open","ping_status":"closed","sticky":false,"template":"","format":"standard","meta":{"amp_status":"","footnotes":""},"categories":[1236],"tags":[5492,1342,3557,5490,5491,5493],"class_list":["post-23674","post","type-post","status-publish","format-standard","has-post-thumbnail","hentry","category-norte_de_minas","tag-barragem-de-berizal","tag-berizal","tag-indaiabira","tag-mab-ocupa-a-prefeitura-de-indaiabira-e-a-sede-do-dnocs","tag-movimento-dos-atingidos-por-barragens","tag-prefeitura-municipal-de-indaiabira"],"_links":{"self":[{"href":"https:\/\/aconteceunovale.com.br\/portal\/index.php?rest_route=\/wp\/v2\/posts\/23674","targetHints":{"allow":["GET"]}}],"collection":[{"href":"https:\/\/aconteceunovale.com.br\/portal\/index.php?rest_route=\/wp\/v2\/posts"}],"about":[{"href":"https:\/\/aconteceunovale.com.br\/portal\/index.php?rest_route=\/wp\/v2\/types\/post"}],"author":[{"embeddable":true,"href":"https:\/\/aconteceunovale.com.br\/portal\/index.php?rest_route=\/wp\/v2\/users\/1"}],"replies":[{"embeddable":true,"href":"https:\/\/aconteceunovale.com.br\/portal\/index.php?rest_route=%2Fwp%2Fv2%2Fcomments&post=23674"}],"version-history":[{"count":0,"href":"https:\/\/aconteceunovale.com.br\/portal\/index.php?rest_route=\/wp\/v2\/posts\/23674\/revisions"}],"wp:featuredmedia":[{"embeddable":true,"href":"https:\/\/aconteceunovale.com.br\/portal\/index.php?rest_route=\/wp\/v2\/media\/23675"}],"wp:attachment":[{"href":"https:\/\/aconteceunovale.com.br\/portal\/index.php?rest_route=%2Fwp%2Fv2%2Fmedia&parent=23674"}],"wp:term":[{"taxonomy":"category","embeddable":true,"href":"https:\/\/aconteceunovale.com.br\/portal\/index.php?rest_route=%2Fwp%2Fv2%2Fcategories&post=23674"},{"taxonomy":"post_tag","embeddable":true,"href":"https:\/\/aconteceunovale.com.br\/portal\/index.php?rest_route=%2Fwp%2Fv2%2Ftags&post=23674"}],"curies":[{"name":"wp","href":"https:\/\/api.w.org\/{rel}","templated":true}]}}