{"id":23671,"date":"2014-03-13T14:57:22","date_gmt":"2014-03-13T17:57:22","guid":{"rendered":"http:\/\/aconteceunovale.com.br\/portal\/?p=23671"},"modified":"2014-03-13T14:57:22","modified_gmt":"2014-03-13T17:57:22","slug":"projeto-arvore-e-vida-pretende-transformar-conceicao-do-mato-dentro-em-um-jardim-vivo","status":"publish","type":"post","link":"https:\/\/aconteceunovale.com.br\/portal\/?p=23671","title":{"rendered":"Projeto \u201c\u00c1rvore \u00e9 Vida\u201d pretende transformar Concei\u00e7\u00e3o do Mato Dentro em um \u201cjardim vivo\u201d"},"content":{"rendered":"<p>\u201cO Projeto \u00c1rvore \u00e9 Vida\u201d apresentado pela Associa\u00e7\u00e3o das Caminhantes da Estrada Real ser\u00e1 posto em pr\u00e1tica na pr\u00f3xima segunda-feira (17), quando um semin\u00e1rio abrir\u00e1 o cronograma das atividades que ir\u00e3o transformar CMD em um \u201cjardim vivo\u201d. <\/p>\n<p>\u00c9 esta a proposta que a Prefeitura Municipal junto com as Caminhantes tem para o munic\u00edpio e que come\u00e7a a ser concretizada ainda neste dia com o plantio de \u00e1rvores.<\/p>\n<p>Esta \u00e9 apenas a primeira etapa de um trabalho que envolver\u00e1 a popula\u00e7\u00e3o, lideran\u00e7as municipais e institui\u00e7\u00f5es p\u00fablicas e privadas. O envolvimento de toda a sociedade impulsionar\u00e1 o projeto trazendo ao munic\u00edpio mais beleza, colaborando com as quest\u00f5es ambientais, fazendo jus ao nome seu nome e ainda honrando o t\u00edtulo de capital ecol\u00f3gica de Minas Gerais.<\/p>\n<p>Presente em 90 pa\u00edses, o Projeto \u00c1rvore \u00e9 Vida foi idealizado pela Internacional Federation of Business and Professional Women e \u00e9 reconhecido pela Organiza\u00e7\u00e3o das Na\u00e7\u00f5es Unidas como um dos jeitos de mudar o mundo. Com as Caminhantes da Estrada Real, o Estado de Minas Gerais vai ganhar 1 milh\u00e3o de mudas.<\/p>\n<p><img decoding=\"async\" src=\"http:\/\/aconteceunovale.com.br\/portal\/wp-content\/uploads\/2014\/03\/projeto_arvore_e_vida_cmd.jpg\" alt=\"\" \/><\/p>\n<p><em>(Prefeitura de Concei\u00e7\u00e3o do Mato Dentro)<\/em><\/p>\n","protected":false},"excerpt":{"rendered":"<p>\u201cO Projeto \u00c1rvore \u00e9 Vida\u201d apresentado pela Associa\u00e7\u00e3o das Caminhantes da Estrada Real ser\u00e1 posto em pr\u00e1tica na pr\u00f3xima segunda-feira (17), quando um semin\u00e1rio abrir\u00e1 o cronograma das atividades que ir\u00e3o transformar CMD em um \u201cjardim vivo\u201d. \u00c9 esta a proposta que a Prefeitura Municipal junto com as Caminhantes tem para o munic\u00edpio e que [&hellip;]<\/p>\n","protected":false},"author":1,"featured_media":23672,"comment_status":"open","ping_status":"closed","sticky":false,"template":"","format":"standard","meta":{"amp_status":"","footnotes":""},"categories":[123],"tags":[628,5487,5489,5488],"class_list":["post-23671","post","type-post","status-publish","format-standard","has-post-thumbnail","hentry","category-gerais","tag-conceicao-do-mato-dentro","tag-o-projeto-arvore-e-vida","tag-projeto-arvore-e-vida","tag-projeto-arvore-e-vida-pretende-transformar-conceicao-do-mato-dentro-em-um-jardim-vivo"],"_links":{"self":[{"href":"https:\/\/aconteceunovale.com.br\/portal\/index.php?rest_route=\/wp\/v2\/posts\/23671","targetHints":{"allow":["GET"]}}],"collection":[{"href":"https:\/\/aconteceunovale.com.br\/portal\/index.php?rest_route=\/wp\/v2\/posts"}],"about":[{"href":"https:\/\/aconteceunovale.com.br\/portal\/index.php?rest_route=\/wp\/v2\/types\/post"}],"author":[{"embeddable":true,"href":"https:\/\/aconteceunovale.com.br\/portal\/index.php?rest_route=\/wp\/v2\/users\/1"}],"replies":[{"embeddable":true,"href":"https:\/\/aconteceunovale.com.br\/portal\/index.php?rest_route=%2Fwp%2Fv2%2Fcomments&post=23671"}],"version-history":[{"count":0,"href":"https:\/\/aconteceunovale.com.br\/portal\/index.php?rest_route=\/wp\/v2\/posts\/23671\/revisions"}],"wp:featuredmedia":[{"embeddable":true,"href":"https:\/\/aconteceunovale.com.br\/portal\/index.php?rest_route=\/wp\/v2\/media\/23672"}],"wp:attachment":[{"href":"https:\/\/aconteceunovale.com.br\/portal\/index.php?rest_route=%2Fwp%2Fv2%2Fmedia&parent=23671"}],"wp:term":[{"taxonomy":"category","embeddable":true,"href":"https:\/\/aconteceunovale.com.br\/portal\/index.php?rest_route=%2Fwp%2Fv2%2Fcategories&post=23671"},{"taxonomy":"post_tag","embeddable":true,"href":"https:\/\/aconteceunovale.com.br\/portal\/index.php?rest_route=%2Fwp%2Fv2%2Ftags&post=23671"}],"curies":[{"name":"wp","href":"https:\/\/api.w.org\/{rel}","templated":true}]}}