{"id":23665,"date":"2014-03-13T14:49:49","date_gmt":"2014-03-13T17:49:49","guid":{"rendered":"http:\/\/aconteceunovale.com.br\/portal\/?p=23665"},"modified":"2014-03-13T14:49:49","modified_gmt":"2014-03-13T17:49:49","slug":"conceicao-do-mato-dentro-sedia-a-1a-conferencia-intermunicipal-de-protecao-e-defesa-civil","status":"publish","type":"post","link":"https:\/\/aconteceunovale.com.br\/portal\/?p=23665","title":{"rendered":"Concei\u00e7\u00e3o do Mato Dentro sedia a 1\u00aa Confer\u00eancia Intermunicipal de Prote\u00e7\u00e3o e Defesa Civil"},"content":{"rendered":"<p>Concei\u00e7\u00e3o do Mato Dentro vai sediar a 1\u00aa Confer\u00eancia Intermunicipal de Prote\u00e7\u00e3o e Defesa Civil, que reunir\u00e1 seis munic\u00edpios da regi\u00e3o do M\u00e9dio Espinha\u00e7o. Al\u00e9m do anfitri\u00e3o, Dom Joaquim, Jaboticatubas, Morro do Pilar, Congonhas do Norte e Santana do Riacho v\u00e3o juntos iniciar o processo de ado\u00e7\u00e3o de medidas para orientar e ajudar a popula\u00e7\u00e3o em caso de desastres, como chuvas e outras situa\u00e7\u00f5es de risco.<\/p>\n<p>Neste primeiro passo, cada munic\u00edpio participar\u00e1 com at\u00e9 vinte representantes dos segmentos do poder p\u00fablico e agentes da defesa civil, conselhos de pol\u00edtica p\u00fablica, sociedade civil e comunidade cient\u00edfica. \u00c9 tamb\u00e9m uma etapa preparat\u00f3ria da 2\u00aa Confer\u00eancia Nacional de Prote\u00e7\u00e3o e Defesa Civil cujo tema \u00e9 \u201cProte\u00e7\u00e3o e Defesa Civil: Novos Paradigmas para o Sistema Nacional\u201d.<\/p>\n<p>Segundo a Secretaria Nacional de Prote\u00e7\u00e3o e Defesa Civil, \u201ca atua\u00e7\u00e3o da prote\u00e7\u00e3o e defesa civil tem o objetivo de reduzir os riscos de desastre e compreende a\u00e7\u00f5es de preven\u00e7\u00e3o, mitiga\u00e7\u00e3o, prepara\u00e7\u00e3o, resposta e recupera\u00e7\u00e3o, e se d\u00e1 de forma multissetorial e nos tr\u00eas n\u00edveis de governo \u2013 federal, estadual e municipal \u2013 com ampla participa\u00e7\u00e3o da comunidade.\u201d<\/p>\n<p>A organiza\u00e7\u00e3o desse sistema no munic\u00edpio \u00e9 importante para que se reduzam as perdas materiais e humanas em qualquer tipo de desastre. Na regi\u00e3o centro-oeste, os inc\u00eandios florestais e os problemas da chuva s\u00e3o os casos mais comuns de alerta.<\/p>\n<p><strong>Servi\u00e7o<\/strong><br \/>\n1\u00aa Confer\u00eancia Intermunicipal de Prote\u00e7\u00e3o e Defesa Civil<br \/>\nData: 13\/03\/2014<br \/>\nHora: das 9h \u00e0s 17h30<br \/>\nLocal: Posto Agropecu\u00e1rio (Rodovia MG-10 s\/n\u00ba, zona rural)<\/p>\n<p><img decoding=\"async\" src=\"http:\/\/aconteceunovale.com.br\/portal\/wp-content\/uploads\/2014\/03\/1_conferencia_intermunicipal_defesa_civil_cmd.jpg\" alt=\"\" \/><\/p>\n","protected":false},"excerpt":{"rendered":"<p>Concei\u00e7\u00e3o do Mato Dentro vai sediar a 1\u00aa Confer\u00eancia Intermunicipal de Prote\u00e7\u00e3o e Defesa Civil, que reunir\u00e1 seis munic\u00edpios da regi\u00e3o do M\u00e9dio Espinha\u00e7o. Al\u00e9m do anfitri\u00e3o, Dom Joaquim, Jaboticatubas, Morro do Pilar, Congonhas do Norte e Santana do Riacho v\u00e3o juntos iniciar o processo de ado\u00e7\u00e3o de medidas para orientar e ajudar a popula\u00e7\u00e3o [&hellip;]<\/p>\n","protected":false},"author":1,"featured_media":23666,"comment_status":"open","ping_status":"closed","sticky":false,"template":"","format":"standard","meta":{"amp_status":"","footnotes":""},"categories":[6],"tags":[628,5484,5485,775,2600,2230,2533],"class_list":["post-23665","post","type-post","status-publish","format-standard","has-post-thumbnail","hentry","category-br","tag-conceicao-do-mato-dentro","tag-conceicao-do-mato-dentro-sedia-a-1a-conferencia-intermunicipal-de-protecao-e-defesa-civil","tag-congonhas-do-norte","tag-dom-joaquim","tag-jaboticatubas","tag-morro-do-pilar","tag-santana-do-riacho"],"_links":{"self":[{"href":"https:\/\/aconteceunovale.com.br\/portal\/index.php?rest_route=\/wp\/v2\/posts\/23665","targetHints":{"allow":["GET"]}}],"collection":[{"href":"https:\/\/aconteceunovale.com.br\/portal\/index.php?rest_route=\/wp\/v2\/posts"}],"about":[{"href":"https:\/\/aconteceunovale.com.br\/portal\/index.php?rest_route=\/wp\/v2\/types\/post"}],"author":[{"embeddable":true,"href":"https:\/\/aconteceunovale.com.br\/portal\/index.php?rest_route=\/wp\/v2\/users\/1"}],"replies":[{"embeddable":true,"href":"https:\/\/aconteceunovale.com.br\/portal\/index.php?rest_route=%2Fwp%2Fv2%2Fcomments&post=23665"}],"version-history":[{"count":0,"href":"https:\/\/aconteceunovale.com.br\/portal\/index.php?rest_route=\/wp\/v2\/posts\/23665\/revisions"}],"wp:featuredmedia":[{"embeddable":true,"href":"https:\/\/aconteceunovale.com.br\/portal\/index.php?rest_route=\/wp\/v2\/media\/23666"}],"wp:attachment":[{"href":"https:\/\/aconteceunovale.com.br\/portal\/index.php?rest_route=%2Fwp%2Fv2%2Fmedia&parent=23665"}],"wp:term":[{"taxonomy":"category","embeddable":true,"href":"https:\/\/aconteceunovale.com.br\/portal\/index.php?rest_route=%2Fwp%2Fv2%2Fcategories&post=23665"},{"taxonomy":"post_tag","embeddable":true,"href":"https:\/\/aconteceunovale.com.br\/portal\/index.php?rest_route=%2Fwp%2Fv2%2Ftags&post=23665"}],"curies":[{"name":"wp","href":"https:\/\/api.w.org\/{rel}","templated":true}]}}