{"id":23661,"date":"2014-03-13T14:41:17","date_gmt":"2014-03-13T17:41:17","guid":{"rendered":"http:\/\/aconteceunovale.com.br\/portal\/?p=23661"},"modified":"2014-03-13T15:55:46","modified_gmt":"2014-03-13T18:55:46","slug":"motorista-perde-o-controle-de-veiculo-e-bate-em-arvore-no-centro-historico-de-diamantina","status":"publish","type":"post","link":"https:\/\/aconteceunovale.com.br\/portal\/?p=23661","title":{"rendered":"Motorista perde o controle de ve\u00edculo e bate em poste no Centro Hist\u00f3rico de Diamantina"},"content":{"rendered":"<p>O 3\u00ba Pelot\u00e3o de Bombeiros de Diamantina, no Vale do Jequitinhonha, atendeu na manh\u00e3 desta quinta-feira (13), um acidente envolvendo um Fiat Siena no centro hist\u00f3rico de Diamantina\/MG. <\/p>\n<p>Segundo informa\u00e7\u00f5es o condutor teria perdido o controle do ve\u00edculo na descida, vindo a colidir no percurso contra um Gol e parando somente ap\u00f3s se chocar com uma \u00e1rvore e um poste de ilumina\u00e7\u00e3o tipo lampi\u00e3o. <\/p>\n<p>O motorista do Siena que apresentava escoria\u00e7\u00f5es pelo rosto foi socorrido pelos bombeiros que realizaram os procedimentos pr\u00e9-hospitalares e o conduziu at\u00e9 o Ponto Atendimento Santa Izabel para atendimento m\u00e9dico. N\u00e3o houve outros feridos.<\/p>\n<p>O Corpo de Bombeiros alerta aos motoristas de Diamantina e de cidades com presen\u00e7a de descidas \u00edngremes que realizem as manuten\u00e7\u00f5es peri\u00f3dicas em seus ve\u00edculos, principalmente nos freios a fim de evitar acidentes.<\/p>\n<p>A Pol\u00edcia Militar ficou respons\u00e1vel pelo registro da ocorr\u00eancia de tr\u00e2nsito.<\/p>\n<p><img decoding=\"async\" src=\"http:\/\/aconteceunovale.com.br\/portal\/wp-content\/uploads\/2014\/03\/motorista_bate_arvore_dtna_13.jpg\" alt=\"\" \/><\/p>\n<p><em>(Via Pasadi\u00e7o Virtual)<\/em><\/p>\n","protected":false},"excerpt":{"rendered":"<p>O 3\u00ba Pelot\u00e3o de Bombeiros de Diamantina, no Vale do Jequitinhonha, atendeu na manh\u00e3 desta quinta-feira (13), um acidente envolvendo um Fiat Siena no centro hist\u00f3rico de Diamantina\/MG. Segundo informa\u00e7\u00f5es o condutor teria perdido o controle do ve\u00edculo na descida, vindo a colidir no percurso contra um Gol e parando somente ap\u00f3s se chocar com [&hellip;]<\/p>\n","protected":false},"author":1,"featured_media":23662,"comment_status":"open","ping_status":"closed","sticky":false,"template":"","format":"standard","meta":{"amp_status":"","footnotes":""},"categories":[120],"tags":[1018,198,5482,5483],"class_list":["post-23661","post","type-post","status-publish","format-standard","has-post-thumbnail","hentry","category-jequi","tag-destaque","tag-diamantina","tag-motorista-perde-o-controle-de-veiculo-e-bate-em-arvore-no-centro-historico-de-diamantina","tag-motorista-perde-o-controle-de-veiculo-e-bate-em-poste-no-centro-historico-de-diamantina"],"_links":{"self":[{"href":"https:\/\/aconteceunovale.com.br\/portal\/index.php?rest_route=\/wp\/v2\/posts\/23661","targetHints":{"allow":["GET"]}}],"collection":[{"href":"https:\/\/aconteceunovale.com.br\/portal\/index.php?rest_route=\/wp\/v2\/posts"}],"about":[{"href":"https:\/\/aconteceunovale.com.br\/portal\/index.php?rest_route=\/wp\/v2\/types\/post"}],"author":[{"embeddable":true,"href":"https:\/\/aconteceunovale.com.br\/portal\/index.php?rest_route=\/wp\/v2\/users\/1"}],"replies":[{"embeddable":true,"href":"https:\/\/aconteceunovale.com.br\/portal\/index.php?rest_route=%2Fwp%2Fv2%2Fcomments&post=23661"}],"version-history":[{"count":0,"href":"https:\/\/aconteceunovale.com.br\/portal\/index.php?rest_route=\/wp\/v2\/posts\/23661\/revisions"}],"wp:featuredmedia":[{"embeddable":true,"href":"https:\/\/aconteceunovale.com.br\/portal\/index.php?rest_route=\/wp\/v2\/media\/23662"}],"wp:attachment":[{"href":"https:\/\/aconteceunovale.com.br\/portal\/index.php?rest_route=%2Fwp%2Fv2%2Fmedia&parent=23661"}],"wp:term":[{"taxonomy":"category","embeddable":true,"href":"https:\/\/aconteceunovale.com.br\/portal\/index.php?rest_route=%2Fwp%2Fv2%2Fcategories&post=23661"},{"taxonomy":"post_tag","embeddable":true,"href":"https:\/\/aconteceunovale.com.br\/portal\/index.php?rest_route=%2Fwp%2Fv2%2Ftags&post=23661"}],"curies":[{"name":"wp","href":"https:\/\/api.w.org\/{rel}","templated":true}]}}