{"id":23659,"date":"2014-03-13T14:37:00","date_gmt":"2014-03-13T17:37:00","guid":{"rendered":"http:\/\/aconteceunovale.com.br\/portal\/?p=23659"},"modified":"2014-03-13T14:37:00","modified_gmt":"2014-03-13T17:37:00","slug":"homem-invade-casa-e-estupra-menina-de-12-anos-em-coronel-murta","status":"publish","type":"post","link":"https:\/\/aconteceunovale.com.br\/portal\/?p=23659","title":{"rendered":"Homem invade casa e estupra menina de 12 anos em Coronel Murta"},"content":{"rendered":"<p>A Pol\u00edcia procura por um homem identificado como Sisnane Ferreira de Sousa, de 48 anos. Ele \u00e9 acusado de  estuprar uma menina de 12 anos, na manh\u00e3 de  quarta-feira  (12), na cidade de Coronel Murta, no Vale do Jequitinhonha (MG).<\/p>\n<p>A den\u00fancia foi feita pela m\u00e3e da menor. Ela disse que a menina estava deitada quando Sisnane invadiu a casa por volta das 7:30h , aproveitando  que ela estava ausente. <\/p>\n<p>Ainda segundo a mulher, Sisnane foi at\u00e9 o quarto onde a garota estava e a violentou. A menina, que apresentava hematomas no pesco\u00e7o,  foi levada para atendimento em  uma Unidade B\u00e1sica de Sa\u00fade da cidade.<\/p>\n<p>Ao ser ouvida pelos policiais, a adolescente contou que depois de ser imobilizada pelo homem, teve sua boca tapada pelo corpo dele para que ela n\u00e3o gritasse. Depois ele arrancou a roupa dela e a violentou.<\/p>\n<p>Ela contou que o homem usou um preservativo e depois do estupro ele fugiu. A menina disse ainda que foi amea\u00e7ada caso contasse a hist\u00f3ria aos pais.<\/p>\n<p>A menor revelou tamb\u00e9m que h\u00e1 tempos estava sendo assediada pelo homem atrav\u00e9s de liga\u00e7\u00f5es para o celular dela e que ele pedia para apagar os registros das liga\u00e7\u00f5es.<\/p>\n<p>O caso est\u00e1 sendo acompanhado pelo Conselho Tutelar local.<\/p>\n<p>Depois de ser atendida na UBS, a menina foi encaminhada para um m\u00e9dico legista em Itaobim, a cerca de 110 km de Coronel Murta.<\/p>\n<p>O homem est\u00e1 foragido. (Gazeta de Ara\u00e7ua\u00ed)<\/p>\n","protected":false},"excerpt":{"rendered":"<p>A Pol\u00edcia procura por um homem identificado como Sisnane Ferreira de Sousa, de 48 anos. Ele \u00e9 acusado de estuprar uma menina de 12 anos, na manh\u00e3 de quarta-feira (12), na cidade de Coronel Murta, no Vale do Jequitinhonha (MG). A den\u00fancia foi feita pela m\u00e3e da menor. Ela disse que a menina estava deitada [&hellip;]<\/p>\n","protected":false},"author":1,"featured_media":19935,"comment_status":"open","ping_status":"closed","sticky":false,"template":"","format":"standard","meta":{"amp_status":"","footnotes":""},"categories":[120],"tags":[483,5480,5481],"class_list":["post-23659","post","type-post","status-publish","format-standard","has-post-thumbnail","hentry","category-jequi","tag-coronel-murta","tag-homem-invade-casa-e-estupra-menina-de-12-anos-em-coronel-murta","tag-sisnane-ferreira-de-sousa"],"_links":{"self":[{"href":"https:\/\/aconteceunovale.com.br\/portal\/index.php?rest_route=\/wp\/v2\/posts\/23659","targetHints":{"allow":["GET"]}}],"collection":[{"href":"https:\/\/aconteceunovale.com.br\/portal\/index.php?rest_route=\/wp\/v2\/posts"}],"about":[{"href":"https:\/\/aconteceunovale.com.br\/portal\/index.php?rest_route=\/wp\/v2\/types\/post"}],"author":[{"embeddable":true,"href":"https:\/\/aconteceunovale.com.br\/portal\/index.php?rest_route=\/wp\/v2\/users\/1"}],"replies":[{"embeddable":true,"href":"https:\/\/aconteceunovale.com.br\/portal\/index.php?rest_route=%2Fwp%2Fv2%2Fcomments&post=23659"}],"version-history":[{"count":0,"href":"https:\/\/aconteceunovale.com.br\/portal\/index.php?rest_route=\/wp\/v2\/posts\/23659\/revisions"}],"wp:featuredmedia":[{"embeddable":true,"href":"https:\/\/aconteceunovale.com.br\/portal\/index.php?rest_route=\/wp\/v2\/media\/19935"}],"wp:attachment":[{"href":"https:\/\/aconteceunovale.com.br\/portal\/index.php?rest_route=%2Fwp%2Fv2%2Fmedia&parent=23659"}],"wp:term":[{"taxonomy":"category","embeddable":true,"href":"https:\/\/aconteceunovale.com.br\/portal\/index.php?rest_route=%2Fwp%2Fv2%2Fcategories&post=23659"},{"taxonomy":"post_tag","embeddable":true,"href":"https:\/\/aconteceunovale.com.br\/portal\/index.php?rest_route=%2Fwp%2Fv2%2Ftags&post=23659"}],"curies":[{"name":"wp","href":"https:\/\/api.w.org\/{rel}","templated":true}]}}