{"id":23637,"date":"2014-03-13T14:03:52","date_gmt":"2014-03-13T17:03:52","guid":{"rendered":"http:\/\/aconteceunovale.com.br\/portal\/?p=23637"},"modified":"2014-03-13T14:03:52","modified_gmt":"2014-03-13T17:03:52","slug":"criminoso-morre-durante-troca-de-tiros-com-a-policia-militar-em-mantena","status":"publish","type":"post","link":"https:\/\/aconteceunovale.com.br\/portal\/?p=23637","title":{"rendered":"Criminoso morre durante troca de tiros com a Pol\u00edcia Militar em Mantena"},"content":{"rendered":"<p>Um rapaz de 21 anos morreu durante uma troca de tiros com a Pol\u00edcia Militar no fim da tarde dessa quarta-feira (12), em Mantena , no Leste de Minas Gerais. Segundo informa\u00e7\u00f5es da PM, o jovem e um homem de 26 anos tinham acabado de roubar uma casa, no distrito de Ariranha, zona rural da cidade.<\/p>\n<p>Ainda segundo a PM, ap\u00f3s o roubo os homens pegaram um t\u00e1xi e foram em dire\u00e7\u00e3o a Mantena. L\u00e1, a pol\u00edcia fez um cerco aos criminosos na BR-381, a cerca de 1 km da entrada da cidade.<\/p>\n<p>De acordo com a pol\u00edcia, aos serem abordados, os homens desceram de um t\u00e1xi e come\u00e7aram a atirar contra dois policiais militares. Durante a troca de tiros, o rapaz de 21 anos acabou sendo baleado e morreu no local.<\/p>\n<p>Segundo a PM, os dois suspeitos tinham passagens por roubo e consumo de drogas. O homem de 26 anos conseguiu fugir, mas foi encontrado uma hora depois. Uma carabina, calibre 22, e os materiais roubados foram encaminhados para a delegacia, juntamente com o suspeito.<\/p>\n<p>O homem de 26 anos n\u00e3o ficou ferido. Ele estava cumprindo pena em regime semiaberto. O outro rapaz, morto no confronto, havia sa\u00eddo da cadeia h\u00e1 tr\u00eas dias.<\/p>\n<p>De acordo com a pol\u00edcia, o taxista n\u00e3o tem nenhum envolvimento com o crime. Ningu\u00e9m mais se feriu.<\/p>\n<p><img decoding=\"async\" src=\"http:\/\/aconteceunovale.com.br\/portal\/wp-content\/uploads\/2014\/03\/criminoso_morre_troca_tiro_pm_mantena.jpg\" alt=\"\" \/><br \/>\n<em>(Inter TV dos Vales \/ Foto: Divulga\u00e7\u00e3o\/PM)<\/em><\/p>\n","protected":false},"excerpt":{"rendered":"<p>Um rapaz de 21 anos morreu durante uma troca de tiros com a Pol\u00edcia Militar no fim da tarde dessa quarta-feira (12), em Mantena , no Leste de Minas Gerais. Segundo informa\u00e7\u00f5es da PM, o jovem e um homem de 26 anos tinham acabado de roubar uma casa, no distrito de Ariranha, zona rural da [&hellip;]<\/p>\n","protected":false},"author":1,"featured_media":23638,"comment_status":"open","ping_status":"closed","sticky":false,"template":"","format":"standard","meta":{"amp_status":"","footnotes":""},"categories":[121],"tags":[5466,1516],"class_list":["post-23637","post","type-post","status-publish","format-standard","has-post-thumbnail","hentry","category-leste","tag-criminoso-morre-durante-troca-de-tiros-com-a-policia-militar-em-mantena","tag-mantena"],"_links":{"self":[{"href":"https:\/\/aconteceunovale.com.br\/portal\/index.php?rest_route=\/wp\/v2\/posts\/23637","targetHints":{"allow":["GET"]}}],"collection":[{"href":"https:\/\/aconteceunovale.com.br\/portal\/index.php?rest_route=\/wp\/v2\/posts"}],"about":[{"href":"https:\/\/aconteceunovale.com.br\/portal\/index.php?rest_route=\/wp\/v2\/types\/post"}],"author":[{"embeddable":true,"href":"https:\/\/aconteceunovale.com.br\/portal\/index.php?rest_route=\/wp\/v2\/users\/1"}],"replies":[{"embeddable":true,"href":"https:\/\/aconteceunovale.com.br\/portal\/index.php?rest_route=%2Fwp%2Fv2%2Fcomments&post=23637"}],"version-history":[{"count":0,"href":"https:\/\/aconteceunovale.com.br\/portal\/index.php?rest_route=\/wp\/v2\/posts\/23637\/revisions"}],"wp:featuredmedia":[{"embeddable":true,"href":"https:\/\/aconteceunovale.com.br\/portal\/index.php?rest_route=\/wp\/v2\/media\/23638"}],"wp:attachment":[{"href":"https:\/\/aconteceunovale.com.br\/portal\/index.php?rest_route=%2Fwp%2Fv2%2Fmedia&parent=23637"}],"wp:term":[{"taxonomy":"category","embeddable":true,"href":"https:\/\/aconteceunovale.com.br\/portal\/index.php?rest_route=%2Fwp%2Fv2%2Fcategories&post=23637"},{"taxonomy":"post_tag","embeddable":true,"href":"https:\/\/aconteceunovale.com.br\/portal\/index.php?rest_route=%2Fwp%2Fv2%2Ftags&post=23637"}],"curies":[{"name":"wp","href":"https:\/\/api.w.org\/{rel}","templated":true}]}}