{"id":23605,"date":"2014-03-13T13:26:16","date_gmt":"2014-03-13T16:26:16","guid":{"rendered":"http:\/\/aconteceunovale.com.br\/portal\/?p=23605"},"modified":"2014-03-13T13:26:16","modified_gmt":"2014-03-13T16:26:16","slug":"cemig-realiza-obras-em-conceicao-do-mato-dentro","status":"publish","type":"post","link":"https:\/\/aconteceunovale.com.br\/portal\/?p=23605","title":{"rendered":"Cemig realiza obras em Concei\u00e7\u00e3o do Mato Dentro"},"content":{"rendered":"<p>A Companhia Energ\u00e9tica de Minas Gerais (Cemig) vai fazer, na segunda-feira 17, a troca de cabos de baixa tens\u00e3o convencionais por isolados e a instala\u00e7\u00e3o de um transformador na Rede de Distribui\u00e7\u00e3o Urbana (RDU), em Concei\u00e7\u00e3o do Mato Dentro.<\/p>\n<p>Cerca de 20 colaboradores da Empresa estar\u00e3o trabalhando nessa obra que  tornar\u00e1 a rede mais segura, garantindo uma maior confiabilidade do fornecimento de energia para a popula\u00e7\u00e3o, a ind\u00fastria e o com\u00e9rcio local, melhorando tamb\u00e9m a intera\u00e7\u00e3o com a arboriza\u00e7\u00e3o urbana e a polui\u00e7\u00e3o visual. A obra vai, ainda, aumentar a oferta de energia, possibilitando o acr\u00e9scimo de carga na regi\u00e3o.<\/p>\n<p>Para executar esse trabalho com seguran\u00e7a, ser\u00e1 necess\u00e1rio interromper o fornecimento de energia de 10h30 \u00e0s 16h nos seguintes endere\u00e7os:<\/p>\n<p>PRA\u00c7A MATOZINHO, Entre n\u00fameros 262 e 526<br \/>\nRUA MIGUEL TANURE, n\u00famero 88<br \/>\nRUA CHICO JULHO, Entre n\u00fameros 25 e 27<br \/>\nRUA MATOZINHO, Entre n\u00fameros 139 e 778<br \/>\nRUA VEREADOR JOS\u00c9 SILVA, Entre n\u00fameros 20 e 105, CENTRO<br \/>\nRUA MATOZINHO, Entre n\u00fameros 220 e 761, MATOZINHOS<\/p>\n<p>Durante esse per\u00edodo, caso precise mexer na instala\u00e7\u00e3o el\u00e9trica interna, o consumidor dever\u00e1 desligar antes a chave geral (disjuntor) para sua seguran\u00e7a.<\/p>\n<p>Esclarecemos que, em fun\u00e7\u00e3o da complexidade dos servi\u00e7os a serem executados, poder\u00e1 ocorrer atraso no hor\u00e1rio previsto ou o cancelamento deste desligamento sem aviso pr\u00e9vio. Por medida de seguran\u00e7a, todos os equipamentos devem ser considerados energizados durante o per\u00edodo mencionado. Caso os servi\u00e7os de melhoria sejam conclu\u00eddos antes do hor\u00e1rio indicado, o fornecimento de energia el\u00e9trica ser\u00e1 restabelecido.<\/p>\n","protected":false},"excerpt":{"rendered":"<p>A Companhia Energ\u00e9tica de Minas Gerais (Cemig) vai fazer, na segunda-feira 17, a troca de cabos de baixa tens\u00e3o convencionais por isolados e a instala\u00e7\u00e3o de um transformador na Rede de Distribui\u00e7\u00e3o Urbana (RDU), em Concei\u00e7\u00e3o do Mato Dentro. Cerca de 20 colaboradores da Empresa estar\u00e3o trabalhando nessa obra que tornar\u00e1 a rede mais segura, [&hellip;]<\/p>\n","protected":false},"author":1,"featured_media":13401,"comment_status":"open","ping_status":"closed","sticky":false,"template":"","format":"standard","meta":{"amp_status":"","footnotes":""},"categories":[6],"tags":[5460,628],"class_list":["post-23605","post","type-post","status-publish","format-standard","has-post-thumbnail","hentry","category-br","tag-cemig-realiza-obras-em-conceicao-do-mato-dentro","tag-conceicao-do-mato-dentro"],"_links":{"self":[{"href":"https:\/\/aconteceunovale.com.br\/portal\/index.php?rest_route=\/wp\/v2\/posts\/23605","targetHints":{"allow":["GET"]}}],"collection":[{"href":"https:\/\/aconteceunovale.com.br\/portal\/index.php?rest_route=\/wp\/v2\/posts"}],"about":[{"href":"https:\/\/aconteceunovale.com.br\/portal\/index.php?rest_route=\/wp\/v2\/types\/post"}],"author":[{"embeddable":true,"href":"https:\/\/aconteceunovale.com.br\/portal\/index.php?rest_route=\/wp\/v2\/users\/1"}],"replies":[{"embeddable":true,"href":"https:\/\/aconteceunovale.com.br\/portal\/index.php?rest_route=%2Fwp%2Fv2%2Fcomments&post=23605"}],"version-history":[{"count":0,"href":"https:\/\/aconteceunovale.com.br\/portal\/index.php?rest_route=\/wp\/v2\/posts\/23605\/revisions"}],"wp:featuredmedia":[{"embeddable":true,"href":"https:\/\/aconteceunovale.com.br\/portal\/index.php?rest_route=\/wp\/v2\/media\/13401"}],"wp:attachment":[{"href":"https:\/\/aconteceunovale.com.br\/portal\/index.php?rest_route=%2Fwp%2Fv2%2Fmedia&parent=23605"}],"wp:term":[{"taxonomy":"category","embeddable":true,"href":"https:\/\/aconteceunovale.com.br\/portal\/index.php?rest_route=%2Fwp%2Fv2%2Fcategories&post=23605"},{"taxonomy":"post_tag","embeddable":true,"href":"https:\/\/aconteceunovale.com.br\/portal\/index.php?rest_route=%2Fwp%2Fv2%2Ftags&post=23605"}],"curies":[{"name":"wp","href":"https:\/\/api.w.org\/{rel}","templated":true}]}}