{"id":23548,"date":"2014-03-12T00:48:06","date_gmt":"2014-03-12T03:48:06","guid":{"rendered":"http:\/\/aconteceunovale.com.br\/portal\/?p=23548"},"modified":"2014-03-12T00:48:06","modified_gmt":"2014-03-12T03:48:06","slug":"cerca-de-mil-familias-terao-que-deixar-terrenos-invadidos-em-ipatinga","status":"publish","type":"post","link":"https:\/\/aconteceunovale.com.br\/portal\/?p=23548","title":{"rendered":"Cerca de mil fam\u00edlias ter\u00e3o que deixar terrenos invadidos em Ipatinga"},"content":{"rendered":"<p>Tr\u00eas \u00e1reas p\u00fablicas invadidas por sem-casa em Ipatinga, no Vale do A\u00e7o, podem ser desocupadas a qualquer momento pela Pol\u00edcia Militar (PM) em cumprimento a uma determina\u00e7\u00e3o judicial. As liminares foram obtidas pela prefeitura. Estima-se que cerca de mil pessoas estejam nestas ocupa\u00e7\u00f5es irregulares.<\/p>\n<p>De acordo com informa\u00e7\u00e3o do 14\u00ba Batalh\u00e3o da Pol\u00edcia Militar (14\u00baBPM), o plano de reintegra\u00e7\u00e3o de posse foi aprovado pelo comando geral da PM em Belo Horizonte. A expectativa \u00e9 que seja executado at\u00e9 quinta-feira (13). As \u00e1reas que ficam nos bairros Recanto e Nova Esperan\u00e7a ser\u00e3o priorizadas porque foram invadidas primeiro. Na seq\u00fc\u00eancia, ser\u00e1 a vez do Planalto II.<\/p>\n<p>Esse plano de desocupa\u00e7\u00e3o foi apresentado \u00e0s 9 horas desta ter\u00e7a-feira (11) na sede do 14\u00ba BPM a representantes da Comiss\u00e3o de Direitos Humanos, Minist\u00e9rio P\u00fablico e do Judici\u00e1rio. Tropas de choque, cavalaria, viaturas policiais e uma aeronave est\u00e3o mobilizados para a a\u00e7\u00e3o de reintegra\u00e7\u00e3o de posse. Nesta manh\u00e3 alguns deles fizeram treinamentos. <\/p>\n<p>No final da tarde, o juiz da Vara da Fazenda P\u00fablica, F\u00e1bio Torres, convocou nova reuni\u00e3o entre o comandante do 14\u00ba BPM, tenente-coronel Edv\u00e2nio Carneiro, e lideran\u00e7as das invas\u00f5es. O encontro era visto como a \u00faltima esperan\u00e7a para a sa\u00edda organizada e pac\u00edfica dos invasores. At\u00e9 o final desta edi\u00e7\u00e3o, ainda n\u00e3o haviam chegado a um acordo.<\/p>\n<h3><strong>Liminares<\/strong><\/h3>\n<p>A Justi\u00e7a j\u00e1 expediu quatro liminares determinando a desocupa\u00e7\u00e3o de \u00e1reas p\u00fablicas invadidas em Ipatinga. Duas liminares dizem respeito a terrenos do bairro Planalto. Desde que as ocupa\u00e7\u00f5es come\u00e7aram, em janeiro, a prefeita Cec\u00edlia Ferramenta (PT) sustenta que as \u00e1reas invadidas s\u00e3o de alto risco ou n\u00e3o indicadas para a constru\u00e7\u00e3o de moradias.<\/p>\n<p>\u201cPedimos a essas fam\u00edlias para que saiam desses terrenos de forma pac\u00edfica, pois n\u00e3o h\u00e1 condi\u00e7\u00f5es t\u00e9cnicas para serem habitados\u201d, avisou. A prefeita determinou a realiza\u00e7\u00e3o de um levantamento social, j\u00e1 em andamento, para identificar as fam\u00edlias desabrigadas pelas chuvas ou que realmente precisam de moradia. <\/p>\n<p>As desabrigadas receber\u00e3o aluguel social e as demais ser\u00e3o inclu\u00eddas no Cadastro \u00danico (CAD-\u00danico) para concorrerem a im\u00f3veis por meio do Programa Minha Casa Minha Vida, em parceria com o Governo Federal. As fam\u00edlias sem-casa interessadas tamb\u00e9m podem fazer o cadastro em uma das cinco unidades Centro de Refer\u00eancia da Assist\u00eancia Social (CRAS) em Ipatinga.<\/p>\n<p><img decoding=\"async\" src=\"http:\/\/aconteceunovale.com.br\/portal\/wp-content\/uploads\/2014\/03\/familias_deixarao_area_ocupada_ipatinga.jpg\" alt=\"\" \/><br \/>\n<strong>Plano de reintegra\u00e7\u00e3o de posse de terrenos em Ipatinga deve ser executado at\u00e9 quinta-feira (14) &#8211; Foto: Ascom\/Prefeitura de Ipatinga<\/strong><\/p>\n","protected":false},"excerpt":{"rendered":"<p>Tr\u00eas \u00e1reas p\u00fablicas invadidas por sem-casa em Ipatinga, no Vale do A\u00e7o, podem ser desocupadas a qualquer momento pela Pol\u00edcia Militar (PM) em cumprimento a uma determina\u00e7\u00e3o judicial. As liminares foram obtidas pela prefeitura. Estima-se que cerca de mil pessoas estejam nestas ocupa\u00e7\u00f5es irregulares. De acordo com informa\u00e7\u00e3o do 14\u00ba Batalh\u00e3o da Pol\u00edcia Militar (14\u00baBPM), [&hellip;]<\/p>\n","protected":false},"author":1,"featured_media":23549,"comment_status":"open","ping_status":"closed","sticky":false,"template":"","format":"standard","meta":{"amp_status":"","footnotes":""},"categories":[121],"tags":[5440,201],"class_list":["post-23548","post","type-post","status-publish","format-standard","has-post-thumbnail","hentry","category-leste","tag-cerca-de-mil-familias-terao-que-deixar-terrenos-invadidos-em-ipatinga","tag-ipatinga"],"_links":{"self":[{"href":"https:\/\/aconteceunovale.com.br\/portal\/index.php?rest_route=\/wp\/v2\/posts\/23548","targetHints":{"allow":["GET"]}}],"collection":[{"href":"https:\/\/aconteceunovale.com.br\/portal\/index.php?rest_route=\/wp\/v2\/posts"}],"about":[{"href":"https:\/\/aconteceunovale.com.br\/portal\/index.php?rest_route=\/wp\/v2\/types\/post"}],"author":[{"embeddable":true,"href":"https:\/\/aconteceunovale.com.br\/portal\/index.php?rest_route=\/wp\/v2\/users\/1"}],"replies":[{"embeddable":true,"href":"https:\/\/aconteceunovale.com.br\/portal\/index.php?rest_route=%2Fwp%2Fv2%2Fcomments&post=23548"}],"version-history":[{"count":0,"href":"https:\/\/aconteceunovale.com.br\/portal\/index.php?rest_route=\/wp\/v2\/posts\/23548\/revisions"}],"wp:featuredmedia":[{"embeddable":true,"href":"https:\/\/aconteceunovale.com.br\/portal\/index.php?rest_route=\/wp\/v2\/media\/23549"}],"wp:attachment":[{"href":"https:\/\/aconteceunovale.com.br\/portal\/index.php?rest_route=%2Fwp%2Fv2%2Fmedia&parent=23548"}],"wp:term":[{"taxonomy":"category","embeddable":true,"href":"https:\/\/aconteceunovale.com.br\/portal\/index.php?rest_route=%2Fwp%2Fv2%2Fcategories&post=23548"},{"taxonomy":"post_tag","embeddable":true,"href":"https:\/\/aconteceunovale.com.br\/portal\/index.php?rest_route=%2Fwp%2Fv2%2Ftags&post=23548"}],"curies":[{"name":"wp","href":"https:\/\/api.w.org\/{rel}","templated":true}]}}