{"id":23434,"date":"2014-03-11T09:40:23","date_gmt":"2014-03-11T12:40:23","guid":{"rendered":"http:\/\/aconteceunovale.com.br\/portal\/?p=23434"},"modified":"2014-03-11T09:40:23","modified_gmt":"2014-03-11T12:40:23","slug":"suspeito-de-roubar-r-24-mil-em-quatro-assaltos-e-preso-em-valadares","status":"publish","type":"post","link":"https:\/\/aconteceunovale.com.br\/portal\/?p=23434","title":{"rendered":"Suspeito de roubar R$ 24 mil em quatro assaltos \u00e9 preso em Valadares"},"content":{"rendered":"<h3><strong>Welinton Fernandes de Carvalho, 35 anos, foi apresentado nesta segunda. Ele foi preso pela manh\u00e3, na casa onde morava, na Rua da Justi\u00e7a.<\/strong><\/h3>\n<p>Principal suspeito de cometer quatro assaltos no intervalo de apenas 15 dias em Governador Valadares, no Leste de Minas Gerais, Welinton Fernandes de Carvalho, 35 anos,  foi apresentado na tarde desta segunda-feira (10) na delegacia da cidade.<\/p>\n<p><img decoding=\"async\" src=\"http:\/\/aconteceunovale.com.br\/portal\/wp-content\/uploads\/2014\/03\/preso_roubos_gv_10_3.jpg\" alt=\"\" \/><br \/>\n<em>(Foto: Diego Souza\/G1)<\/em><\/p>\n<p>Ele foi preso na manh\u00e3 desta segunda na casa onde morava, na Rua da Justi\u00e7a, na Vila Rica. O suspeito vinha sendo investigado pela Pol\u00edcia Civil e ap\u00f3s ser expedido um mandado pris\u00e3o, no dia 27 de fevereiro, Wellington acabou capturado.<\/p>\n<p>\u201cTivemos a informa\u00e7\u00e3o de um assalto cometido por ele no dia 30 de dezembro do ano passado. Na ocasi\u00e3o ele roubou a moto de um funcion\u00e1rio de uma farm\u00e1cia para praticar outros dois assaltos no dia seguinte, ou seja, no dia 31 de dezembro, no intervalo de uma hora. Posteriormente ele cometeu outro assalto no dia 15 de janeiro deste ano\u201d, revelou a delegada Luciane Lib\u00f3rio durante coletiva de imprensa.<\/p>\n<h3><strong>&#8216;S\u00f3 quero o dinheiro&#8217;<\/strong><\/h3>\n<p>Ainda de acordo com a delegada, o suspeito j\u00e1 tem passagem pela pol\u00edcia por uso de drogas. Nos quatro assaltos praticados, Welinton conseguiu roubar cerca de R$ 24 mil das v\u00edtimas.<\/p>\n<p>\u201cNum prazo de quinze dias ele roubou mais de R$ 24 mil em v\u00e1rios estabelecimentos comercias no Bairro Santa Rita. Em sua primeira investida, Welinton roubou R$ 8 mil reais e uma motocicleta numa farm\u00e1cia, fazendo uso deste ve\u00edculo para pr\u00e1tica de outros roubos. Nas suas rela\u00e7\u00f5es de v\u00edtimas, existem postos de gasolina, farm\u00e1cia e correspondentes financeiros\u201d, diz a delegada Lib\u00f3rio.<\/p>\n<p>Agora a Pol\u00edcia Civil investiga se o suspeito contou com a ajuda de outras pessoas para praticar os assaltos. Durante entrevista, a delegada revelou como o suspeito agia na pr\u00e1tica dos crimes.<\/p>\n<p>\u201cEle identificava o estabelecimento e ia at\u00e9 o local a p\u00e9. Depois ele retornava, rendia as v\u00edtimas e levava o dinheiro. Algumas v\u00edtimas disseram que ele dizia que s\u00f3 queria o dinheiro, antes de fugir. A Pol\u00edcia Civil vai continuar investigando e apurando esses crimes que mais impactam na sociedade. Ele \u00e9 um criminoso em potencial, mas que agora est\u00e1 preso\u201d, finalizou a delegada. (Inter TV dos Vales)<\/p>\n","protected":false},"excerpt":{"rendered":"<p>Welinton Fernandes de Carvalho, 35 anos, foi apresentado nesta segunda. Ele foi preso pela manh\u00e3, na casa onde morava, na Rua da Justi\u00e7a. Principal suspeito de cometer quatro assaltos no intervalo de apenas 15 dias em Governador Valadares, no Leste de Minas Gerais, Welinton Fernandes de Carvalho, 35 anos, foi apresentado na tarde desta segunda-feira [&hellip;]<\/p>\n","protected":false},"author":1,"featured_media":23435,"comment_status":"open","ping_status":"closed","sticky":false,"template":"","format":"standard","meta":{"amp_status":"","footnotes":""},"categories":[121],"tags":[1018,247,5398,5399],"class_list":["post-23434","post","type-post","status-publish","format-standard","has-post-thumbnail","hentry","category-leste","tag-destaque","tag-governador-valadares","tag-suspeito-de-roubar-r-24-mil-em-quatro-assaltos-e-preso-em-valadares","tag-welinton-fernandes-de-carvalho"],"_links":{"self":[{"href":"https:\/\/aconteceunovale.com.br\/portal\/index.php?rest_route=\/wp\/v2\/posts\/23434","targetHints":{"allow":["GET"]}}],"collection":[{"href":"https:\/\/aconteceunovale.com.br\/portal\/index.php?rest_route=\/wp\/v2\/posts"}],"about":[{"href":"https:\/\/aconteceunovale.com.br\/portal\/index.php?rest_route=\/wp\/v2\/types\/post"}],"author":[{"embeddable":true,"href":"https:\/\/aconteceunovale.com.br\/portal\/index.php?rest_route=\/wp\/v2\/users\/1"}],"replies":[{"embeddable":true,"href":"https:\/\/aconteceunovale.com.br\/portal\/index.php?rest_route=%2Fwp%2Fv2%2Fcomments&post=23434"}],"version-history":[{"count":0,"href":"https:\/\/aconteceunovale.com.br\/portal\/index.php?rest_route=\/wp\/v2\/posts\/23434\/revisions"}],"wp:featuredmedia":[{"embeddable":true,"href":"https:\/\/aconteceunovale.com.br\/portal\/index.php?rest_route=\/wp\/v2\/media\/23435"}],"wp:attachment":[{"href":"https:\/\/aconteceunovale.com.br\/portal\/index.php?rest_route=%2Fwp%2Fv2%2Fmedia&parent=23434"}],"wp:term":[{"taxonomy":"category","embeddable":true,"href":"https:\/\/aconteceunovale.com.br\/portal\/index.php?rest_route=%2Fwp%2Fv2%2Fcategories&post=23434"},{"taxonomy":"post_tag","embeddable":true,"href":"https:\/\/aconteceunovale.com.br\/portal\/index.php?rest_route=%2Fwp%2Fv2%2Ftags&post=23434"}],"curies":[{"name":"wp","href":"https:\/\/api.w.org\/{rel}","templated":true}]}}