{"id":23213,"date":"2014-03-08T16:29:36","date_gmt":"2014-03-08T19:29:36","guid":{"rendered":"http:\/\/aconteceunovale.com.br\/portal\/?p=23213"},"modified":"2014-03-08T22:30:01","modified_gmt":"2014-03-09T01:30:01","slug":"entrevista-soldado-nathan-candidato-a-presidente-da-associacao-dos-pracas-fala-em-melhorias-para-classe","status":"publish","type":"post","link":"https:\/\/aconteceunovale.com.br\/portal\/?p=23213","title":{"rendered":"ENTREVISTA \u2013 Soldado Nathan, candidato a presidente da Associa\u00e7\u00e3o dos Pra\u00e7as fala em melhorias para classe"},"content":{"rendered":"<p>Candidato a presidente da APNM \u2013 Associa\u00e7\u00e3o dos Pra\u00e7as do Nordeste Mineiro pela Chapa NOVO TEMPO, Soldado Nathan Rodrigues nos concedeu entrevista. Nathan falou da atual situa\u00e7\u00e3o da entidade e dos projetos que pretende implantar caso seja eleito. As elei\u00e7\u00f5es para diretoria executiva e conselho deliberativo acontecer\u00e3o no dia 12 de abril, na sede da entidade e nas suas regionais.<\/p>\n<p>Atualmente cursando o \u00faltimo ano da gradua\u00e7\u00e3o de Gest\u00e3o P\u00fablica e primeiro per\u00edodo da gradua\u00e7\u00e3o de Direito, ingressou na PMMG em 2006, na cidade de Belo Horizonte e trabalha em Te\u00f3filo Otoni desde o ano de 2008. Participou efetivamente na luta da PEC 300 em Bras\u00edlia, das reivindica\u00e7\u00f5es salarias em 2007, 2009 e 2011, das discuss\u00f5es sobre as melhorias no PROMORAR e IPSM em BH no ano de 2012.<\/p>\n<p><img decoding=\"async\" src=\"http:\/\/aconteceunovale.com.br\/portal\/wp-content\/uploads\/2014\/03\/natan_rodrigues_novo_tempo.jpg\" alt=\"\" \/><br \/>\n<em>(Foto: Divulga\u00e7\u00e3o)<\/em><\/p>\n<p><strong>REDA\u00c7\u00c3O &#8211; Porque se disp\u00f4s a ser candidato a presidente da APNM?<\/strong><\/p>\n<p><strong>Nathan:<\/strong> Nossa luta em prol da classe n\u00e3o come\u00e7ou agora, desde 2007 venho atuando em benef\u00edcio da coletividade, participei de v\u00e1rias reivindica\u00e7\u00f5es em Belo Horizonte, Bras\u00edlia e outros locais do Brasil, nesses eventos tomei conhecimento que existem muitas maneiras de se buscar alternativas para ajudar os nossos companheiros e isso me motivou a atuar com mais dedica\u00e7\u00e3o. Em 2011 participei da elei\u00e7\u00e3o da APNM onde concorri ao cargo de secret\u00e1rio pela chapa encabe\u00e7ada pelo Cabo Azevedo. E recentemente alguns associados sugeriram o meu nome para concorrer ao cargo, a ideia foi amadurecendo e unido a minha vontade de ver a APNM mais atuante decidi encarar esse desafio. Hoje mais experiente e ao lado de uma chapa muito competente e composta por pessoas compromissadas que j\u00e1 demonstraram que est\u00e3o dispostas a trabalhar e isso me incentivou ainda mais a ser candidato pela CHAPA NOVO TEMPO.<\/p>\n<p><strong>REDA\u00c7\u00c3O &#8211; Como voc\u00ea v\u00ea a situa\u00e7\u00e3o atual da APNM?<\/strong><\/p>\n<p><strong>Nathan: <\/strong>Podemos perceber que apesar de ter tido um aumento do n\u00famero dos associados, hoje a nossa entidade estagnou e alguns servi\u00e7os est\u00e3o deixando a desejar e isso est\u00e1 trazendo uma enorme insatisfa\u00e7\u00e3o por parte dos associados. Segundo alguns dados que levantamos, com a chegada de outras entidades na nossa cidade, ofertando melhores servi\u00e7os aos funcion\u00e1rios de seguran\u00e7a p\u00fablica nossa associa\u00e7\u00e3o teve um decr\u00e9scimo, por\u00e9m sabemos que somos uma entidade forte, regionalizada e precisamos fortalece-la cada dia mais.<\/p>\n<p><strong>REDA\u00c7\u00c3O \u2013 Como voc\u00ea avalia a composi\u00e7\u00e3o da sua chapa?<\/strong><\/p>\n<p><strong>Nathan:<\/strong> Na forma\u00e7\u00e3o da nossa chapa, denominada NOVO TEMPO, faremos a verdadeira renova\u00e7\u00e3o. Primamos por juntar pessoas carism\u00e1ticas, al\u00e9m de avaliarmos o vi\u00e9s t\u00e9cnico, temos nomes de peso junto as institui\u00e7\u00f5es e perante a sociedade, como Sargentos Mariotti, Adailton Gusm\u00e3o, Maurino Seles, Cabos Bremer, Ugleno, Parsons e Soldados Sim\u00e3o, Lucas Dantas, Nino, entre tantos outros. S\u00f3 foi poss\u00edvel a nossa candidatura gra\u00e7as a esse grupo seleto e compromissado com o bem comum.<\/p>\n<p><strong>REDA\u00c7\u00c3O \u2013 Quais as propostas da CHAPA NOVO TEMPO para a APNM?<\/strong><\/p>\n<p><strong>Nathan: <\/strong>Nosso projeto mais arrojado \u00e9 a aquisi\u00e7\u00e3o de alguns alqueires pr\u00f3ximo a Te\u00f3filo Otoni, onde construiremos nossa sede campestre, nos moldes de um Hotel Fazenda, \u00e9 algo grandioso, por\u00e9m poss\u00edvel, pois j\u00e1 fizemos um planejamento e um projeto de viabilidade com profissionais qualificados, que nos deu certeza que conseguiremos implementa-lo. Para isso n\u00e3o \u00e9 preciso fazer m\u00e1gica, basta seguir o projeto e a\u00e7\u00f5es empreendedoras. Essa semana conseguimos um desconto significativo na Universidade Presidente Antonio Carlos (UNIPAC) de 50% para nossas associados, caso nossa chapa saia vencedora. Pretendemos realizar ainda este ano uma pesquisa de satisfa\u00e7\u00e3o junto aos associados, onde faremos uma reestrutura\u00e7\u00e3o da assessoria jur\u00eddica, para buscarmos ter a melhor e mais estruturada rede de assist\u00eancia jur\u00eddica da regi\u00e3o, com plant\u00e3o 24 horas. Um dos maiores problemas j\u00e1 diagnosticado e que merecer\u00e1 uma aten\u00e7\u00e3o especial, \u00e9 a comunica\u00e7\u00e3o direta entre os associados, os advogados e a APNM. Buscaremos uma tecnologia para que os associados recebam em seus e-mails informa\u00e7\u00f5es sobre movimenta\u00e7\u00e3o processual, prazos, agendamentos e outros. Al\u00e9m de melhorias dos hot\u00e9is conveniados, entre muitas outras a\u00e7\u00f5es.<\/p>\n<p><strong>REDA\u00c7\u00c3O &#8211; Quais as primeiras atitudes que a nova diretoria deve tomar?<\/strong><\/p>\n<p><strong>Nathan:<\/strong> Ser\u00e3o necess\u00e1rias v\u00e1rias a\u00e7\u00f5es ao mesmo tempo e um dos primeiros passos \u00e9 dar transpar\u00eancia e clareza aos recursos, que nada mais \u00e9 do que nossa obriga\u00e7\u00e3o. Buscaremos aproximar os associados da entidade com um cronograma de eventos com a realiza\u00e7\u00e3o de promo\u00e7\u00f5es nas datas festivas que temos ao longo do ano. Deve-se ainda procurar parcerias com os poderes constitu\u00eddos, englobando munic\u00edpio, estado e entidades que possam contribuir e nos trazer benef\u00edcios.<\/p>\n<p><strong>REDA\u00c7\u00c3O &#8211; O que a APNM pode esperar do Nathan, presidente?<\/strong><\/p>\n<p><strong>Nathan:<\/strong> Comprometimento e vontade de fazer sempre o melhor. Acredito que quem se disp\u00f5e a realizar um trabalho deve fazer bem feito, com dedica\u00e7\u00e3o e muita responsabilidade. Caso seja eleito n\u00e3o medirei esfor\u00e7os para fazer da APNM uma entidade forte, com representatividade, com credibilidade n\u00e3o s\u00f3 junto \u00e0 classe de seguran\u00e7a p\u00fablica, mas junto a sociedade. O meu compromisso \u00e9 trabalhar objetivando o fortalecimento da nossa entidade, com a vis\u00e3o de ser de fato uma entidade representativa de classe, que \u00e9 nosso papel principal, secundariamente buscaremos a\u00e7\u00f5es que promovam a melhoria da qualidade de vida dos associados.  <\/p>\n<p><strong>REDA\u00c7\u00c3O &#8211; Qual a mensagem que o que voc\u00ea deixa para os associados da regi\u00e3o?<\/strong><\/p>\n<p><strong>Nathan: <\/strong>A vida do policial e bombeiro militar n\u00e3o \u00e9 nada f\u00e1cil, mas o amor pela farda se sobrep\u00f5e no dia-a-dia, mas precisamos lutar contra as condi\u00e7\u00f5es adversas. Nosso objetivo \u00e9 consolidar a uni\u00e3o dos funcion\u00e1rios de seguran\u00e7a p\u00fablica do nordeste mineiro. Por isso, n\u00e3o desanime, renove suas for\u00e7as e acredite. Acredite sempre na nossa entidade, acredite em voc\u00ea e acredite nos projetos da CHAPA NOVO TEMPO. Busque as informa\u00e7\u00f5es necess\u00e1rias, nos colocamos a disposi\u00e7\u00e3o de todos e tenha sempre coragem para mudar.<\/p>\n","protected":false},"excerpt":{"rendered":"<p>Candidato a presidente da APNM \u2013 Associa\u00e7\u00e3o dos Pra\u00e7as do Nordeste Mineiro pela Chapa NOVO TEMPO, Soldado Nathan Rodrigues nos concedeu entrevista. Nathan falou da atual situa\u00e7\u00e3o da entidade e dos projetos que pretende implantar caso seja eleito. As elei\u00e7\u00f5es para diretoria executiva e conselho deliberativo acontecer\u00e3o no dia 12 de abril, na sede da [&hellip;]<\/p>\n","protected":false},"author":1,"featured_media":23215,"comment_status":"open","ping_status":"closed","sticky":false,"template":"","format":"standard","meta":{"amp_status":"","footnotes":""},"categories":[6],"tags":[5191,5289,1018,5290],"class_list":["post-23213","post","type-post","status-publish","format-standard","has-post-thumbnail","hentry","category-br","tag-associacao-dos-pracas-do-nordeste-mineiro","tag-chapa-novo-tempo","tag-destaque","tag-soldado-nathan-rodrigues"],"_links":{"self":[{"href":"https:\/\/aconteceunovale.com.br\/portal\/index.php?rest_route=\/wp\/v2\/posts\/23213","targetHints":{"allow":["GET"]}}],"collection":[{"href":"https:\/\/aconteceunovale.com.br\/portal\/index.php?rest_route=\/wp\/v2\/posts"}],"about":[{"href":"https:\/\/aconteceunovale.com.br\/portal\/index.php?rest_route=\/wp\/v2\/types\/post"}],"author":[{"embeddable":true,"href":"https:\/\/aconteceunovale.com.br\/portal\/index.php?rest_route=\/wp\/v2\/users\/1"}],"replies":[{"embeddable":true,"href":"https:\/\/aconteceunovale.com.br\/portal\/index.php?rest_route=%2Fwp%2Fv2%2Fcomments&post=23213"}],"version-history":[{"count":0,"href":"https:\/\/aconteceunovale.com.br\/portal\/index.php?rest_route=\/wp\/v2\/posts\/23213\/revisions"}],"wp:featuredmedia":[{"embeddable":true,"href":"https:\/\/aconteceunovale.com.br\/portal\/index.php?rest_route=\/wp\/v2\/media\/23215"}],"wp:attachment":[{"href":"https:\/\/aconteceunovale.com.br\/portal\/index.php?rest_route=%2Fwp%2Fv2%2Fmedia&parent=23213"}],"wp:term":[{"taxonomy":"category","embeddable":true,"href":"https:\/\/aconteceunovale.com.br\/portal\/index.php?rest_route=%2Fwp%2Fv2%2Fcategories&post=23213"},{"taxonomy":"post_tag","embeddable":true,"href":"https:\/\/aconteceunovale.com.br\/portal\/index.php?rest_route=%2Fwp%2Fv2%2Ftags&post=23213"}],"curies":[{"name":"wp","href":"https:\/\/api.w.org\/{rel}","templated":true}]}}