{"id":23205,"date":"2014-03-08T15:53:43","date_gmt":"2014-03-08T18:53:43","guid":{"rendered":"http:\/\/aconteceunovale.com.br\/portal\/?p=23205"},"modified":"2014-03-08T15:53:43","modified_gmt":"2014-03-08T18:53:43","slug":"dois-homens-sao-presos-por-porte-ilegal-de-arma-em-montes-claros","status":"publish","type":"post","link":"https:\/\/aconteceunovale.com.br\/portal\/?p=23205","title":{"rendered":"Dois homens s\u00e3o presos por porte ilegal de arma em Montes Claros"},"content":{"rendered":"<p>Dois homens foram presos, por porte ilegal de arma, na madrugada deste s\u00e1bado (8), em Montes Claros (MG).<\/p>\n<p>Um policial civil \u00e0 paisana estava na Avenida Deputado Esteves Rodrigues, no Bairro Melo, quando suspeitou de um homem que parecia estar carregando uma arma na cintura. Ele pediu refor\u00e7o do Grupo de Prote\u00e7\u00e3o \u00e0 Vida da Pol\u00edcia Militar e da Delegacia de Homic\u00eddios.<\/p>\n<p>Com um dos criminosos, de 32 anos, foi encontrada uma pistola de uso restrito e que estava com a numera\u00e7\u00e3o raspada. No momento da pris\u00e3o, o celular dele tocou e um homem identificado como \u201cMarc\u00e3o\u201d, de 21 anos, residente no Bairro Vera Cruz e com v\u00e1rias passagens, informou que j\u00e1 estava nas proximidades do local para pegar a arma.<\/p>\n<p>De acordo com a pol\u00edcia, ao ser abordado, Marc\u00e3o, tentou  esconder o celular e destruir um chip telef\u00f4nico.<\/p>\n<p>Os dois homens foram levados para a delegacia.<\/p>\n<p><img decoding=\"async\" src=\"http:\/\/aconteceunovale.com.br\/portal\/wp-content\/uploads\/2014\/03\/presos_moc_8_3.jpg\" alt=\"\" \/><\/p>\n<p><em>(Via Inter TV Grande Minas \/ Foto: Divulga\u00e7\u00e3o\/Pol\u00edcia Militar)<\/em><\/p>\n","protected":false},"excerpt":{"rendered":"<p>Dois homens foram presos, por porte ilegal de arma, na madrugada deste s\u00e1bado (8), em Montes Claros (MG). Um policial civil \u00e0 paisana estava na Avenida Deputado Esteves Rodrigues, no Bairro Melo, quando suspeitou de um homem que parecia estar carregando uma arma na cintura. Ele pediu refor\u00e7o do Grupo de Prote\u00e7\u00e3o \u00e0 Vida da [&hellip;]<\/p>\n","protected":false},"author":1,"featured_media":23206,"comment_status":"open","ping_status":"closed","sticky":false,"template":"","format":"standard","meta":{"amp_status":"","footnotes":""},"categories":[1236],"tags":[5286,210],"class_list":["post-23205","post","type-post","status-publish","format-standard","has-post-thumbnail","hentry","category-norte_de_minas","tag-dois-homens-sao-presos-por-porte-ilegal-de-arma-em-montes-claros","tag-montes-claros"],"_links":{"self":[{"href":"https:\/\/aconteceunovale.com.br\/portal\/index.php?rest_route=\/wp\/v2\/posts\/23205","targetHints":{"allow":["GET"]}}],"collection":[{"href":"https:\/\/aconteceunovale.com.br\/portal\/index.php?rest_route=\/wp\/v2\/posts"}],"about":[{"href":"https:\/\/aconteceunovale.com.br\/portal\/index.php?rest_route=\/wp\/v2\/types\/post"}],"author":[{"embeddable":true,"href":"https:\/\/aconteceunovale.com.br\/portal\/index.php?rest_route=\/wp\/v2\/users\/1"}],"replies":[{"embeddable":true,"href":"https:\/\/aconteceunovale.com.br\/portal\/index.php?rest_route=%2Fwp%2Fv2%2Fcomments&post=23205"}],"version-history":[{"count":0,"href":"https:\/\/aconteceunovale.com.br\/portal\/index.php?rest_route=\/wp\/v2\/posts\/23205\/revisions"}],"wp:featuredmedia":[{"embeddable":true,"href":"https:\/\/aconteceunovale.com.br\/portal\/index.php?rest_route=\/wp\/v2\/media\/23206"}],"wp:attachment":[{"href":"https:\/\/aconteceunovale.com.br\/portal\/index.php?rest_route=%2Fwp%2Fv2%2Fmedia&parent=23205"}],"wp:term":[{"taxonomy":"category","embeddable":true,"href":"https:\/\/aconteceunovale.com.br\/portal\/index.php?rest_route=%2Fwp%2Fv2%2Fcategories&post=23205"},{"taxonomy":"post_tag","embeddable":true,"href":"https:\/\/aconteceunovale.com.br\/portal\/index.php?rest_route=%2Fwp%2Fv2%2Ftags&post=23205"}],"curies":[{"name":"wp","href":"https:\/\/api.w.org\/{rel}","templated":true}]}}