{"id":23108,"date":"2014-03-07T12:41:47","date_gmt":"2014-03-07T15:41:47","guid":{"rendered":"http:\/\/aconteceunovale.com.br\/portal\/?p=23108"},"modified":"2014-03-07T12:44:02","modified_gmt":"2014-03-07T15:44:02","slug":"populacao-de-pedra-azul-usa-redes-sociais-para-protestar-contra-a-falta-de-seguranca-na-cidade","status":"publish","type":"post","link":"https:\/\/aconteceunovale.com.br\/portal\/?p=23108","title":{"rendered":"Popula\u00e7\u00e3o de Pedra Azul usa redes sociais para protestar contra a falta de seguran\u00e7a na cidade"},"content":{"rendered":"<p>Uma tentativa de duplo homic\u00eddio durante a festa \u201cJegue El\u00e9trico\u201d no per\u00edodo de carnaval foi a \u201cgota d\u2019\u00e1gua\u201d para a popula\u00e7\u00e3o de Pedra Azul, no Vale do Jequitinhonha.  V\u00e1rias pessoas aproveitaram o poder da internet para relatarem a situa\u00e7\u00e3o que se encontra a cidade, muitos dizem n\u00e3o aguentar mais a sensa\u00e7\u00e3o de falta de seguran\u00e7a no munic\u00edpio.<\/p>\n<p>Nos dois primeiros meses do ano a cidade j\u00e1 contabilizou 3 homic\u00eddios consumados e \u00e9 constante, de acordo com relato de populares, ouvir disparos de armas de fogo nos bairros da cidade. O \u00faltimo caso que chocou a cidade aconteceu durante a festa \u201cJegue El\u00e9trico\u201d, onde dois jovens foram alvejados por diversos disparos de arma de fogo. A pol\u00edcia registrou o caso, mas n\u00e3o conseguiu localizar os autores que foram apontados pelas v\u00edtimas.<\/p>\n<p>Na tentativa de buscar solu\u00e7\u00f5es para a situa\u00e7\u00e3o, o prefeito Daniel Pires de Oliveira Costa, divulgou por meio do seu Facebook um convite para uma reuni\u00e3o, onde ser\u00e1 discutido sobre a viol\u00eancia que tomou conta do munic\u00edpio. O encontro ser\u00e1 realizado no dia 17 de mar\u00e7o. <\/p>\n<p><img decoding=\"async\" src=\"http:\/\/aconteceunovale.com.br\/portal\/wp-content\/uploads\/2013\/12\/pedra_azul_mg1.jpg\" alt=\"\" \/><br \/>\n<em>(Foto: Reprodu\u00e7\u00e3o Facebook)<\/em><\/p>\n<h3><strong>Leia o convite na \u00edntegra:<\/strong><\/h3>\n<p><em><strong>SOBRE A VIOL\u00caNCIA EM PEDRA AZUL<\/strong><\/p>\n<p>Tenho lido as manifesta\u00e7\u00f5es de todos com rela\u00e7\u00e3o \u00e0 viol\u00eancia em Pedra Azul e em especial aos \u00faltimos acontecimentos. Todos t\u00eam o direito de expor suas opini\u00f5es, entretanto, fazer politicagem oportunista culpando o Prefeito pelo banditismo em nossa cidade, \u00e9 pr\u00f3prio daqueles que perderam as benesses que a administra\u00e7\u00e3o anterior os concedia e em fun\u00e7\u00e3o disso destilam \u00f3dio contra a atual administra\u00e7\u00e3o. Tratar com politicagem um assunto t\u00e3o importante para a sociedade local \u00e9 no m\u00ednimo pobreza de esp\u00edrito. Deixem para a hora exata o debate eleitoral. Estarei pronto e satisfeito em poder mostrar o quanto Pedra Azul est\u00e1 melhorando. Voltemos, ent\u00e3o, ao assunto. Para os que n\u00e3o sabem, o artigo 144 da Constitui\u00e7\u00e3o Federal reza o seguinte: A seguran\u00e7a p\u00fablica, dever do ESTADO, direito e responsabilidade de TODOS, \u00e9 exercida para a preserva\u00e7\u00e3o da ordem p\u00fablica e da incolumidade das pessoas e do patrim\u00f4nio, atrav\u00e9s dos seguintes \u00f3rg\u00e3o: <\/p>\n<p>I &#8211; POL\u00cdCIA FEDERAL<br \/>\nII &#8211; POL\u00cdCIA RODOVI\u00c1RIA FEDERAL<br \/>\nIII &#8211; POL\u00cdCIA FERROVI\u00c1RIA FEDERAL<br \/>\nIV &#8211; POLICIAIS CIVIS<br \/>\nV &#8211; POLICIAIS MILITARES E CORPOS DE BOMBEIROS<\/p>\n<p>A Prefeitura Municipal de Pedra Azul, ciente do seu papel, faz parceria com as Pol\u00edcias Civil e Militar cedendo funcion\u00e1rios e arcando com v\u00e1rias outras despesas para o bom andamento dos trabalhos de seguran\u00e7a p\u00fablica.<\/p>\n<p>A Prefeitura Municipal est\u00e1 convidando a Ju\u00edza da Comarca, a Promotora de Justi\u00e7a, a Delegada Regional de Pol\u00edcia, o Padre, os Pastores, os vereadores, o representante da OAB, a popula\u00e7\u00e3o de um modo geral e demais representantes de entidades de classe para, na pr\u00f3xima segunda-feira, 17 de mar\u00e7o, na Casa Paroquial, tratarmos da viol\u00eancia em Pedra Azul. <\/p>\n<p>Espero que todos estejam presentes. Um grande abra\u00e7o.<br \/>\n<\/em><\/p>\n","protected":false},"excerpt":{"rendered":"<p>Uma tentativa de duplo homic\u00eddio durante a festa \u201cJegue El\u00e9trico\u201d no per\u00edodo de carnaval foi a \u201cgota d\u2019\u00e1gua\u201d para a popula\u00e7\u00e3o de Pedra Azul, no Vale do Jequitinhonha. V\u00e1rias pessoas aproveitaram o poder da internet para relatarem a situa\u00e7\u00e3o que se encontra a cidade, muitos dizem n\u00e3o aguentar mais a sensa\u00e7\u00e3o de falta de seguran\u00e7a [&hellip;]<\/p>\n","protected":false},"author":1,"featured_media":0,"comment_status":"open","ping_status":"closed","sticky":false,"template":"","format":"standard","meta":{"amp_status":"","footnotes":""},"categories":[120],"tags":[455,5263],"class_list":["post-23108","post","type-post","status-publish","format-standard","hentry","category-jequi","tag-pedra-azul","tag-populacao-de-pedra-azul-usa-redes-sociais-para-protestar-contra-a-falta-de-seguranca-na-cidade"],"_links":{"self":[{"href":"https:\/\/aconteceunovale.com.br\/portal\/index.php?rest_route=\/wp\/v2\/posts\/23108","targetHints":{"allow":["GET"]}}],"collection":[{"href":"https:\/\/aconteceunovale.com.br\/portal\/index.php?rest_route=\/wp\/v2\/posts"}],"about":[{"href":"https:\/\/aconteceunovale.com.br\/portal\/index.php?rest_route=\/wp\/v2\/types\/post"}],"author":[{"embeddable":true,"href":"https:\/\/aconteceunovale.com.br\/portal\/index.php?rest_route=\/wp\/v2\/users\/1"}],"replies":[{"embeddable":true,"href":"https:\/\/aconteceunovale.com.br\/portal\/index.php?rest_route=%2Fwp%2Fv2%2Fcomments&post=23108"}],"version-history":[{"count":0,"href":"https:\/\/aconteceunovale.com.br\/portal\/index.php?rest_route=\/wp\/v2\/posts\/23108\/revisions"}],"wp:attachment":[{"href":"https:\/\/aconteceunovale.com.br\/portal\/index.php?rest_route=%2Fwp%2Fv2%2Fmedia&parent=23108"}],"wp:term":[{"taxonomy":"category","embeddable":true,"href":"https:\/\/aconteceunovale.com.br\/portal\/index.php?rest_route=%2Fwp%2Fv2%2Fcategories&post=23108"},{"taxonomy":"post_tag","embeddable":true,"href":"https:\/\/aconteceunovale.com.br\/portal\/index.php?rest_route=%2Fwp%2Fv2%2Ftags&post=23108"}],"curies":[{"name":"wp","href":"https:\/\/api.w.org\/{rel}","templated":true}]}}