{"id":23089,"date":"2014-03-07T11:25:35","date_gmt":"2014-03-07T14:25:35","guid":{"rendered":"http:\/\/aconteceunovale.com.br\/portal\/?p=23089"},"modified":"2014-03-07T11:26:17","modified_gmt":"2014-03-07T14:26:17","slug":"ifnmg-oferece-2-mil-vagas-para-curso-preparatorio-para-o-enen","status":"publish","type":"post","link":"https:\/\/aconteceunovale.com.br\/portal\/?p=23089","title":{"rendered":"IFNMG oferece 2 mil vagas para curso preparat\u00f3rio para o Enem"},"content":{"rendered":"<p>O Instituto Federal do Norte de Minas Gerais (IFNMG) abriu sele\u00e7\u00e3o para o Curso Preparat\u00f3rio do Exame Nacional do Ensino M\u00e9dio (Pr\u00e9-Enem) na modalidade a dist\u00e2ncia, com oferta de duas mil vagas, em 46 cidades.<\/p>\n<p>As inscri\u00e7\u00f5es devem ser feitas at\u00e9 13 de mar\u00e7o, via formul\u00e1rio eletr\u00f4nico, dispon\u00edvel no endere\u00e7o eletr\u00f4nico <a href=\"https:\/\/ava.ifnmg.edu.br\" target=\"_blank\">https:\/\/ava.ifnmg.edu.br<\/a>.<\/p>\n<p>Tanto a inscri\u00e7\u00e3o quanto o curso s\u00e3o inteiramente gratuitos.<\/p>\n<p>Para candidatar-se \u00e9 necess\u00e1rio estar cursando o terceiro ano do ensino m\u00e9dio, ter conclu\u00eddo o ensino m\u00e9dio ou ter mais de 18 anos, ter conclu\u00eddo o ensino fundamental, e desejar obter a certifica\u00e7\u00e3o do ensino m\u00e9dio.<\/p>\n<p>Ser\u00e3o classificados os primeiros candidatos que se inscreverem, dentro do n\u00famero de vagas dispon\u00edveis para o polo escolhido, desde que obede\u00e7am aos crit\u00e9rios estabelecidos no edital.<\/p>\n<p>O resultado da sele\u00e7\u00e3o ser\u00e1 divulgado no dia 14 de mar\u00e7o e as aulas iniciar\u00e3o no dia 17 do mesmo m\u00eas.<\/p>\n<p>Em caso de d\u00favidas, os interessados podem entrar em contato com a Diretoria de Educa\u00e7\u00e3o a Dist\u00e2ncia do IFNMG, pelos e-mails redeetecbrasil@ifnmg.edu.br e ead@ifnmg.edu.br.<\/p>\n<p>Mais informa\u00e7\u00f5es: <a href=\"http:\/\/www.ifnmg.edu.br\" target=\"_blank\">www.ifnmg.edu.br<\/a>.<\/p>\n<p><strong>Confira as cidades que ofertam vagas:<\/strong><\/p>\n<p>Almenara, Ara\u00e7ua\u00ed, Arinos, Bocai\u00fava, Bonito de Minas, Buritis, Cachoeira de Paje\u00fa, Capit\u00e3o En\u00e9as, Catuji, Catuti, Chapada do Norte, Cora\u00e7\u00e3o de Jesus, Coronel Murta, Datas, Diamantina, Divisa Alegre, Engenheiro Navarro, Francisco Dumont, Glaucil\u00e2ndia, Gr\u00e3o Mogol, Guaraciama, Itamarandiba, Itambacuri, Jana\u00faba, Janu\u00e1ria, Jequitinhonha, Josen\u00f3polis, Juramento, Mirabela, Mirav\u00e2nia, Monte Azul, Montezuma, Padre Carvalho, Pirapora, Porteirinha, Riachinho, Riacho dos Machados, Rio Pardo de Minas, Salinas, Santo Ant\u00f4nio do Retiro, Taiobeiras, Te\u00f3filo Otoni, Uruana de Minas, Vargem Grande do Rio Pardo, Verdel\u00e2ndia e Virgem da Lapa.<\/p>\n<p><img decoding=\"async\" src=\"http:\/\/aconteceunovale.com.br\/portal\/wp-content\/uploads\/2014\/03\/ifnmg2.png\" alt=\"\" \/><\/p>\n","protected":false},"excerpt":{"rendered":"<p>O Instituto Federal do Norte de Minas Gerais (IFNMG) abriu sele\u00e7\u00e3o para o Curso Preparat\u00f3rio do Exame Nacional do Ensino M\u00e9dio (Pr\u00e9-Enem) na modalidade a dist\u00e2ncia, com oferta de duas mil vagas, em 46 cidades. As inscri\u00e7\u00f5es devem ser feitas at\u00e9 13 de mar\u00e7o, via formul\u00e1rio eletr\u00f4nico, dispon\u00edvel no endere\u00e7o eletr\u00f4nico https:\/\/ava.ifnmg.edu.br. Tanto a inscri\u00e7\u00e3o [&hellip;]<\/p>\n","protected":false},"author":1,"featured_media":23090,"comment_status":"open","ping_status":"closed","sticky":false,"template":"","format":"standard","meta":{"amp_status":"","footnotes":""},"categories":[6],"tags":[142,186,253,645,1799,1795,5258,1429,660,1800,481,1801,483,3279,198,5259,1691,1692,1693,1153,1694,5261,149,188,204,205,2247,1697,1699,3056,1277,1009,877,254,1194,1797,1807,421,190,3352,419,164,5260,206030,3046,1814,482],"class_list":["post-23089","post","type-post","status-publish","format-standard","has-post-thumbnail","hentry","category-br","tag-almenara","tag-aracuai","tag-arinos","tag-bocaiuva","tag-bonito-de-minas","tag-buritis","tag-cachoeira-de-pajeu","tag-capitao-eneas","tag-catuji","tag-catuti","tag-chapada-do-norte","tag-coracao-de-jesus","tag-coronel-murta","tag-datas","tag-diamantina","tag-divisa-alegre","tag-engenheiro-navarro","tag-francisco-dumont","tag-glaucilandia","tag-grao-mogol","tag-guaraciama","tag-ifnmg-oferece-2-mil-vagas-para-curso-preparatorio-para-o-enem","tag-itamarandiba","tag-itambacuri","tag-janauba","tag-januaria","tag-josenopolis","tag-juramento","tag-mirabela","tag-miravania","tag-monte-azul","tag-montezuma","tag-padre-carvalho","tag-pirapora","tag-porteirinha","tag-riachinho","tag-riacho-dos-machados","tag-rio-pardo-de-minas","tag-salinas","tag-santo-antonio-do-retiro","tag-taiobeiras","tag-teofilo-otoni","tag-uruana-de-minas","tag-jequi","tag-vargem-grande-do-rio-pardo","tag-verdelandia","tag-virgem-da-lapa"],"_links":{"self":[{"href":"https:\/\/aconteceunovale.com.br\/portal\/index.php?rest_route=\/wp\/v2\/posts\/23089","targetHints":{"allow":["GET"]}}],"collection":[{"href":"https:\/\/aconteceunovale.com.br\/portal\/index.php?rest_route=\/wp\/v2\/posts"}],"about":[{"href":"https:\/\/aconteceunovale.com.br\/portal\/index.php?rest_route=\/wp\/v2\/types\/post"}],"author":[{"embeddable":true,"href":"https:\/\/aconteceunovale.com.br\/portal\/index.php?rest_route=\/wp\/v2\/users\/1"}],"replies":[{"embeddable":true,"href":"https:\/\/aconteceunovale.com.br\/portal\/index.php?rest_route=%2Fwp%2Fv2%2Fcomments&post=23089"}],"version-history":[{"count":0,"href":"https:\/\/aconteceunovale.com.br\/portal\/index.php?rest_route=\/wp\/v2\/posts\/23089\/revisions"}],"wp:featuredmedia":[{"embeddable":true,"href":"https:\/\/aconteceunovale.com.br\/portal\/index.php?rest_route=\/wp\/v2\/media\/23090"}],"wp:attachment":[{"href":"https:\/\/aconteceunovale.com.br\/portal\/index.php?rest_route=%2Fwp%2Fv2%2Fmedia&parent=23089"}],"wp:term":[{"taxonomy":"category","embeddable":true,"href":"https:\/\/aconteceunovale.com.br\/portal\/index.php?rest_route=%2Fwp%2Fv2%2Fcategories&post=23089"},{"taxonomy":"post_tag","embeddable":true,"href":"https:\/\/aconteceunovale.com.br\/portal\/index.php?rest_route=%2Fwp%2Fv2%2Ftags&post=23089"}],"curies":[{"name":"wp","href":"https:\/\/api.w.org\/{rel}","templated":true}]}}