{"id":23014,"date":"2014-03-06T13:11:10","date_gmt":"2014-03-06T16:11:10","guid":{"rendered":"http:\/\/aconteceunovale.com.br\/portal\/?p=23014"},"modified":"2014-03-06T18:01:02","modified_gmt":"2014-03-06T21:01:02","slug":"jovem-e-preso-apos-publicar-fotos-intimas-de-adolescente-no-facebook","status":"publish","type":"post","link":"https:\/\/aconteceunovale.com.br\/portal\/?p=23014","title":{"rendered":"Jovem \u00e9 preso ap\u00f3s publicar fotos \u00edntimas de adolescente no Facebook"},"content":{"rendered":"<p>A Pol\u00edcia Civil apresentou nesta quinta-feira um jovem suspeito de publicar fotos \u00edntimas de uma adolescente de 12 anos no Facebook. O caso aconteceu em Paraopeba, na Regi\u00e3o Central de Minas. <\/p>\n<p>No \u00faltimo dia 19 de fevereiro, a m\u00e3e da menina procurou a pol\u00edcia depois que ela descobriu que a filha estava postando imagens na rede social. Com a informa\u00e7\u00e3o, os investigadores deram in\u00edcio \u00e0s apura\u00e7\u00f5es para descobrir se a p\u00e1gina do Facebook n\u00e3o era falsa e a autoria dos conte\u00fados.<\/p>\n<p>Segundo o delegado Francisco do Nascimento J\u00fanior, foi por meio de um monitoramento na rede social que a Pol\u00edcia Civil chegou at\u00e9 Ridley Maxwell Matias, 23 de anos. Ele foi preso na \u00faltima quinta-feira, em uma rua no Centro de Paraopeba. <\/p>\n<p><img decoding=\"async\" src=\"http:\/\/aconteceunovale.com.br\/portal\/wp-content\/uploads\/2014\/03\/fotos_menores_paraopeba.jpg\" alt=\"\" \/><br \/>\n<em>(Foto: Pol\u00edcia Civil\/Divulga\u00e7\u00e3o)<\/em><\/p>\n<p>\u00c0 pol\u00edcia, o jovem contou que compartilhava conte\u00fados er\u00f3ticos com a adolescente e que teve um encontro com a menina. Entretanto, Matias negou que manteve rela\u00e7\u00e3o sexual com a v\u00edtima, o que foi confirmado pela adolescente. <\/p>\n<p>Com o suspeito, o pol\u00edcia encontrou um telefone celular com imagens \u00edntimas de outras mulheres. O delegado informou que vai investigar se o conte\u00fado diz respeito a menores. <\/p>\n<p>Ridley Maxwell Matias, que n\u00e3o tinha antecedentes criminais, foi indiciado pela Pol\u00edcia Civil com base no artigo 240 do Estatuto da Crian\u00e7a e do Adolescente (Produzir, reproduzir, dirigir, fotografar, filmar ou registrar, por qualquer meio, cena de sexo expl\u00edcito ou pornogr\u00e1fica, envolvendo crian\u00e7a ou adolescente). O crime prev\u00ea reclus\u00e3o de quatro a oito anos e multa. Matias est\u00e1 no pres\u00eddio de Sete Lagoas.<\/p>\n<p><img decoding=\"async\" src=\"http:\/\/aconteceunovale.com.br\/portal\/wp-content\/uploads\/2014\/02\/mulher_no_facebook.jpg\" alt=\"\" \/><\/p>\n<p><em>(Estado de Minas)<\/em><\/p>\n","protected":false},"excerpt":{"rendered":"<p>A Pol\u00edcia Civil apresentou nesta quinta-feira um jovem suspeito de publicar fotos \u00edntimas de uma adolescente de 12 anos no Facebook. O caso aconteceu em Paraopeba, na Regi\u00e3o Central de Minas. No \u00faltimo dia 19 de fevereiro, a m\u00e3e da menina procurou a pol\u00edcia depois que ela descobriu que a filha estava postando imagens na [&hellip;]<\/p>\n","protected":false},"author":1,"featured_media":23052,"comment_status":"open","ping_status":"closed","sticky":false,"template":"","format":"standard","meta":{"amp_status":"","footnotes":""},"categories":[123],"tags":[1018,5217,1437,5237,1532],"class_list":["post-23014","post","type-post","status-publish","format-standard","has-post-thumbnail","hentry","category-gerais","tag-destaque","tag-jovem-e-preso-apos-publicar-fotos-intimas-de-adolescente-no-facebook","tag-paraopeba","tag-ridley-maxwell-matias","tag-sete-lagoas"],"_links":{"self":[{"href":"https:\/\/aconteceunovale.com.br\/portal\/index.php?rest_route=\/wp\/v2\/posts\/23014","targetHints":{"allow":["GET"]}}],"collection":[{"href":"https:\/\/aconteceunovale.com.br\/portal\/index.php?rest_route=\/wp\/v2\/posts"}],"about":[{"href":"https:\/\/aconteceunovale.com.br\/portal\/index.php?rest_route=\/wp\/v2\/types\/post"}],"author":[{"embeddable":true,"href":"https:\/\/aconteceunovale.com.br\/portal\/index.php?rest_route=\/wp\/v2\/users\/1"}],"replies":[{"embeddable":true,"href":"https:\/\/aconteceunovale.com.br\/portal\/index.php?rest_route=%2Fwp%2Fv2%2Fcomments&post=23014"}],"version-history":[{"count":0,"href":"https:\/\/aconteceunovale.com.br\/portal\/index.php?rest_route=\/wp\/v2\/posts\/23014\/revisions"}],"wp:featuredmedia":[{"embeddable":true,"href":"https:\/\/aconteceunovale.com.br\/portal\/index.php?rest_route=\/wp\/v2\/media\/23052"}],"wp:attachment":[{"href":"https:\/\/aconteceunovale.com.br\/portal\/index.php?rest_route=%2Fwp%2Fv2%2Fmedia&parent=23014"}],"wp:term":[{"taxonomy":"category","embeddable":true,"href":"https:\/\/aconteceunovale.com.br\/portal\/index.php?rest_route=%2Fwp%2Fv2%2Fcategories&post=23014"},{"taxonomy":"post_tag","embeddable":true,"href":"https:\/\/aconteceunovale.com.br\/portal\/index.php?rest_route=%2Fwp%2Fv2%2Ftags&post=23014"}],"curies":[{"name":"wp","href":"https:\/\/api.w.org\/{rel}","templated":true}]}}