{"id":23011,"date":"2014-03-06T13:02:45","date_gmt":"2014-03-06T16:02:45","guid":{"rendered":"http:\/\/aconteceunovale.com.br\/portal\/?p=23011"},"modified":"2014-03-06T13:04:02","modified_gmt":"2014-03-06T16:04:02","slug":"professora-de-caratinga-e-filha-de-ex-vice-presidente-jose-alencar","status":"publish","type":"post","link":"https:\/\/aconteceunovale.com.br\/portal\/?p=23011","title":{"rendered":"Professora de Caratinga \u00e9 filha de ex-vice presidente Jos\u00e9 Alencar"},"content":{"rendered":"<p>O Tribunal de Justi\u00e7a de Minas Gerais (TJMG) teria confirmado, segundo a colunista M\u00f4nica Bergamo do jornal Folha de S\u00e3o Paulo, que Jos\u00e9 Alencar, ex-vice-presidente morto em 2011, \u00e9 pai da professora Rosemary Moraes, 58. De acordo com a jornalista, os desembargadores concordaram com o entendimento de que a recusa do pol\u00edtico em fazer o teste de DNA \u00e0 \u00e9poca gerava a hip\u00f3tese da paternidade.<\/p>\n<p>Ainda segundo M\u00f4nica, o processo j\u00e1 corre h\u00e1 13 anos e n\u00e3o se trata apenas de um reconhecimento de paternidade, mas de uma possibilidade de a professora participar da partilha da heran\u00e7a de Alencar, que \u00e9 avaliada em bilh\u00f5es. Os advogados da fam\u00edlia de Alencar devem recorrer da decis\u00e3o no Superior Tribunal de Justi\u00e7a (STJ), de acordo com M\u00f4nica.<\/p>\n<p>A assessoria do TJMG informou que o processo corre em  segredo de Justi\u00e7a e que, por isso, n\u00e3o poderia passar nenhuma informa\u00e7\u00e3o sobre o caso.<\/p>\n<p>Em 2001, Rosemary ajuizou a\u00e7\u00e3o de investiga\u00e7\u00e3o de paternidade. A professora garante que a m\u00e3e teve um relacionamento com Alencar nos anos 50, em Caratinga, na regi\u00e3o do Vale do Rio Doce, onde Rosemary mora at\u00e9 hoje.<\/p>\n<p><img decoding=\"async\" src=\"http:\/\/aconteceunovale.com.br\/portal\/wp-content\/uploads\/2014\/03\/filha_jose_alencar_caratinga.jpg\" alt=\"\" \/><br \/>\n<em><strong>Rosemary tenta provar na Justi\u00e7a que \u00e9 filha de ex-vice presidente<\/strong><\/em><\/p>\n","protected":false},"excerpt":{"rendered":"<p>O Tribunal de Justi\u00e7a de Minas Gerais (TJMG) teria confirmado, segundo a colunista M\u00f4nica Bergamo do jornal Folha de S\u00e3o Paulo, que Jos\u00e9 Alencar, ex-vice-presidente morto em 2011, \u00e9 pai da professora Rosemary Moraes, 58. De acordo com a jornalista, os desembargadores concordaram com o entendimento de que a recusa do pol\u00edtico em fazer o [&hellip;]<\/p>\n","protected":false},"author":1,"featured_media":23012,"comment_status":"open","ping_status":"closed","sticky":false,"template":"","format":"standard","meta":{"amp_status":"","footnotes":""},"categories":[121],"tags":[237,1018,5215,5216],"class_list":["post-23011","post","type-post","status-publish","format-standard","has-post-thumbnail","hentry","category-leste","tag-caratinga","tag-destaque","tag-professora-de-caratinga-e-filha-de-ex-vice-presidente-jose-alencar","tag-rosemary-moraes"],"_links":{"self":[{"href":"https:\/\/aconteceunovale.com.br\/portal\/index.php?rest_route=\/wp\/v2\/posts\/23011","targetHints":{"allow":["GET"]}}],"collection":[{"href":"https:\/\/aconteceunovale.com.br\/portal\/index.php?rest_route=\/wp\/v2\/posts"}],"about":[{"href":"https:\/\/aconteceunovale.com.br\/portal\/index.php?rest_route=\/wp\/v2\/types\/post"}],"author":[{"embeddable":true,"href":"https:\/\/aconteceunovale.com.br\/portal\/index.php?rest_route=\/wp\/v2\/users\/1"}],"replies":[{"embeddable":true,"href":"https:\/\/aconteceunovale.com.br\/portal\/index.php?rest_route=%2Fwp%2Fv2%2Fcomments&post=23011"}],"version-history":[{"count":0,"href":"https:\/\/aconteceunovale.com.br\/portal\/index.php?rest_route=\/wp\/v2\/posts\/23011\/revisions"}],"wp:featuredmedia":[{"embeddable":true,"href":"https:\/\/aconteceunovale.com.br\/portal\/index.php?rest_route=\/wp\/v2\/media\/23012"}],"wp:attachment":[{"href":"https:\/\/aconteceunovale.com.br\/portal\/index.php?rest_route=%2Fwp%2Fv2%2Fmedia&parent=23011"}],"wp:term":[{"taxonomy":"category","embeddable":true,"href":"https:\/\/aconteceunovale.com.br\/portal\/index.php?rest_route=%2Fwp%2Fv2%2Fcategories&post=23011"},{"taxonomy":"post_tag","embeddable":true,"href":"https:\/\/aconteceunovale.com.br\/portal\/index.php?rest_route=%2Fwp%2Fv2%2Ftags&post=23011"}],"curies":[{"name":"wp","href":"https:\/\/api.w.org\/{rel}","templated":true}]}}