{"id":22968,"date":"2014-03-06T11:36:29","date_gmt":"2014-03-06T14:36:29","guid":{"rendered":"http:\/\/aconteceunovale.com.br\/portal\/?p=22968"},"modified":"2014-03-06T12:59:35","modified_gmt":"2014-03-06T15:59:35","slug":"igreja-matriz-e-reaberta-ao-publico-em-conceicao-do-mato-dentro","status":"publish","type":"post","link":"https:\/\/aconteceunovale.com.br\/portal\/?p=22968","title":{"rendered":"Igreja Matriz \u00e9 reaberta ao p\u00fablico em Concei\u00e7\u00e3o do Mato Dentro"},"content":{"rendered":"<p>A Igreja Matriz de Nossa Senhora de Concei\u00e7\u00e3o teve suas portas abertas ao p\u00fablico nessa quinta-feira, 5 de mar\u00e7o, que p\u00f4de ver de perto como andam as obras de restaura\u00e7\u00e3o. A parte estrutural da igreja j\u00e1 foi toda revisada e refor\u00e7ada. Uma agenda de visita\u00e7\u00f5es est\u00e1 sendo programada pela par\u00f3quia.<\/p>\n<p>Durante a reabertura do templo, a equipe t\u00e9cnica explicou como s\u00e3o feitas as interven\u00e7\u00f5es e falou que o acompanhamento da popula\u00e7\u00e3o \u00e9 importante para que n\u00e3o haja nenhuma estranheza quando tudo estiver pronto. Afinal, a restaura\u00e7\u00e3o \u00e9 um processo que modifica a atual estrutura. Por outro lado, resgata a arquitetura primitiva, deixando o pr\u00e9dio mais original e apresentando o que h\u00e1 de mais bonito.<\/p>\n<p>O trabalho \u00e9 lento, delicado e minucioso, mas nenhum esfor\u00e7o \u00e9 bastante quando se trabalha por revelar hist\u00f3ria. As igrejas brasileiras s\u00e3o abrigos das mais admir\u00e1veis obras de arte e n\u00e3o poderia ser diferente com a Matriz de Concei\u00e7\u00e3o. J\u00e1 \u00e9 poss\u00edvel ver as cenas b\u00edblicas registradas nas paredes da capela mor, que ficam cada vez mais claras ao passo que o trabalho avan\u00e7a. E o brilho do ouro utilizado nas esculturas j\u00e1 reluz aos olhos de todos.<\/p>\n<p><strong>Sobre a Igreja<\/strong><\/p>\n<p>Tombada desde 1948, a Matriz de Nossa Senhora da Concei\u00e7\u00e3o \u00e9 um dos maiores patrim\u00f4nios arquitet\u00f4nicos de Concei\u00e7\u00e3o do Mato Dentro. A igreja foi erguida nos primeiros anos do s\u00e9culo XVIII, por iniciativa do sertanista Gabriel Ponde de Leon. Foi ele quem mandou vir de Itu, S\u00e3o Paulo, em 1703, a imagem da padroeira. Em 1722 a capela-mor j\u00e1 se encontrava conclu\u00edda e em 1772 foi concedido aux\u00edlio real para dar procedimento \u00e0s obras que foram conclu\u00eddas no dia 6 de novembro de 1802, quando a igreja recebeu a ben\u00e7\u00e3o inaugural.<\/p>\n<p><img decoding=\"async\" src=\"http:\/\/aconteceunovale.com.br\/portal\/wp-content\/uploads\/2014\/03\/igreja_matriz_cmd_1.jpg\" alt=\"\" \/><br \/>\n<img decoding=\"async\" src=\"http:\/\/aconteceunovale.com.br\/portal\/wp-content\/uploads\/2014\/03\/igreja_matriz_cmd_5.jpg\" alt=\"\" \/><br \/>\n<img decoding=\"async\" src=\"http:\/\/aconteceunovale.com.br\/portal\/wp-content\/uploads\/2014\/03\/igreja_matriz_cmd_2.jpg\" alt=\"\" \/><br \/>\n<img decoding=\"async\" src=\"http:\/\/aconteceunovale.com.br\/portal\/wp-content\/uploads\/2014\/03\/igreja_matriz_cmd_3.jpg\" alt=\"\" \/><br \/>\n<img decoding=\"async\" src=\"http:\/\/aconteceunovale.com.br\/portal\/wp-content\/uploads\/2014\/03\/igreja_matriz_cmd_4.jpg\" alt=\"\" \/><\/p>\n<p><strong>(DeFato Online)<\/strong><\/p>\n","protected":false},"excerpt":{"rendered":"<p>A Igreja Matriz de Nossa Senhora de Concei\u00e7\u00e3o teve suas portas abertas ao p\u00fablico nessa quinta-feira, 5 de mar\u00e7o, que p\u00f4de ver de perto como andam as obras de restaura\u00e7\u00e3o. A parte estrutural da igreja j\u00e1 foi toda revisada e refor\u00e7ada. Uma agenda de visita\u00e7\u00f5es est\u00e1 sendo programada pela par\u00f3quia. Durante a reabertura do templo, [&hellip;]<\/p>\n","protected":false},"author":1,"featured_media":22970,"comment_status":"open","ping_status":"closed","sticky":false,"template":"","format":"standard","meta":{"amp_status":"","footnotes":""},"categories":[123],"tags":[628,1018,5198],"class_list":["post-22968","post","type-post","status-publish","format-standard","has-post-thumbnail","hentry","category-gerais","tag-conceicao-do-mato-dentro","tag-destaque","tag-igreja-matriz-e-reaberta-ao-publico-em-conceicao-do-mato-dentro"],"_links":{"self":[{"href":"https:\/\/aconteceunovale.com.br\/portal\/index.php?rest_route=\/wp\/v2\/posts\/22968","targetHints":{"allow":["GET"]}}],"collection":[{"href":"https:\/\/aconteceunovale.com.br\/portal\/index.php?rest_route=\/wp\/v2\/posts"}],"about":[{"href":"https:\/\/aconteceunovale.com.br\/portal\/index.php?rest_route=\/wp\/v2\/types\/post"}],"author":[{"embeddable":true,"href":"https:\/\/aconteceunovale.com.br\/portal\/index.php?rest_route=\/wp\/v2\/users\/1"}],"replies":[{"embeddable":true,"href":"https:\/\/aconteceunovale.com.br\/portal\/index.php?rest_route=%2Fwp%2Fv2%2Fcomments&post=22968"}],"version-history":[{"count":0,"href":"https:\/\/aconteceunovale.com.br\/portal\/index.php?rest_route=\/wp\/v2\/posts\/22968\/revisions"}],"wp:featuredmedia":[{"embeddable":true,"href":"https:\/\/aconteceunovale.com.br\/portal\/index.php?rest_route=\/wp\/v2\/media\/22970"}],"wp:attachment":[{"href":"https:\/\/aconteceunovale.com.br\/portal\/index.php?rest_route=%2Fwp%2Fv2%2Fmedia&parent=22968"}],"wp:term":[{"taxonomy":"category","embeddable":true,"href":"https:\/\/aconteceunovale.com.br\/portal\/index.php?rest_route=%2Fwp%2Fv2%2Fcategories&post=22968"},{"taxonomy":"post_tag","embeddable":true,"href":"https:\/\/aconteceunovale.com.br\/portal\/index.php?rest_route=%2Fwp%2Fv2%2Ftags&post=22968"}],"curies":[{"name":"wp","href":"https:\/\/api.w.org\/{rel}","templated":true}]}}