{"id":22965,"date":"2014-03-06T11:28:20","date_gmt":"2014-03-06T14:28:20","guid":{"rendered":"http:\/\/aconteceunovale.com.br\/portal\/?p=22965"},"modified":"2014-03-06T11:28:20","modified_gmt":"2014-03-06T14:28:20","slug":"contribuintes-ja-podem-enviar-declaracao-a-partir-desta-quinta-feira","status":"publish","type":"post","link":"https:\/\/aconteceunovale.com.br\/portal\/?p=22965","title":{"rendered":"Contribuintes j\u00e1 podem enviar declara\u00e7\u00e3o a partir desta quinta-feira"},"content":{"rendered":"<p>O prazo para o envio da declara\u00e7\u00e3o do Imposto de Renda Pessoas F\u00edsica 2014 come\u00e7ou nesta quinta-feira, 6 de fevereiro, \u00e0s 8h.  O programa gerador da declara\u00e7\u00e3o est\u00e1 dispon\u00edvel no site da Receita desde o \u00faltimo dia 26.  O programa pode ser instalado em quase todos os computadores dispon\u00edveis no mercado, nas vers\u00f5es para os sistemas operacionais Windows, Linux, Solaris e Mac OS e aplicativo multiplataforma.<\/p>\n<p>Como nos outros anos, o contribuinte que enviar a declara\u00e7\u00e3o no in\u00edcio do prazo dever\u00e1 receber a restitui\u00e7\u00f5es nos primeiros lotes, a menos que haja inconsist\u00eancias, erros ou omiss\u00f5es no preenchimento. Ter\u00e3o tamb\u00e9m prioridade no recebimento das restitui\u00e7\u00f5es os contribuintes com mais de 60 anos, conforme previsto no Estatuto do Idoso, e pessoas com doen\u00e7a grave ou defici\u00eancia f\u00edsica ou mental.<\/p>\n<p>As regras para o preenchimento da declara\u00e7\u00e3o foram divulgadas no \u00faltimo dia 21 no Di\u00e1rio Oficial da Uni\u00e3o. O prazo final de entrega \u00e9 30 de abril. S\u00e3o esperados em 2014 aproximadamente 27 milh\u00f5es de documentos.<\/p>\n<p>A declara\u00e7\u00e3o poder\u00e1 ser preenchida tamb\u00e9m em dispositivos m\u00f3veis (tablets e smartphones) com sistemas operacionais Android (Google) e iOS  (Apple), mas, nesse caso, s\u00f3 a partir do dia 6 de mar\u00e7o.<\/p>\n<p>Pela primeira vez, a Receita disponibilizar\u00e1 a declara\u00e7\u00e3o previamente preenchida, que permitir\u00e1 ao contribuinte acesso a um arquivo com o programa gerador do Imposto de Renda. O documento cont\u00e9m informa\u00e7\u00f5es relativas a rendimentos, dedu\u00e7\u00f5es, bens e direitos e d\u00edvidas e \u00f4nus reais. Por quest\u00f5es de seguran\u00e7a, nem todos os contribuintes poder\u00e3o contar com essa facilidade, apenas os que t\u00eam certifica\u00e7\u00e3o digital ou representante com procura\u00e7\u00e3o eletr\u00f4nica. <\/p>\n<p><em>(Foto: Divulga\u00e7\u00e3o)<\/em><br \/>\n<img decoding=\"async\" src=\"http:\/\/aconteceunovale.com.br\/portal\/wp-content\/uploads\/2014\/03\/imposto_de_renda_2014.jpg\" alt=\"\" \/><\/p>\n<p><strong>(Ag\u00eancia Brasil)<\/strong><\/p>\n","protected":false},"excerpt":{"rendered":"<p>O prazo para o envio da declara\u00e7\u00e3o do Imposto de Renda Pessoas F\u00edsica 2014 come\u00e7ou nesta quinta-feira, 6 de fevereiro, \u00e0s 8h. O programa gerador da declara\u00e7\u00e3o est\u00e1 dispon\u00edvel no site da Receita desde o \u00faltimo dia 26. O programa pode ser instalado em quase todos os computadores dispon\u00edveis no mercado, nas vers\u00f5es para os [&hellip;]<\/p>\n","protected":false},"author":1,"featured_media":22966,"comment_status":"open","ping_status":"closed","sticky":false,"template":"","format":"standard","meta":{"amp_status":"","footnotes":""},"categories":[6],"tags":[5195,5197,5196],"class_list":["post-22965","post","type-post","status-publish","format-standard","has-post-thumbnail","hentry","category-br","tag-contribuintes-ja-podem-enviar-declaracao-a-partir-desta-quinta-feira","tag-declaracao-do-imposto-de-renda","tag-envio-da-declaracao-do-imposto-de-renda-pessoas-fisica-2014"],"_links":{"self":[{"href":"https:\/\/aconteceunovale.com.br\/portal\/index.php?rest_route=\/wp\/v2\/posts\/22965","targetHints":{"allow":["GET"]}}],"collection":[{"href":"https:\/\/aconteceunovale.com.br\/portal\/index.php?rest_route=\/wp\/v2\/posts"}],"about":[{"href":"https:\/\/aconteceunovale.com.br\/portal\/index.php?rest_route=\/wp\/v2\/types\/post"}],"author":[{"embeddable":true,"href":"https:\/\/aconteceunovale.com.br\/portal\/index.php?rest_route=\/wp\/v2\/users\/1"}],"replies":[{"embeddable":true,"href":"https:\/\/aconteceunovale.com.br\/portal\/index.php?rest_route=%2Fwp%2Fv2%2Fcomments&post=22965"}],"version-history":[{"count":0,"href":"https:\/\/aconteceunovale.com.br\/portal\/index.php?rest_route=\/wp\/v2\/posts\/22965\/revisions"}],"wp:featuredmedia":[{"embeddable":true,"href":"https:\/\/aconteceunovale.com.br\/portal\/index.php?rest_route=\/wp\/v2\/media\/22966"}],"wp:attachment":[{"href":"https:\/\/aconteceunovale.com.br\/portal\/index.php?rest_route=%2Fwp%2Fv2%2Fmedia&parent=22965"}],"wp:term":[{"taxonomy":"category","embeddable":true,"href":"https:\/\/aconteceunovale.com.br\/portal\/index.php?rest_route=%2Fwp%2Fv2%2Fcategories&post=22965"},{"taxonomy":"post_tag","embeddable":true,"href":"https:\/\/aconteceunovale.com.br\/portal\/index.php?rest_route=%2Fwp%2Fv2%2Ftags&post=22965"}],"curies":[{"name":"wp","href":"https:\/\/api.w.org\/{rel}","templated":true}]}}