{"id":22962,"date":"2014-03-06T11:06:58","date_gmt":"2014-03-06T14:06:58","guid":{"rendered":"http:\/\/aconteceunovale.com.br\/portal\/?p=22962"},"modified":"2014-03-06T12:59:27","modified_gmt":"2014-03-06T15:59:27","slug":"papa-nomeia-novo-bispo-para-governador-valadares","status":"publish","type":"post","link":"https:\/\/aconteceunovale.com.br\/portal\/?p=22962","title":{"rendered":"Papa nomeia novo bispo para Governador Valadares"},"content":{"rendered":"<h3>Dom Ant\u00f4nio Carlos F\u00e9lix foi nomeado pelo Papa Francisco para assumir o governo pastoral da diocese de Governador Valadares<\/h3>\n<p>O Vaticano comunicou, nesta quinta-feira, 6, a nomea\u00e7\u00e3o do novo bispo de Governador Valadares (MG), Dom Ant\u00f4nio Carlos F\u00e9lix. O Papa Francisco o nomeou ap\u00f3s aceitar a ren\u00fancia ao governo pastoral apresentada por Dom Werner Franz Siebenbrock, em conformidade com o C\u00f3digo de Direito Can\u00f4nico.<\/p>\n<p>Dom Ant\u00f4nio Carlos F\u00e9lix, at\u00e9 ent\u00e3o, era bispo da diocese de Luz (MG). Ele nasceu em 5 de dezembro de 1957, em Caldas, na arquidiocese de Porto Alegre. Frequentou o curso de Filosofia no Semin\u00e1rio maior, em Pouso Alegre, e Teologia no Instituto Teol\u00f3gico \u201cSagrado Cora\u00e7\u00e3o de Jesus\u201d, em Taubat\u00e9 (SP). A especializa\u00e7\u00e3o em Teologia Dogm\u00e1tica foi realizada na Pontif\u00edcia Faculdade de Teologia \u201cNossa Senhora da Assun\u00e7\u00e3o\u201d, em S\u00e3o Paulo.<\/p>\n<p><img decoding=\"async\" src=\"http:\/\/aconteceunovale.com.br\/portal\/wp-content\/uploads\/2014\/03\/novo_bispo_gov_valadares_2014.jpg\" alt=\"\" \/><br \/>\n<em><strong>(Dom Ant\u00f4nio Carlos F\u00e9lix, novo bispo de Governador Valadares \/ Foto: Diocese de Luz)<\/strong><\/em><\/p>\n<p>A ordena\u00e7\u00e3o sacerdotal de Dom Ant\u00f4nio foi em 20 de dezembro de 1986, sendo incardinado (inserido) na arquidiocese de Pouso Alegre (MG). L\u00e1 ele foi vig\u00e1rio paroquial da par\u00f3quia S\u00e3o Francisco de Paula, em Ouro Fino; e da par\u00f3quia Nossa Senhora da Piedade, em Cris\u00f3lia. Tamb\u00e9m foi professor, promotor vocacional, diretor dos estudos e reitor do semin\u00e1rio arquidiocesano de Pouso Alegre (1988-1999); p\u00e1roco da par\u00f3quia \u201cS\u00e3o Crist\u00f3v\u00e3o\u201d, em Pouso Alegre, e professor, diretor espiritual e de teses teol\u00f3gicas no Instituto Teol\u00f3gico Interdiocesano \u201cS\u00e3o Jos\u00e9\u201d (2000-2003).<\/p>\n<p>Em 5 de fevereiro de 2003, foi nomeado bispo de Luz, recebendo a ordena\u00e7\u00e3o episcopal em 4 de maio desse mesmo ano.<\/p>\n<p>No \u00e2mbito da Confer\u00eancia Episcopal Regional \u201cLeste 2\u201d, foi respons\u00e1vel pelos semin\u00e1rios, secret\u00e1rio (desde 2007) e membro da Comiss\u00e3o para a A\u00e7\u00e3o Mission\u00e1ria (desde 2011). Al\u00e9m disso, \u00e9 diretor da Faculdade de Ci\u00eancias e Letras do Alto S\u00e3o Francisco e presidente da entidade Obras Sociais e Educacionais de Luz.<\/p>\n<p><strong>(Can\u00e7\u00e3o Nova)<\/strong><\/p>\n","protected":false},"excerpt":{"rendered":"<p>Dom Ant\u00f4nio Carlos F\u00e9lix foi nomeado pelo Papa Francisco para assumir o governo pastoral da diocese de Governador Valadares O Vaticano comunicou, nesta quinta-feira, 6, a nomea\u00e7\u00e3o do novo bispo de Governador Valadares (MG), Dom Ant\u00f4nio Carlos F\u00e9lix. O Papa Francisco o nomeou ap\u00f3s aceitar a ren\u00fancia ao governo pastoral apresentada por Dom Werner Franz [&hellip;]<\/p>\n","protected":false},"author":1,"featured_media":22963,"comment_status":"open","ping_status":"closed","sticky":false,"template":"","format":"standard","meta":{"amp_status":"","footnotes":""},"categories":[121],"tags":[1018,247,5194,5193],"class_list":["post-22962","post","type-post","status-publish","format-standard","has-post-thumbnail","hentry","category-leste","tag-destaque","tag-governador-valadares","tag-novo-bispo-de-governador-valadares","tag-papa-nomeia-novo-bispo-para-governador-valadares"],"_links":{"self":[{"href":"https:\/\/aconteceunovale.com.br\/portal\/index.php?rest_route=\/wp\/v2\/posts\/22962","targetHints":{"allow":["GET"]}}],"collection":[{"href":"https:\/\/aconteceunovale.com.br\/portal\/index.php?rest_route=\/wp\/v2\/posts"}],"about":[{"href":"https:\/\/aconteceunovale.com.br\/portal\/index.php?rest_route=\/wp\/v2\/types\/post"}],"author":[{"embeddable":true,"href":"https:\/\/aconteceunovale.com.br\/portal\/index.php?rest_route=\/wp\/v2\/users\/1"}],"replies":[{"embeddable":true,"href":"https:\/\/aconteceunovale.com.br\/portal\/index.php?rest_route=%2Fwp%2Fv2%2Fcomments&post=22962"}],"version-history":[{"count":0,"href":"https:\/\/aconteceunovale.com.br\/portal\/index.php?rest_route=\/wp\/v2\/posts\/22962\/revisions"}],"wp:featuredmedia":[{"embeddable":true,"href":"https:\/\/aconteceunovale.com.br\/portal\/index.php?rest_route=\/wp\/v2\/media\/22963"}],"wp:attachment":[{"href":"https:\/\/aconteceunovale.com.br\/portal\/index.php?rest_route=%2Fwp%2Fv2%2Fmedia&parent=22962"}],"wp:term":[{"taxonomy":"category","embeddable":true,"href":"https:\/\/aconteceunovale.com.br\/portal\/index.php?rest_route=%2Fwp%2Fv2%2Fcategories&post=22962"},{"taxonomy":"post_tag","embeddable":true,"href":"https:\/\/aconteceunovale.com.br\/portal\/index.php?rest_route=%2Fwp%2Fv2%2Ftags&post=22962"}],"curies":[{"name":"wp","href":"https:\/\/api.w.org\/{rel}","templated":true}]}}