{"id":22953,"date":"2014-03-05T21:35:32","date_gmt":"2014-03-06T00:35:32","guid":{"rendered":"http:\/\/aconteceunovale.com.br\/portal\/?p=22953"},"modified":"2014-03-05T21:36:45","modified_gmt":"2014-03-06T00:36:45","slug":"eleicao-da-apnm-chapa-novo-tempo-e-homologada-e-tem-divulgacao-da-campanha-liberada","status":"publish","type":"post","link":"https:\/\/aconteceunovale.com.br\/portal\/?p=22953","title":{"rendered":"ELEI\u00c7\u00c3O DA APNM: Chapa NOVO TEMPO \u00e9 homologada e tem divulga\u00e7\u00e3o da campanha liberada"},"content":{"rendered":"<p>A comiss\u00e3o eleitoral, sob coordena\u00e7\u00e3o do Cabo Waldir, homologou na manh\u00e3 o \u00faltimo dia 21 de fevereiro, a primeira chapa apta a concorrer nas elei\u00e7\u00f5es da APNM \u2013 Associa\u00e7\u00e3o dos Pra\u00e7as do Nordeste Mineiro. A chapa NOVO TEMPO, encabe\u00e7ada pelo Soldado Nathan e o Sargento Adailton Gusm\u00e3o e cumpriu todos os requesitos estatut\u00e1rios.<\/p>\n<p><img decoding=\"async\" src=\"http:\/\/aconteceunovale.com.br\/portal\/wp-content\/uploads\/2014\/03\/eleicao_associacao_dos_pracas.jpg\" alt=\"\" \/><br \/>\n<em>(Soldado Nathan e o Sargento Adailton Gusm\u00e3o &#8211; Foto: Divulga\u00e7\u00e3o)<\/em><\/p>\n<p>Conforme ato administrativo que regula as elei\u00e7\u00f5es, a partir da homologa\u00e7\u00e3o est\u00e3o liberadas as propagandas e demais atos oficiais como candidatos.<\/p>\n<p>\u201cO nosso maior objetivo \u00e9 resgatar a APNM, para que ela possa voltar a ser uma entidade representativa de classe e concomitantemente consolidar a uni\u00e3o dos pra\u00e7as do nordeste mineiro. Com transpar\u00eancia e clareza nos atos da administra\u00e7\u00e3o que n\u00e3o \u00e9 nada mais do que nossa obriga\u00e7\u00e3o. Sendo assim nos unimos para juntos buscarmos um novo tempo\u201d, concluiu o soldado Nathan.<\/p>\n<p>Segundo o sargento Adailton Gusm\u00e3o, \u201c\u00e9 necess\u00e1rio uma entidade forte para representar e cobrar os direitos dos policiais. Os associados n\u00e3o podem ser apenas fonte arrecadadora, tem que participar de todos os processos de nossa associa\u00e7\u00e3o. Al\u00e9m do mais queremos crescer nossa entidade e torna-la forte em todo nordeste mineiro para que possamos dar apoio e suporte a todos da classe da seguran\u00e7a p\u00fablica da nossa regi\u00e3o\u201d, enfatizou.<\/p>\n<p>A composi\u00e7\u00e3o completa da chapa NOVO TEMPO ficou definida como Presidente: Soldado Nathan Rodrigues, Vice-presidente: 2\u00ba Sargento Adailton Gusm\u00e3o, Primeiro Tesoureiro: 2\u00ba Sargento Maurino Seles, Segundo Tesoureiro: 3\u00ba Sargento Elias Costa, Primeiro Secret\u00e1rio: 3\u00ba Sargento Ronilson Ribeiro, Segundo Secret\u00e1rio: Soldado Sim\u00e3o Andrade. Suplentes: Cabo Renato dos Santos Carvalho, 3\u00ba Sargento Rayan Rodrigues, Soldado Dioni Barbosa, 3\u00ba Sargento Higino \u00c2ngelo Gazel e Cabo Jacson Henrique Ruas.<\/p>\n<p>Presidente do Conselho: 1\u00ba Sargento Antonio Marcos Mariotti, Secret\u00e1rio: Soldado Nino Ribeiro, Conselheiros: Cabo Parsons de Matos Machado, Cabo Luciano Santana Bremer e Soldado Lucas Dantas. Suplentes: 1\u00ba Sargento Mauro, 3\u00ba Sargento Judson Faria, Cabo Ugleno Jos\u00e9 dos Santos, 3\u00ba Sargento Maicon Gon\u00e7alves (Bombeiro) e 1\u00ba Sargento Geraldo Oliveira.<\/p>\n<p>O prazo para inscri\u00e7\u00f5es de chapa encerra-se \u00e0s 18hs do dia 24 de fevereiro, segunda, cogita-se que ter\u00e3o mais tr\u00eas chapas na disputa, sendo uma encabe\u00e7ada pelo atual presidente, que busca a reelei\u00e7\u00e3o e outra encabe\u00e7ada pelo atual tesoureiro, um dissidente da atual gest\u00e3o.<\/p>\n<p><img decoding=\"async\" src=\"http:\/\/aconteceunovale.com.br\/portal\/wp-content\/uploads\/2014\/03\/material_campanha_apnm.jpg\" alt=\"\" \/><br \/>\n<em>(Divulga\u00e7\u00e3o da chapa Novo Tempo)<\/em><\/p>\n","protected":false},"excerpt":{"rendered":"<p>A comiss\u00e3o eleitoral, sob coordena\u00e7\u00e3o do Cabo Waldir, homologou na manh\u00e3 o \u00faltimo dia 21 de fevereiro, a primeira chapa apta a concorrer nas elei\u00e7\u00f5es da APNM \u2013 Associa\u00e7\u00e3o dos Pra\u00e7as do Nordeste Mineiro. A chapa NOVO TEMPO, encabe\u00e7ada pelo Soldado Nathan e o Sargento Adailton Gusm\u00e3o e cumpriu todos os requesitos estatut\u00e1rios. (Soldado Nathan [&hellip;]<\/p>\n","protected":false},"author":1,"featured_media":22954,"comment_status":"open","ping_status":"closed","sticky":false,"template":"","format":"standard","meta":{"amp_status":"","footnotes":""},"categories":[6],"tags":[5191,5189,1018,5190,5192],"class_list":["post-22953","post","type-post","status-publish","format-standard","has-post-thumbnail","hentry","category-br","tag-associacao-dos-pracas-do-nordeste-mineiro","tag-chapa-novo-tempo-e-homologada-e-tem-divulgacao-da-campanha-liberada","tag-destaque","tag-eleicao-da-apnm","tag-eleicao-da-associacao-dos-pracas-do-nordeste-mineiro"],"_links":{"self":[{"href":"https:\/\/aconteceunovale.com.br\/portal\/index.php?rest_route=\/wp\/v2\/posts\/22953","targetHints":{"allow":["GET"]}}],"collection":[{"href":"https:\/\/aconteceunovale.com.br\/portal\/index.php?rest_route=\/wp\/v2\/posts"}],"about":[{"href":"https:\/\/aconteceunovale.com.br\/portal\/index.php?rest_route=\/wp\/v2\/types\/post"}],"author":[{"embeddable":true,"href":"https:\/\/aconteceunovale.com.br\/portal\/index.php?rest_route=\/wp\/v2\/users\/1"}],"replies":[{"embeddable":true,"href":"https:\/\/aconteceunovale.com.br\/portal\/index.php?rest_route=%2Fwp%2Fv2%2Fcomments&post=22953"}],"version-history":[{"count":0,"href":"https:\/\/aconteceunovale.com.br\/portal\/index.php?rest_route=\/wp\/v2\/posts\/22953\/revisions"}],"wp:featuredmedia":[{"embeddable":true,"href":"https:\/\/aconteceunovale.com.br\/portal\/index.php?rest_route=\/wp\/v2\/media\/22954"}],"wp:attachment":[{"href":"https:\/\/aconteceunovale.com.br\/portal\/index.php?rest_route=%2Fwp%2Fv2%2Fmedia&parent=22953"}],"wp:term":[{"taxonomy":"category","embeddable":true,"href":"https:\/\/aconteceunovale.com.br\/portal\/index.php?rest_route=%2Fwp%2Fv2%2Fcategories&post=22953"},{"taxonomy":"post_tag","embeddable":true,"href":"https:\/\/aconteceunovale.com.br\/portal\/index.php?rest_route=%2Fwp%2Fv2%2Ftags&post=22953"}],"curies":[{"name":"wp","href":"https:\/\/api.w.org\/{rel}","templated":true}]}}