{"id":22945,"date":"2014-03-05T20:17:32","date_gmt":"2014-03-05T23:17:32","guid":{"rendered":"http:\/\/aconteceunovale.com.br\/portal\/?p=22945"},"modified":"2014-03-05T21:02:37","modified_gmt":"2014-03-06T00:02:37","slug":"duas-pessoas-ficam-feridas-em-um-acidente-em-montes-claros","status":"publish","type":"post","link":"https:\/\/aconteceunovale.com.br\/portal\/?p=22945","title":{"rendered":"Duas pessoas ficam feridas em um acidente em Montes Claros"},"content":{"rendered":"<p>Duas pessoas ficaram feridas em um acidente na tarde desta quinta-feira (5) em Montes Claros, Norte de Minas Gerais. O acidente envolveu uma motocicleta e um carro de passeio na Rua Belo Horizonte, na regi\u00e3o central da cidade. A via \u00e9 de m\u00e3o dupla e de tr\u00e1fego intenso.<\/p>\n<p>Os ve\u00edculos bateram de frente. Pessoas que passavam pelo local ajudaram no socorro \u00e0s v\u00edtimas at\u00e9 a chegada do Corpo de Bombeiros.<\/p>\n<p>Apesar do impacto, as v\u00edtimas n\u00e3o tiveram ferimentos graves. Elas foram encaminhadas ao Pronto Socorro da Santa Casa em Montes Claros.<\/p>\n<p><img decoding=\"async\" src=\"http:\/\/aconteceunovale.com.br\/portal\/wp-content\/uploads\/2014\/03\/acidente_motos_moc_05_03.jpg\" alt=\"\" \/><br \/>\n<em>(Foto: Valdivan Veloso\/G1)<\/em><\/p>\n","protected":false},"excerpt":{"rendered":"<p>Duas pessoas ficaram feridas em um acidente na tarde desta quinta-feira (5) em Montes Claros, Norte de Minas Gerais. O acidente envolveu uma motocicleta e um carro de passeio na Rua Belo Horizonte, na regi\u00e3o central da cidade. A via \u00e9 de m\u00e3o dupla e de tr\u00e1fego intenso. Os ve\u00edculos bateram de frente. Pessoas que [&hellip;]<\/p>\n","protected":false},"author":1,"featured_media":22946,"comment_status":"open","ping_status":"closed","sticky":false,"template":"","format":"standard","meta":{"amp_status":"","footnotes":""},"categories":[1236],"tags":[1018,5185,210],"class_list":["post-22945","post","type-post","status-publish","format-standard","has-post-thumbnail","hentry","category-norte_de_minas","tag-destaque","tag-duas-pessoas-ficam-feridas-em-um-acidente-em-montes-claros","tag-montes-claros"],"_links":{"self":[{"href":"https:\/\/aconteceunovale.com.br\/portal\/index.php?rest_route=\/wp\/v2\/posts\/22945","targetHints":{"allow":["GET"]}}],"collection":[{"href":"https:\/\/aconteceunovale.com.br\/portal\/index.php?rest_route=\/wp\/v2\/posts"}],"about":[{"href":"https:\/\/aconteceunovale.com.br\/portal\/index.php?rest_route=\/wp\/v2\/types\/post"}],"author":[{"embeddable":true,"href":"https:\/\/aconteceunovale.com.br\/portal\/index.php?rest_route=\/wp\/v2\/users\/1"}],"replies":[{"embeddable":true,"href":"https:\/\/aconteceunovale.com.br\/portal\/index.php?rest_route=%2Fwp%2Fv2%2Fcomments&post=22945"}],"version-history":[{"count":0,"href":"https:\/\/aconteceunovale.com.br\/portal\/index.php?rest_route=\/wp\/v2\/posts\/22945\/revisions"}],"wp:featuredmedia":[{"embeddable":true,"href":"https:\/\/aconteceunovale.com.br\/portal\/index.php?rest_route=\/wp\/v2\/media\/22946"}],"wp:attachment":[{"href":"https:\/\/aconteceunovale.com.br\/portal\/index.php?rest_route=%2Fwp%2Fv2%2Fmedia&parent=22945"}],"wp:term":[{"taxonomy":"category","embeddable":true,"href":"https:\/\/aconteceunovale.com.br\/portal\/index.php?rest_route=%2Fwp%2Fv2%2Fcategories&post=22945"},{"taxonomy":"post_tag","embeddable":true,"href":"https:\/\/aconteceunovale.com.br\/portal\/index.php?rest_route=%2Fwp%2Fv2%2Ftags&post=22945"}],"curies":[{"name":"wp","href":"https:\/\/api.w.org\/{rel}","templated":true}]}}