{"id":22942,"date":"2014-03-05T20:14:06","date_gmt":"2014-03-05T23:14:06","guid":{"rendered":"http:\/\/aconteceunovale.com.br\/portal\/?p=22942"},"modified":"2014-03-05T21:02:42","modified_gmt":"2014-03-06T00:02:42","slug":"descarrilamento-de-trem-assusta-moradores-em-capitao-eneas","status":"publish","type":"post","link":"https:\/\/aconteceunovale.com.br\/portal\/?p=22942","title":{"rendered":"Descarrilamento de trem assusta moradores em Capit\u00e3o En\u00e9as"},"content":{"rendered":"<p>O descarrilamento de cinco vag\u00f5es de trem assustou os moradores de Ca\u00e7arema, Distrito de Capit\u00e3o En\u00e9as, no Norte de Minas Gerais. O acidente aconteceu no in\u00edcio da manh\u00e3 desta quarta-feira (5). \u201cFoi um grande barulho que assustou a todos os moradores pr\u00f3ximos \u00e0 linha f\u00e9rrea\u201d, afirma a moradora Marliete Aparecida Batista.<\/p>\n<p>Ainda segundo a moradora, apesar do susto, ningu\u00e9m se feriu.\u201cOs moradores ficaram curiosos, afinal, h\u00e1 anos que n\u00e3o acontecia tal coisa\u201d, completa.<\/p>\n<p>A Ferrovia Centro Atl\u00e2ntica (FCA) informou que o trem com 42 vag\u00f5es saiu de Lic\u00ednio Almeida &#8211; BA com destino \u00e0 cidade de Prudente de Morais-MG. Segundo a FCA, apenas cinco vag\u00f5es, carregados com min\u00e9rio de ferro descarrilaram, mas a carga n\u00e3o chegou a tombar.<\/p>\n<p>A FCA informou ainda que tr\u00eas dos vag\u00f5es j\u00e1 foram encarrilados novamente, enquanto os outros dois aguardam a chegada de guindastes para serem retirados do local. A previs\u00e3o \u00e9 de que a linha f\u00e9rrea seja liberada \u00e0s 21h. As causas do acidente ser\u00e3o investigadas pela empresa.<\/p>\n<p><img decoding=\"async\" src=\"http:\/\/aconteceunovale.com.br\/portal\/wp-content\/uploads\/2014\/03\/descarrilhamento_trem_capitao_eneas_05_03.jpeg\" alt=\"\" \/><br \/>\n<em>Trem descarrilou na manh\u00e3 desta quinta-feira. (Foto: Marliete Aparecida Batista \/ Divulga\u00e7\u00e3o)<\/em><\/p>\n<p><strong>(G1 Grande Minas)<\/strong><\/p>\n","protected":false},"excerpt":{"rendered":"<p>O descarrilamento de cinco vag\u00f5es de trem assustou os moradores de Ca\u00e7arema, Distrito de Capit\u00e3o En\u00e9as, no Norte de Minas Gerais. O acidente aconteceu no in\u00edcio da manh\u00e3 desta quarta-feira (5). \u201cFoi um grande barulho que assustou a todos os moradores pr\u00f3ximos \u00e0 linha f\u00e9rrea\u201d, afirma a moradora Marliete Aparecida Batista. Ainda segundo a moradora, [&hellip;]<\/p>\n","protected":false},"author":1,"featured_media":22943,"comment_status":"open","ping_status":"closed","sticky":false,"template":"","format":"standard","meta":{"amp_status":"","footnotes":""},"categories":[1236],"tags":[1429,5184,1018],"class_list":["post-22942","post","type-post","status-publish","format-standard","has-post-thumbnail","hentry","category-norte_de_minas","tag-capitao-eneas","tag-descarrilamento-de-trem-assusta-moradores-em-capitao-eneas","tag-destaque"],"_links":{"self":[{"href":"https:\/\/aconteceunovale.com.br\/portal\/index.php?rest_route=\/wp\/v2\/posts\/22942","targetHints":{"allow":["GET"]}}],"collection":[{"href":"https:\/\/aconteceunovale.com.br\/portal\/index.php?rest_route=\/wp\/v2\/posts"}],"about":[{"href":"https:\/\/aconteceunovale.com.br\/portal\/index.php?rest_route=\/wp\/v2\/types\/post"}],"author":[{"embeddable":true,"href":"https:\/\/aconteceunovale.com.br\/portal\/index.php?rest_route=\/wp\/v2\/users\/1"}],"replies":[{"embeddable":true,"href":"https:\/\/aconteceunovale.com.br\/portal\/index.php?rest_route=%2Fwp%2Fv2%2Fcomments&post=22942"}],"version-history":[{"count":0,"href":"https:\/\/aconteceunovale.com.br\/portal\/index.php?rest_route=\/wp\/v2\/posts\/22942\/revisions"}],"wp:featuredmedia":[{"embeddable":true,"href":"https:\/\/aconteceunovale.com.br\/portal\/index.php?rest_route=\/wp\/v2\/media\/22943"}],"wp:attachment":[{"href":"https:\/\/aconteceunovale.com.br\/portal\/index.php?rest_route=%2Fwp%2Fv2%2Fmedia&parent=22942"}],"wp:term":[{"taxonomy":"category","embeddable":true,"href":"https:\/\/aconteceunovale.com.br\/portal\/index.php?rest_route=%2Fwp%2Fv2%2Fcategories&post=22942"},{"taxonomy":"post_tag","embeddable":true,"href":"https:\/\/aconteceunovale.com.br\/portal\/index.php?rest_route=%2Fwp%2Fv2%2Ftags&post=22942"}],"curies":[{"name":"wp","href":"https:\/\/api.w.org\/{rel}","templated":true}]}}