{"id":22939,"date":"2014-03-05T20:07:39","date_gmt":"2014-03-05T23:07:39","guid":{"rendered":"http:\/\/aconteceunovale.com.br\/portal\/?p=22939"},"modified":"2014-03-05T22:30:37","modified_gmt":"2014-03-06T01:30:37","slug":"homem-e-assassinado-apos-sair-de-supermercado-em-governador-valadares","status":"publish","type":"post","link":"https:\/\/aconteceunovale.com.br\/portal\/?p=22939","title":{"rendered":"Homem \u00e9 assassinado ap\u00f3s sair de supermercado em Governador Valadares"},"content":{"rendered":"<p>Um homem de 33 anos, identificado como Claython Teodoro, foi assassinado com um tiro na cabe\u00e7a no in\u00edcio da tarde desta quarta-feira (5), em Governador Valadares, no Leste de Minas Gerais. O crime aconteceu em frente a um supermercado na Avenida Wenceslau Braz, no Bairro Santa Rita.<\/p>\n<p>De acordo com o relato de testemunhas, por volta de 13 horas, a v\u00edtima estava saindo do supermercado e ao entrar no ve\u00edculo foi baleada. Seis disparos foram ouvidos e pelo menos um atingiu a v\u00edtima, na cabe\u00e7a.<\/p>\n<p>Outro homem de 43 anos estava no carro, no banco do carona, aguardando o retorno da v\u00edtima, mas n\u00e3o foi atingido. Ao ver a morte da v\u00edtima ele passou mal e teve que ser levado ao Hospital Municipal pelo Servi\u00e7o de Atendimento M\u00e9dico de Urg\u00eancia (Samu).<\/p>\n<p>A pol\u00edcia j\u00e1 tem pistas do suspeito  do crime. Ele seria um menor que passou pelo local em uma bicicleta e efetuou os disparos. A pol\u00edcia vai investigar tamb\u00e9m, o envolvimento do suspeito desse crime, com um homic\u00eddio que aconteceu no mesmo bairro, no dia 6 de fevereiro.<\/p>\n<p><strong>30\u00ba homic\u00eddio<\/strong><\/p>\n<p>Este foi o primeiro homic\u00eddio registrado no m\u00eas de mar\u00e7o, em Valadares. No entanto, a Pol\u00edcia Civil contabiliza o 30\u00ba assassinato na cidade desde o in\u00edcio do ano. Somente no bairro Santa Rita, seis mortes foram contabilizadas em 2014.<\/p>\n<p><img decoding=\"async\" src=\"http:\/\/aconteceunovale.com.br\/portal\/wp-content\/uploads\/2014\/03\/homicidio_gv_05_03.jpg\" alt=\"\" \/><br \/>\n<em>(Foto: Diego Souza\/G1)<\/em><\/p>\n<p><strong>(G1 dos Vales)<\/strong><\/p>\n","protected":false},"excerpt":{"rendered":"<p>Um homem de 33 anos, identificado como Claython Teodoro, foi assassinado com um tiro na cabe\u00e7a no in\u00edcio da tarde desta quarta-feira (5), em Governador Valadares, no Leste de Minas Gerais. O crime aconteceu em frente a um supermercado na Avenida Wenceslau Braz, no Bairro Santa Rita. De acordo com o relato de testemunhas, por [&hellip;]<\/p>\n","protected":false},"author":1,"featured_media":22940,"comment_status":"open","ping_status":"closed","sticky":false,"template":"","format":"standard","meta":{"amp_status":"","footnotes":""},"categories":[121],"tags":[1018,247,5183],"class_list":["post-22939","post","type-post","status-publish","format-standard","has-post-thumbnail","hentry","category-leste","tag-destaque","tag-governador-valadares","tag-homem-e-assassinado-apos-sair-de-supermercado-em-governador-valadares"],"_links":{"self":[{"href":"https:\/\/aconteceunovale.com.br\/portal\/index.php?rest_route=\/wp\/v2\/posts\/22939","targetHints":{"allow":["GET"]}}],"collection":[{"href":"https:\/\/aconteceunovale.com.br\/portal\/index.php?rest_route=\/wp\/v2\/posts"}],"about":[{"href":"https:\/\/aconteceunovale.com.br\/portal\/index.php?rest_route=\/wp\/v2\/types\/post"}],"author":[{"embeddable":true,"href":"https:\/\/aconteceunovale.com.br\/portal\/index.php?rest_route=\/wp\/v2\/users\/1"}],"replies":[{"embeddable":true,"href":"https:\/\/aconteceunovale.com.br\/portal\/index.php?rest_route=%2Fwp%2Fv2%2Fcomments&post=22939"}],"version-history":[{"count":0,"href":"https:\/\/aconteceunovale.com.br\/portal\/index.php?rest_route=\/wp\/v2\/posts\/22939\/revisions"}],"wp:featuredmedia":[{"embeddable":true,"href":"https:\/\/aconteceunovale.com.br\/portal\/index.php?rest_route=\/wp\/v2\/media\/22940"}],"wp:attachment":[{"href":"https:\/\/aconteceunovale.com.br\/portal\/index.php?rest_route=%2Fwp%2Fv2%2Fmedia&parent=22939"}],"wp:term":[{"taxonomy":"category","embeddable":true,"href":"https:\/\/aconteceunovale.com.br\/portal\/index.php?rest_route=%2Fwp%2Fv2%2Fcategories&post=22939"},{"taxonomy":"post_tag","embeddable":true,"href":"https:\/\/aconteceunovale.com.br\/portal\/index.php?rest_route=%2Fwp%2Fv2%2Ftags&post=22939"}],"curies":[{"name":"wp","href":"https:\/\/api.w.org\/{rel}","templated":true}]}}