{"id":22936,"date":"2014-03-05T20:02:11","date_gmt":"2014-03-05T23:02:11","guid":{"rendered":"http:\/\/aconteceunovale.com.br\/portal\/?p=22936"},"modified":"2014-03-05T21:02:54","modified_gmt":"2014-03-06T00:02:54","slug":"homem-e-preso-com-crack-e-r-8-mil-dentro-de-casa-em-valadares","status":"publish","type":"post","link":"https:\/\/aconteceunovale.com.br\/portal\/?p=22936","title":{"rendered":"Homem \u00e9 preso com crack e R$ 8 mil dentro de casa em Valadares"},"content":{"rendered":"<p>Um homem de 25 anos foi preso por tr\u00e1fico de drogas em Governador Valadares, no Vale do Rio Doce, na tarde desta quarta-feira (5). Os policiais militares receberam uma informa\u00e7\u00e3o an\u00f4nima informando que em uma resid\u00eancia na Rua Vars\u00f3via, no Bairro Gr\u00e3-Duquesa acontecia o tr\u00e1fico de drogas. No local, os militares encontraram mais de um quilo de crack, cerca de R$ 8 mil e v\u00e1rios equipamentos utilizados no com\u00e9rcio de drogas.<\/p>\n<p>\u201cApreendemos uma m\u00e1quina utilizada para triturar o crack, balan\u00e7a de precis\u00e3o, um tablete de crak prensado, um peda\u00e7o de crack e uma quantidade da mesma droga triturada. Al\u00e9m disso, apreendemos um caderno com anota\u00e7\u00f5es, diversos outros materiais e efetuamos a pris\u00e3o de um suspeito\u201d, diz o cabo da Pol\u00edcia Militar, F\u00e1bio Antunes.<\/p>\n<p>Ainda de acordo com a PM, o suspeito j\u00e1 tem passagens pela pol\u00edcia. Ap\u00f3s ser preso ele foi encaminhado \u00e0 delegacia de Governador Valadares. Todo o material, inclusive o valor em dinheiro que de acordo com o cabo F\u00e1bio pode chegar a R$ 9 mil ap\u00f3s contagem final, tamb\u00e9m foram encaminhados \u00e0 delegacia.<\/p>\n<p><img decoding=\"async\" src=\"http:\/\/aconteceunovale.com.br\/portal\/wp-content\/uploads\/2014\/03\/apreensao_drogas_gran_duquesa_05_03.jpg\" alt=\"\" \/><br \/>\n<em>(Foto: Diego Souza\/G1)<\/em><\/p>\n<p><strong>(G1 dos Vales)<\/strong><\/p>\n","protected":false},"excerpt":{"rendered":"<p>Um homem de 25 anos foi preso por tr\u00e1fico de drogas em Governador Valadares, no Vale do Rio Doce, na tarde desta quarta-feira (5). Os policiais militares receberam uma informa\u00e7\u00e3o an\u00f4nima informando que em uma resid\u00eancia na Rua Vars\u00f3via, no Bairro Gr\u00e3-Duquesa acontecia o tr\u00e1fico de drogas. No local, os militares encontraram mais de um [&hellip;]<\/p>\n","protected":false},"author":1,"featured_media":22937,"comment_status":"open","ping_status":"closed","sticky":false,"template":"","format":"standard","meta":{"amp_status":"","footnotes":""},"categories":[121],"tags":[1018,247,5182],"class_list":["post-22936","post","type-post","status-publish","format-standard","has-post-thumbnail","hentry","category-leste","tag-destaque","tag-governador-valadares","tag-homem-e-preso-com-crack-e-r-8-mil-dentro-de-casa-em-valadares"],"_links":{"self":[{"href":"https:\/\/aconteceunovale.com.br\/portal\/index.php?rest_route=\/wp\/v2\/posts\/22936","targetHints":{"allow":["GET"]}}],"collection":[{"href":"https:\/\/aconteceunovale.com.br\/portal\/index.php?rest_route=\/wp\/v2\/posts"}],"about":[{"href":"https:\/\/aconteceunovale.com.br\/portal\/index.php?rest_route=\/wp\/v2\/types\/post"}],"author":[{"embeddable":true,"href":"https:\/\/aconteceunovale.com.br\/portal\/index.php?rest_route=\/wp\/v2\/users\/1"}],"replies":[{"embeddable":true,"href":"https:\/\/aconteceunovale.com.br\/portal\/index.php?rest_route=%2Fwp%2Fv2%2Fcomments&post=22936"}],"version-history":[{"count":0,"href":"https:\/\/aconteceunovale.com.br\/portal\/index.php?rest_route=\/wp\/v2\/posts\/22936\/revisions"}],"wp:featuredmedia":[{"embeddable":true,"href":"https:\/\/aconteceunovale.com.br\/portal\/index.php?rest_route=\/wp\/v2\/media\/22937"}],"wp:attachment":[{"href":"https:\/\/aconteceunovale.com.br\/portal\/index.php?rest_route=%2Fwp%2Fv2%2Fmedia&parent=22936"}],"wp:term":[{"taxonomy":"category","embeddable":true,"href":"https:\/\/aconteceunovale.com.br\/portal\/index.php?rest_route=%2Fwp%2Fv2%2Fcategories&post=22936"},{"taxonomy":"post_tag","embeddable":true,"href":"https:\/\/aconteceunovale.com.br\/portal\/index.php?rest_route=%2Fwp%2Fv2%2Ftags&post=22936"}],"curies":[{"name":"wp","href":"https:\/\/api.w.org\/{rel}","templated":true}]}}