{"id":22932,"date":"2014-03-05T14:07:08","date_gmt":"2014-03-05T17:07:08","guid":{"rendered":"http:\/\/aconteceunovale.com.br\/portal\/?p=22932"},"modified":"2014-03-05T14:18:46","modified_gmt":"2014-03-05T17:18:46","slug":"prefeito-de-santa-efigenia-de-minas-quer-afastamento-de-pms-que-o-prenderam-durante-festa-de-carnaval","status":"publish","type":"post","link":"https:\/\/aconteceunovale.com.br\/portal\/?p=22932","title":{"rendered":"Prefeito de Santa Efig\u00eania de Minas quer afastamento de PMs que o prenderam durante festa de carnaval"},"content":{"rendered":"<p>Depois de ficar mais de cinco horas detido, o prefeito de Santa Efig\u00eania de Minas, na regi\u00e3o Leste de Minas, Jo\u00e3o Abnir Pinho de Souza (PSDB) vai pedir afastamento dos militares que efetuaram sua pris\u00e3o durante uma festa de Carnaval no \u00faltimo domingo (2). Uma funcion\u00e1ria p\u00fablica e um empres\u00e1rio da cidade tamb\u00e9m foram presos.<\/p>\n<p>A confus\u00e3o come\u00e7ou depois que a prefeitura do munic\u00edpio, com aproximadamente cinco mil habitantes, n\u00e3o foi autorizada pelo Corpo de Bombeiros de Governador Valadares a realizar a festa carnavalesca.<\/p>\n<p>\u201cO nosso erro foi n\u00e3o ter mandado o of\u00edcio para o Corpo de Bombeiros antes. Mas como a festa foi cancelada, resolvemos fazer um evento particular na casa de um empres\u00e1rio\u201d, explicou Souza.<\/p>\n<p>Durante a confraterniza\u00e7\u00e3o, segundo o pol\u00edtico, cerca de 50 policiais chegaram ao local e tentaram apreender o aparelho de som. Ao questionar se eles tinham uma ordem judicial, o prefeito foi algemado.<\/p>\n<p>\u201cO sargento disse que era uma autoridade. Eu respondi que tamb\u00e9m era. Nesse momento, eles me colocaram dentro da viatura\u201d, disse o pol\u00edtico.<\/p>\n<p>Al\u00e9m dele, uma funcion\u00e1ria p\u00fablica que tentava fotografar a a\u00e7\u00e3o da pol\u00edcia e o irm\u00e3o dela, propriet\u00e1rio da casa, tamb\u00e9m se envolveram na confus\u00e3o e foram parar na delegacia. O trio foi levado para a cidade de Guanh\u00e3es, na mesma regi\u00e3o.<\/p>\n<p>\u201cO delegado entendeu que n\u00e3o est\u00e1vamos fazendo nada fora da lei e fomos liberados na madrugada de segunda-feira (3) sem precisar pagar fian\u00e7a\u201d, contou Souza.<\/p>\n<p>Agora, o prefeito pretende se reunir com outras autoridades do Estado e afastar os policiais que realizaram as pris\u00f5es.<\/p>\n<p>\u201cN\u00e3o tem mais clima para eles trabalharem aqui. Queremos a substitui\u00e7\u00e3o dos militares\u201d, finalizou o parlamentar.<\/p>\n<p>A reportagem tentou contato com o comandante respons\u00e1vel pela \u00e1rea, mas foi informada por um soldado do plant\u00e3o de Guanh\u00e3es que os respons\u00e1veis n\u00e3o estavam de servi\u00e7o nesta quarta. O subcomandante identificado como capit\u00e3o Gilberto de Jesus Costas orientou o militar a passar para os ve\u00edculos de comunica\u00e7\u00e3o que a assessoria de imprensa de Belo Horizonte deveria comentar o caso.<\/p>\n<p>Por\u00e9m, segundo a assessoria da capital, casos isolados, como o de Santa Efig\u00eania de Minas, devem ter a posi\u00e7\u00e3o dos comandantes da regi\u00e3o. Novamente foi feito contato com o soldado, mas, na segunda liga\u00e7\u00e3o, ele disse que n\u00e3o havia conseguido mais contato com o capit\u00e3o. <\/p>\n<p><img decoding=\"async\" src=\"http:\/\/aconteceunovale.com.br\/portal\/wp-content\/uploads\/2014\/03\/prefeito_santa_efigenia_preso_1.jpg\" alt=\"\" \/><br \/>\n<em>(Foto: Reprodu\u00e7\u00e3o Inter TV)<\/em><\/p>\n<p><strong><em>(Fonte: O Tempo)<\/em><\/strong><\/p>\n","protected":false},"excerpt":{"rendered":"<p>Depois de ficar mais de cinco horas detido, o prefeito de Santa Efig\u00eania de Minas, na regi\u00e3o Leste de Minas, Jo\u00e3o Abnir Pinho de Souza (PSDB) vai pedir afastamento dos militares que efetuaram sua pris\u00e3o durante uma festa de Carnaval no \u00faltimo domingo (2). Uma funcion\u00e1ria p\u00fablica e um empres\u00e1rio da cidade tamb\u00e9m foram presos. [&hellip;]<\/p>\n","protected":false},"author":1,"featured_media":22816,"comment_status":"open","ping_status":"closed","sticky":false,"template":"","format":"standard","meta":{"amp_status":"","footnotes":""},"categories":[121],"tags":[1018,5124,5179,312],"class_list":["post-22932","post","type-post","status-publish","format-standard","has-post-thumbnail","hentry","category-leste","tag-destaque","tag-joao-abnir-pinho-de-souza","tag-prefeito-de-santa-efigenia-de-minas-quer-afastamento-de-pms-que-o-prenderam-durante-festa-de-carnaval","tag-santa-efigenia-de-minas"],"_links":{"self":[{"href":"https:\/\/aconteceunovale.com.br\/portal\/index.php?rest_route=\/wp\/v2\/posts\/22932","targetHints":{"allow":["GET"]}}],"collection":[{"href":"https:\/\/aconteceunovale.com.br\/portal\/index.php?rest_route=\/wp\/v2\/posts"}],"about":[{"href":"https:\/\/aconteceunovale.com.br\/portal\/index.php?rest_route=\/wp\/v2\/types\/post"}],"author":[{"embeddable":true,"href":"https:\/\/aconteceunovale.com.br\/portal\/index.php?rest_route=\/wp\/v2\/users\/1"}],"replies":[{"embeddable":true,"href":"https:\/\/aconteceunovale.com.br\/portal\/index.php?rest_route=%2Fwp%2Fv2%2Fcomments&post=22932"}],"version-history":[{"count":0,"href":"https:\/\/aconteceunovale.com.br\/portal\/index.php?rest_route=\/wp\/v2\/posts\/22932\/revisions"}],"wp:featuredmedia":[{"embeddable":true,"href":"https:\/\/aconteceunovale.com.br\/portal\/index.php?rest_route=\/wp\/v2\/media\/22816"}],"wp:attachment":[{"href":"https:\/\/aconteceunovale.com.br\/portal\/index.php?rest_route=%2Fwp%2Fv2%2Fmedia&parent=22932"}],"wp:term":[{"taxonomy":"category","embeddable":true,"href":"https:\/\/aconteceunovale.com.br\/portal\/index.php?rest_route=%2Fwp%2Fv2%2Fcategories&post=22932"},{"taxonomy":"post_tag","embeddable":true,"href":"https:\/\/aconteceunovale.com.br\/portal\/index.php?rest_route=%2Fwp%2Fv2%2Ftags&post=22932"}],"curies":[{"name":"wp","href":"https:\/\/api.w.org\/{rel}","templated":true}]}}