{"id":22924,"date":"2014-03-05T13:43:02","date_gmt":"2014-03-05T16:43:02","guid":{"rendered":"http:\/\/aconteceunovale.com.br\/portal\/?p=22924"},"modified":"2014-03-05T14:18:53","modified_gmt":"2014-03-05T17:18:53","slug":"treinadores-de-grandes-selecoes-posam-para-campanha-pelos-100-dias-da-copa","status":"publish","type":"post","link":"https:\/\/aconteceunovale.com.br\/portal\/?p=22924","title":{"rendered":"Treinadores de grandes sele\u00e7\u00f5es posam para campanha pelos 100 dias da Copa"},"content":{"rendered":"<p>Nesta ter\u00e7a-feira (04), em comemora\u00e7\u00e3o ao marco dos 100 dias para o in\u00edcio da Copa do Mundo de 2014, t\u00e9cnicos de diversas sele\u00e7\u00f5es posaram para uma campanha da FIFA em homenagem \u00e0 data.<\/p>\n<p>Destes, alguns v\u00e3o passar por Belo Horizonte, uma das cidades-sede do torneio, durante a competi\u00e7\u00e3o, como os t\u00e9cnicos Roy Hodgson (Inglaterra, que joga contra Costa Rica dia 24\/06), Fernando Santos (Gr\u00e9cia, que joga contra Col\u00f4mbia dia 14\/06), Jorge Luis Pinto (Costa Rica) e \u00d3scar Tabarez (Uruguai, que se hospeda em Sete Lagoas), al\u00e9m de Luiz Felipe Scolari (Brasil, que pode jogar na capital caso a sele\u00e7\u00e3o seja a primeira do Grupo A).<\/p>\n<p>Na reta final, o Estado j\u00e1 acerta os preparativos finais para a maior competi\u00e7\u00e3o esportiva do mundo, com investimentos em infraestrutura e qualifica\u00e7\u00e3o de pessoal em \u00e1reas como sa\u00fade, seguran\u00e7a e turismo. Os mineiros j\u00e1 sentem, no ar, a expectativa do torneio.<\/p>\n<p>O governador Antonio Anastasia acredita que Minas Gerais est\u00e1 muito bem preparada para receber o evento internacional. \u201cBelo Horizonte \u00e9 uma das 12 cidades do pa\u00eds escolhidas para ser sede do mundial e onde teremos seis jogos. Ao mesmo tempo, o est\u00e1dio Mineir\u00e3o, conclu\u00eddo h\u00e1 mais de um ano, testado diversas vezes em grandes eventos, est\u00e1 em plenas condi\u00e7\u00f5es de oferecer um bel\u00edssimo espet\u00e1culo para o p\u00fablico que l\u00e1 ir\u00e1 assistir aos jogos e para os que preferir\u00e3o acompanhar pela televis\u00e3o\u201d, avalia.<\/p>\n<p><img decoding=\"async\" src=\"http:\/\/aconteceunovale.com.br\/portal\/wp-content\/uploads\/2014\/03\/tecnico-da-selecao-do-brasil-luiz-felipe-scolari.jpg\" alt=\"\" \/><br \/>\n<em><strong>T\u00e9cnico da sele\u00e7\u00e3o do Brasil, Luiz Felipe Scolari &#8211; Foto: FIFA<\/strong><\/em><\/p>\n<p><img decoding=\"async\" src=\"http:\/\/aconteceunovale.com.br\/portal\/wp-content\/uploads\/2014\/03\/tecnico-da-selecao-da-grecia-fernando-santos.jpg\" alt=\"\" \/><br \/>\n<em><strong>T\u00e9cnico da sele\u00e7\u00e3o da Gr\u00e9cia, Fernando Santos &#8211; Foto: FIFA<\/strong><\/em><\/p>\n<p><img decoding=\"async\" src=\"http:\/\/aconteceunovale.com.br\/portal\/wp-content\/uploads\/2014\/03\/tecnico-da-selecao-da-inglaterra-roy-hodgson.jpg\" alt=\"\" \/><br \/>\n<em><strong>T\u00e9cnico da sele\u00e7\u00e3o da Inglaterra, Roy Hodgson &#8211; Foto: FIFA<\/strong><\/em><\/p>\n<p><img decoding=\"async\" src=\"http:\/\/aconteceunovale.com.br\/portal\/wp-content\/uploads\/2014\/03\/tecnico-da-selecao-da-costa-rica-jorge-luis-pinto.jpg\" alt=\"\" \/><br \/>\n<em><strong>T\u00e9cnico da sele\u00e7\u00e3o da Costa Rica, Jorge Luis Pinto &#8211; Foto: FIFA<\/strong><\/em><\/p>\n","protected":false},"excerpt":{"rendered":"<p>Nesta ter\u00e7a-feira (04), em comemora\u00e7\u00e3o ao marco dos 100 dias para o in\u00edcio da Copa do Mundo de 2014, t\u00e9cnicos de diversas sele\u00e7\u00f5es posaram para uma campanha da FIFA em homenagem \u00e0 data. Destes, alguns v\u00e3o passar por Belo Horizonte, uma das cidades-sede do torneio, durante a competi\u00e7\u00e3o, como os t\u00e9cnicos Roy Hodgson (Inglaterra, que [&hellip;]<\/p>\n","protected":false},"author":1,"featured_media":22926,"comment_status":"open","ping_status":"closed","sticky":false,"template":"","format":"standard","meta":{"amp_status":"","footnotes":""},"categories":[6],"tags":[5176,1018,5175],"class_list":["post-22924","post","type-post","status-publish","format-standard","has-post-thumbnail","hentry","category-br","tag-100-dias-da-copa","tag-destaque","tag-treinadores-de-grandes-selecoes-posam-para-campanha-pelos-100-dias-da-copa"],"_links":{"self":[{"href":"https:\/\/aconteceunovale.com.br\/portal\/index.php?rest_route=\/wp\/v2\/posts\/22924","targetHints":{"allow":["GET"]}}],"collection":[{"href":"https:\/\/aconteceunovale.com.br\/portal\/index.php?rest_route=\/wp\/v2\/posts"}],"about":[{"href":"https:\/\/aconteceunovale.com.br\/portal\/index.php?rest_route=\/wp\/v2\/types\/post"}],"author":[{"embeddable":true,"href":"https:\/\/aconteceunovale.com.br\/portal\/index.php?rest_route=\/wp\/v2\/users\/1"}],"replies":[{"embeddable":true,"href":"https:\/\/aconteceunovale.com.br\/portal\/index.php?rest_route=%2Fwp%2Fv2%2Fcomments&post=22924"}],"version-history":[{"count":0,"href":"https:\/\/aconteceunovale.com.br\/portal\/index.php?rest_route=\/wp\/v2\/posts\/22924\/revisions"}],"wp:featuredmedia":[{"embeddable":true,"href":"https:\/\/aconteceunovale.com.br\/portal\/index.php?rest_route=\/wp\/v2\/media\/22926"}],"wp:attachment":[{"href":"https:\/\/aconteceunovale.com.br\/portal\/index.php?rest_route=%2Fwp%2Fv2%2Fmedia&parent=22924"}],"wp:term":[{"taxonomy":"category","embeddable":true,"href":"https:\/\/aconteceunovale.com.br\/portal\/index.php?rest_route=%2Fwp%2Fv2%2Fcategories&post=22924"},{"taxonomy":"post_tag","embeddable":true,"href":"https:\/\/aconteceunovale.com.br\/portal\/index.php?rest_route=%2Fwp%2Fv2%2Ftags&post=22924"}],"curies":[{"name":"wp","href":"https:\/\/api.w.org\/{rel}","templated":true}]}}