{"id":22895,"date":"2014-03-05T11:01:52","date_gmt":"2014-03-05T14:01:52","guid":{"rendered":"http:\/\/aconteceunovale.com.br\/portal\/?p=22895"},"modified":"2014-03-05T11:01:52","modified_gmt":"2014-03-05T14:01:52","slug":"adolescente-furta-galinha-e-esfaqueia-padrasto-em-montes-claros","status":"publish","type":"post","link":"https:\/\/aconteceunovale.com.br\/portal\/?p=22895","title":{"rendered":"Adolescente furta galinha e esfaqueia padrasto em Montes Claros"},"content":{"rendered":"<p>A Pol\u00edcia Militar de Montes Claros, no Norte de Minas, est\u00e1 \u00e0 procura de um adolescente de 16 anos que tentou matar padrasto com um golpe de faca, nessa segunda-feira (3), em Montes Claros. O motivo da briga seria uma galinha que o menor teria furtado e levado para casa.<\/p>\n<p>A m\u00e3e do suspeito contou \u00e0 corpora\u00e7\u00e3o que o filho chegou no im\u00f3vel, localizado na rua Oito, no bairro Recanto das \u00c1guas, com o animal que seria produto de crime. O homem de 32 anos n\u00e3o aceitou a hist\u00f3ria e come\u00e7ou a discutir com o enteado.<\/p>\n<p>Durante a briga, o adolescente disse que mataria o companheiro da m\u00e3e, saiu da resid\u00eancia e, em seguida, retornou com uma faca. A v\u00edtima foi atingida uma vez no lado esquerdo do abd\u00f4men e foi socorrida pelo Servi\u00e7o de Atendimento M\u00f3vel de Urg\u00eancia (Samu) ao Hospital Universit\u00e1rio. O homem n\u00e3o corre risco de morte.<\/p>\n<p>Ap\u00f3s a tentativa de homic\u00eddio, o suspeito fugiu e n\u00e3o foi mais visto. A mulher n\u00e3o informou se o filho e o marido tinham problemas de relacionamento. O caso \u00e9 investigado pela Pol\u00edcia Civil. <\/p>\n<p><em>(Imagem ilustrativa)<\/em><br \/>\n<img decoding=\"async\" src=\"http:\/\/aconteceunovale.com.br\/portal\/wp-content\/uploads\/2014\/03\/ladrao_de_galinha.jpg\" alt=\"\" \/><\/p>\n","protected":false},"excerpt":{"rendered":"<p>A Pol\u00edcia Militar de Montes Claros, no Norte de Minas, est\u00e1 \u00e0 procura de um adolescente de 16 anos que tentou matar padrasto com um golpe de faca, nessa segunda-feira (3), em Montes Claros. O motivo da briga seria uma galinha que o menor teria furtado e levado para casa. A m\u00e3e do suspeito contou [&hellip;]<\/p>\n","protected":false},"author":1,"featured_media":22896,"comment_status":"open","ping_status":"closed","sticky":false,"template":"","format":"standard","meta":{"amp_status":"","footnotes":""},"categories":[1236],"tags":[5172,210],"class_list":["post-22895","post","type-post","status-publish","format-standard","has-post-thumbnail","hentry","category-norte_de_minas","tag-adolescente-furta-galinha-e-esfaqueia-padrasto-em-montes-claros","tag-montes-claros"],"_links":{"self":[{"href":"https:\/\/aconteceunovale.com.br\/portal\/index.php?rest_route=\/wp\/v2\/posts\/22895","targetHints":{"allow":["GET"]}}],"collection":[{"href":"https:\/\/aconteceunovale.com.br\/portal\/index.php?rest_route=\/wp\/v2\/posts"}],"about":[{"href":"https:\/\/aconteceunovale.com.br\/portal\/index.php?rest_route=\/wp\/v2\/types\/post"}],"author":[{"embeddable":true,"href":"https:\/\/aconteceunovale.com.br\/portal\/index.php?rest_route=\/wp\/v2\/users\/1"}],"replies":[{"embeddable":true,"href":"https:\/\/aconteceunovale.com.br\/portal\/index.php?rest_route=%2Fwp%2Fv2%2Fcomments&post=22895"}],"version-history":[{"count":0,"href":"https:\/\/aconteceunovale.com.br\/portal\/index.php?rest_route=\/wp\/v2\/posts\/22895\/revisions"}],"wp:featuredmedia":[{"embeddable":true,"href":"https:\/\/aconteceunovale.com.br\/portal\/index.php?rest_route=\/wp\/v2\/media\/22896"}],"wp:attachment":[{"href":"https:\/\/aconteceunovale.com.br\/portal\/index.php?rest_route=%2Fwp%2Fv2%2Fmedia&parent=22895"}],"wp:term":[{"taxonomy":"category","embeddable":true,"href":"https:\/\/aconteceunovale.com.br\/portal\/index.php?rest_route=%2Fwp%2Fv2%2Fcategories&post=22895"},{"taxonomy":"post_tag","embeddable":true,"href":"https:\/\/aconteceunovale.com.br\/portal\/index.php?rest_route=%2Fwp%2Fv2%2Ftags&post=22895"}],"curies":[{"name":"wp","href":"https:\/\/api.w.org\/{rel}","templated":true}]}}