{"id":22888,"date":"2014-03-05T10:34:33","date_gmt":"2014-03-05T13:34:33","guid":{"rendered":"http:\/\/aconteceunovale.com.br\/portal\/?p=22888"},"modified":"2014-03-05T20:39:00","modified_gmt":"2014-03-05T23:39:00","slug":"aviao-de-pequeno-porte-cai-em-nova-era-na-tarde-desta-terca-feira","status":"publish","type":"post","link":"https:\/\/aconteceunovale.com.br\/portal\/?p=22888","title":{"rendered":"Avi\u00e3o de pequeno porte cai em Nova Era"},"content":{"rendered":"<p>Um piloto de um monomotor foi for\u00e7ado a fazer um pouso de de emerg\u00eancia na tarde dessa ter\u00e7a-feira (4), na zona rural da cidade de Nova Era. Segundo informa\u00e7\u00f5es da Pol\u00edcia Militar, o avi\u00e3o de pequeno porte era pilotado por Marc\u00edlio Morais Albeny, de 59 anos, que mora em Coronel Fabriciano(MG).<\/p>\n<p>Albeny informou para pol\u00edcia que ele precisou fazer a parada de emerg\u00eancia, devido a problemas na parte mec\u00e2nica do monomotor.<\/p>\n<p>O piloto fez o pouso for\u00e7ado quando sobrevoava a regi\u00e3o do bairro Vila Santa Rosa, a 800 metros do per\u00edmetro urbano. Ainda de acordo com a PM, Marc\u00edlio estava na cidade de S\u00e3o Domingos do Prata e viajava s\u00f3.<\/p>\n<p>Militares disseram ainda que em 1992 Marc\u00edlio Morais sofreu outro acidente, quando estava a sete mil p\u00e9s de altura a bordo do jato Xingu PT-EMN, do Governo mineiro, quando teve a m\u00e3o esquerda decepada pela corrente de a\u00e7o da escada do embarque do aparelho, que se abrira durante o v\u00f4o.<\/p>\n<p>J\u00e1 no acidente dessa ter\u00e7a-feira, Marc\u00edlio teve ferimentos leves pelo corpo e foi socorrido pelo Grupo de Atendimento Volunt\u00e1rio de Emerg\u00eancia e encaminhado para o Hospital S\u00e3o Jos\u00e9, em Nova Era. O piloto foi liberado horas ap\u00f3s dar entrada no pronto atendimento.<\/p>\n<p><img decoding=\"async\" src=\"http:\/\/aconteceunovale.com.br\/portal\/wp-content\/uploads\/2014\/03\/aviao_pequeno_porte_cai_em_nova_era.jpg\" alt=\"\" \/><br \/>\n<em>(Foto: Bell Silva)<\/em><\/p>\n<p><strong>(G1)<\/strong><\/p>\n","protected":false},"excerpt":{"rendered":"<p>Um piloto de um monomotor foi for\u00e7ado a fazer um pouso de de emerg\u00eancia na tarde dessa ter\u00e7a-feira (4), na zona rural da cidade de Nova Era. Segundo informa\u00e7\u00f5es da Pol\u00edcia Militar, o avi\u00e3o de pequeno porte era pilotado por Marc\u00edlio Morais Albeny, de 59 anos, que mora em Coronel Fabriciano(MG). Albeny informou para pol\u00edcia [&hellip;]<\/p>\n","protected":false},"author":1,"featured_media":22889,"comment_status":"open","ping_status":"closed","sticky":false,"template":"","format":"standard","meta":{"amp_status":"","footnotes":""},"categories":[123],"tags":[5170,5168,1524,1018,5169,1103],"class_list":["post-22888","post","type-post","status-publish","format-standard","has-post-thumbnail","hentry","category-gerais","tag-aviao-de-pequeno-porte-cai-em-nova-era","tag-aviao-de-pequeno-porte-cai-em-nova-era-na-tarde-desta-terca-feira","tag-coronel-fabriciano","tag-destaque","tag-marcilio-morais-albeny","tag-nova-era"],"_links":{"self":[{"href":"https:\/\/aconteceunovale.com.br\/portal\/index.php?rest_route=\/wp\/v2\/posts\/22888","targetHints":{"allow":["GET"]}}],"collection":[{"href":"https:\/\/aconteceunovale.com.br\/portal\/index.php?rest_route=\/wp\/v2\/posts"}],"about":[{"href":"https:\/\/aconteceunovale.com.br\/portal\/index.php?rest_route=\/wp\/v2\/types\/post"}],"author":[{"embeddable":true,"href":"https:\/\/aconteceunovale.com.br\/portal\/index.php?rest_route=\/wp\/v2\/users\/1"}],"replies":[{"embeddable":true,"href":"https:\/\/aconteceunovale.com.br\/portal\/index.php?rest_route=%2Fwp%2Fv2%2Fcomments&post=22888"}],"version-history":[{"count":0,"href":"https:\/\/aconteceunovale.com.br\/portal\/index.php?rest_route=\/wp\/v2\/posts\/22888\/revisions"}],"wp:featuredmedia":[{"embeddable":true,"href":"https:\/\/aconteceunovale.com.br\/portal\/index.php?rest_route=\/wp\/v2\/media\/22889"}],"wp:attachment":[{"href":"https:\/\/aconteceunovale.com.br\/portal\/index.php?rest_route=%2Fwp%2Fv2%2Fmedia&parent=22888"}],"wp:term":[{"taxonomy":"category","embeddable":true,"href":"https:\/\/aconteceunovale.com.br\/portal\/index.php?rest_route=%2Fwp%2Fv2%2Fcategories&post=22888"},{"taxonomy":"post_tag","embeddable":true,"href":"https:\/\/aconteceunovale.com.br\/portal\/index.php?rest_route=%2Fwp%2Fv2%2Ftags&post=22888"}],"curies":[{"name":"wp","href":"https:\/\/api.w.org\/{rel}","templated":true}]}}