{"id":22878,"date":"2014-03-04T22:54:11","date_gmt":"2014-03-05T01:54:11","guid":{"rendered":"http:\/\/aconteceunovale.com.br\/portal\/?p=22878"},"modified":"2014-03-04T22:54:11","modified_gmt":"2014-03-05T01:54:11","slug":"agitacao-toma-conta-do-quinto-dia-do-carnaval-de-diamantina","status":"publish","type":"post","link":"https:\/\/aconteceunovale.com.br\/portal\/?p=22878","title":{"rendered":"Agita\u00e7\u00e3o toma conta do quinto dia do Carnaval de Diamantina"},"content":{"rendered":"<p>Com ruas e pra\u00e7as lotadas de alegria, que Diamantina se mant\u00e9m agitada pelo quinto dia consecutivo 24 horas. Durante a madrugada  e o raiar do sol desta ter\u00e7a-feira (4) a Pra\u00e7a do Mercado Velho, onde a Bartucada e a BatCaverna dividiram o palco foli\u00f5es se espremiam e se empurravam no embalo das m\u00fasicas.<\/p>\n<p>Os brincantes mais exigentes compraram abad\u00e1s e em um camarote Vip aproveitavam o melhor da festa que tinha at\u00e9 uma boate com Djs para lentar ainda mais o astral da galera.  O improviso e a irrever\u00eancia tamb\u00e9m se destacaram.  <\/p>\n<p>Em uma casa alugada, os integrantes dos Pererecas montaram uma boate com direito a m\u00fasica ao vivo e Djs. A casa localizada na rua da Quitanda ficou pequena para comportar os foli\u00f5es que brincam e dan\u00e7am o dia e a noite. \u201cAqui \u00e9 s\u00f3 alegria. N\u00e3o aceitamos drogas e apenas mulheres entram\u201d, contou o Perereca Lucas Vieira.   O Hoje em Dia acompanhou a festa do grupo durante esta madrugada. Mulheres bonitas, alegria, m\u00fasicas boas, organiza\u00e7\u00e3o e beijos, muitos beijos orquestram a festa at\u00e9 \u00e0s 8h desta ter\u00e7a-feira. Para n\u00e3o deixar a peteca cair, enquanto alguns integrantes descansavam, os outros tomavam conta do peda\u00e7o. \u201cAqui \u00e9 festa 24 horas\u201d, garantiu Guilherme Tupi, destacando que a concentra\u00e7\u00e3o dos foli\u00f5es para acompanhar os desfiles dos blocos sempre acontece na frente da resid\u00eancias dos Pererecas. \u00c0s 15h o Bloco Sapo seco promete muita agita\u00e7\u00e3o pelas ruas estreitas da cidade.<\/p>\n<p><img decoding=\"async\" src=\"http:\/\/aconteceunovale.com.br\/portal\/wp-content\/uploads\/2014\/03\/carnaval_dtna_04_03.jpg\" alt=\"\" \/><br \/>\n<em>(Foto: Ricardo Bastos\/HD)<\/em><\/p>\n<p><strong>(Hoje em Dia)<\/strong><\/p>\n","protected":false},"excerpt":{"rendered":"<p>Com ruas e pra\u00e7as lotadas de alegria, que Diamantina se mant\u00e9m agitada pelo quinto dia consecutivo 24 horas. Durante a madrugada e o raiar do sol desta ter\u00e7a-feira (4) a Pra\u00e7a do Mercado Velho, onde a Bartucada e a BatCaverna dividiram o palco foli\u00f5es se espremiam e se empurravam no embalo das m\u00fasicas. Os brincantes [&hellip;]<\/p>\n","protected":false},"author":1,"featured_media":22879,"comment_status":"open","ping_status":"closed","sticky":false,"template":"","format":"standard","meta":{"amp_status":"","footnotes":""},"categories":[120],"tags":[5162,3649,3026,4470,1018,198],"class_list":["post-22878","post","type-post","status-publish","format-standard","has-post-thumbnail","hentry","category-jequi","tag-agitacao-toma-conta-do-quinto-dia-do-carnaval-de-diamantina","tag-carnaval-2014","tag-carnaval-de-diamantina","tag-carnaval-de-diamantina-2014","tag-destaque","tag-diamantina"],"_links":{"self":[{"href":"https:\/\/aconteceunovale.com.br\/portal\/index.php?rest_route=\/wp\/v2\/posts\/22878","targetHints":{"allow":["GET"]}}],"collection":[{"href":"https:\/\/aconteceunovale.com.br\/portal\/index.php?rest_route=\/wp\/v2\/posts"}],"about":[{"href":"https:\/\/aconteceunovale.com.br\/portal\/index.php?rest_route=\/wp\/v2\/types\/post"}],"author":[{"embeddable":true,"href":"https:\/\/aconteceunovale.com.br\/portal\/index.php?rest_route=\/wp\/v2\/users\/1"}],"replies":[{"embeddable":true,"href":"https:\/\/aconteceunovale.com.br\/portal\/index.php?rest_route=%2Fwp%2Fv2%2Fcomments&post=22878"}],"version-history":[{"count":0,"href":"https:\/\/aconteceunovale.com.br\/portal\/index.php?rest_route=\/wp\/v2\/posts\/22878\/revisions"}],"wp:featuredmedia":[{"embeddable":true,"href":"https:\/\/aconteceunovale.com.br\/portal\/index.php?rest_route=\/wp\/v2\/media\/22879"}],"wp:attachment":[{"href":"https:\/\/aconteceunovale.com.br\/portal\/index.php?rest_route=%2Fwp%2Fv2%2Fmedia&parent=22878"}],"wp:term":[{"taxonomy":"category","embeddable":true,"href":"https:\/\/aconteceunovale.com.br\/portal\/index.php?rest_route=%2Fwp%2Fv2%2Fcategories&post=22878"},{"taxonomy":"post_tag","embeddable":true,"href":"https:\/\/aconteceunovale.com.br\/portal\/index.php?rest_route=%2Fwp%2Fv2%2Ftags&post=22878"}],"curies":[{"name":"wp","href":"https:\/\/api.w.org\/{rel}","templated":true}]}}