{"id":22866,"date":"2014-03-04T15:24:00","date_gmt":"2014-03-04T18:24:00","guid":{"rendered":"http:\/\/aconteceunovale.com.br\/portal\/?p=22866"},"modified":"2026-09-02T12:24:11","modified_gmt":"2026-09-02T15:24:11","slug":"aracuai-se-despede-da-pesquisadora-clea-dalva","status":"publish","type":"post","link":"https:\/\/aconteceunovale.com.br\/portal\/?p=22866","title":{"rendered":"Ara\u00e7ua\u00ed se despede da pesquisadora Cl\u00e9a Dalva"},"content":{"rendered":"<p><img decoding=\"async\" src=\"http:\/\/aconteceunovale.com.br\/portal\/wp-content\/uploads\/2014\/03\/dona_clea_pesquisadora_aracuai.jpg\" alt=\"\" \/><br \/>\n<em>(Foto: Album de fam\u00edlia)<\/em><\/p>\n<p>Foi sepultado na manh\u00e3 desta ter\u00e7a-feira (04\/03) em Ara\u00e7ua\u00ed, no Vale do Jequitinhonha, o corpo da aposentada Cl\u00e9a Dalva de Mattos, de 82 anos.<\/p>\n<p>Ela morreu em casa, na noite de segunda-feira (03\/03), v\u00edtima de um  c\u00e2ncer no intestino.<\/p>\n<p>Ao lado da professora Zina Chaves (in memoriam desde 2008), ela contribuiu com a pesquisa e cataloga\u00e7\u00e3o de grande parte da hist\u00f3ria de Ara\u00e7ua\u00ed.<\/p>\n<p>O sonho de ambas era a publica\u00e7\u00e3o do livro \u201cReminisc\u00eancias\u201d, resultado de anos de trabalho e pesquisa das duas amigas que foram as primeiras funcion\u00e1rias p\u00fablicas da prefeitura de Ara\u00e7ua\u00ed.<\/p>\n<p>A promessa de edi\u00e7\u00e3o e publica\u00e7\u00e3o do livro foi feita pelas \u00faltimas tr\u00eas administra\u00e7\u00f5es municipais. Ambas morreram sem ver o sonho realizado.<\/p>\n<p>\u201cO livro ser\u00e1 lan\u00e7ado agora\u201d, garantiu Cleusa Matos, filha da pesquisadora.<\/p>\n<p>Cl\u00e9a Dalva era vi\u00fava e m\u00e3e de 7 filhos  que lhe deram  7 netos.<\/p>\n<p><strong>(Gazeta de Ara\u00e7ua\u00ed)<\/strong><\/p>\n","protected":false},"excerpt":{"rendered":"<p>(Foto: Album de fam\u00edlia) Foi sepultado na manh\u00e3 desta ter\u00e7a-feira (04\/03) em Ara\u00e7ua\u00ed, no Vale do Jequitinhonha, o corpo da aposentada Cl\u00e9a Dalva de Mattos, de 82 anos. Ela morreu em casa, na noite de segunda-feira (03\/03), v\u00edtima de um c\u00e2ncer no intestino. Ao lado da professora Zina Chaves (in memoriam desde 2008), ela contribuiu [&hellip;]<\/p>\n","protected":false},"author":1,"featured_media":22867,"comment_status":"open","ping_status":"closed","sticky":false,"template":"","format":"standard","meta":{"amp_status":"","footnotes":""},"categories":[272530,120],"tags":[186,5155,5156,1018],"class_list":["post-22866","post","type-post","status-publish","format-standard","has-post-thumbnail","hentry","category-aracuai","category-jequi","tag-aracuai","tag-aracuai-se-despede-da-pesquisadora-clea-dalva","tag-clea-dalva-de-mattos","tag-destaque"],"yoast_head":"<!-- This site is optimized with the Yoast SEO plugin v28.3 - https:\/\/yoast.com\/product\/yoast-seo-wordpress\/ -->\n<title>Ara\u00e7ua\u00ed se despede da pesquisadora Cl\u00e9a Dalva - Aconteceu no Vale<\/title>\n<meta name=\"robots\" content=\"index, follow, max-snippet:-1, max-image-preview:large, max-video-preview:-1\" \/>\n<link rel=\"canonical\" href=\"https:\/\/aconteceunovale.com.br\/portal\/?p=22866\" \/>\n<meta property=\"og:locale\" content=\"pt_BR\" \/>\n<meta property=\"og:type\" content=\"article\" \/>\n<meta property=\"og:title\" content=\"Ara\u00e7ua\u00ed se despede da pesquisadora Cl\u00e9a Dalva - Aconteceu no Vale\" \/>\n<meta property=\"og:description\" content=\"(Foto: Album de fam\u00edlia) Foi sepultado na manh\u00e3 desta ter\u00e7a-feira (04\/03) em Ara\u00e7ua\u00ed, no Vale do Jequitinhonha, o corpo da aposentada Cl\u00e9a Dalva de Mattos, de 82 anos. Ela morreu em casa, na noite de segunda-feira (03\/03), v\u00edtima de um c\u00e2ncer no intestino. Ao lado da professora Zina Chaves (in memoriam desde 2008), ela contribuiu [&hellip;]\" \/>\n<meta property=\"og:url\" content=\"https:\/\/aconteceunovale.com.br\/portal\/?p=22866\" \/>\n<meta property=\"og:site_name\" content=\"Aconteceu no Vale\" \/>\n<meta property=\"article:publisher\" content=\"https:\/\/www.facebook.com\/aconteceunovale\/\" \/>\n<meta property=\"article:published_time\" content=\"2014-03-04T18:24:00+00:00\" \/>\n<meta property=\"article:modified_time\" content=\"2026-09-02T15:24:11+00:00\" \/>\n<meta property=\"og:image\" content=\"https:\/\/aconteceunovale.com.br\/portal\/wp-content\/uploads\/2014\/03\/dona_clea_pesquisadora_aracuai.jpg\" \/>\n\t<meta property=\"og:image:width\" content=\"579\" \/>\n\t<meta property=\"og:image:height\" content=\"288\" \/>\n\t<meta property=\"og:image:type\" content=\"image\/jpeg\" \/>\n<meta name=\"author\" content=\"Aconteceu no Vale\" \/>\n<meta name=\"twitter:card\" content=\"summary_large_image\" \/>\n<meta name=\"twitter:creator\" content=\"@noticiadosvales\" \/>\n<meta name=\"twitter:site\" content=\"@noticiadosvales\" \/>\n<meta name=\"twitter:label1\" content=\"Escrito por\" \/>\n\t<meta name=\"twitter:data1\" content=\"Aconteceu no Vale\" \/>\n\t<meta name=\"twitter:label2\" content=\"Est. tempo de leitura\" \/>\n\t<meta name=\"twitter:data2\" content=\"1 minuto\" \/>\n<script type=\"application\/ld+json\" class=\"yoast-schema-graph\">{\"@context\":\"https:\\\/\\\/schema.org\",\"@graph\":[{\"@type\":\"Article\",\"@id\":\"https:\\\/\\\/aconteceunovale.com.br\\\/portal\\\/?p=22866#article\",\"isPartOf\":{\"@id\":\"https:\\\/\\\/aconteceunovale.com.br\\\/portal\\\/?p=22866\"},\"author\":{\"name\":\"Aconteceu no Vale\",\"@id\":\"https:\\\/\\\/aconteceunovale.com.br\\\/portal\\\/#\\\/schema\\\/person\\\/633529146f2c94272bef50ac2953d589\"},\"headline\":\"Ara\u00e7ua\u00ed se despede da pesquisadora Cl\u00e9a Dalva\",\"datePublished\":\"2014-03-04T18:24:00+00:00\",\"dateModified\":\"2026-09-02T15:24:11+00:00\",\"mainEntityOfPage\":{\"@id\":\"https:\\\/\\\/aconteceunovale.com.br\\\/portal\\\/?p=22866\"},\"wordCount\":173,\"commentCount\":0,\"image\":{\"@id\":\"https:\\\/\\\/aconteceunovale.com.br\\\/portal\\\/?p=22866#primaryimage\"},\"thumbnailUrl\":\"https:\\\/\\\/aconteceunovale.com.br\\\/portal\\\/wp-content\\\/uploads\\\/2014\\\/03\\\/dona_clea_pesquisadora_aracuai.jpg\",\"keywords\":[\"Ara\u00e7ua\u00ed\",\"Ara\u00e7ua\u00ed se despede da pesquisadora Cl\u00e9a Dalva\",\"Cl\u00e9a Dalva de Mattos\",\"destaque\"],\"articleSection\":[\"Ara\u00e7ua\u00ed\",\"Vale do Jequitinhonha\"],\"inLanguage\":\"pt-BR\",\"potentialAction\":[{\"@type\":\"CommentAction\",\"name\":\"Comment\",\"target\":[\"https:\\\/\\\/aconteceunovale.com.br\\\/portal\\\/?p=22866#respond\"]}]},{\"@type\":\"WebPage\",\"@id\":\"https:\\\/\\\/aconteceunovale.com.br\\\/portal\\\/?p=22866\",\"url\":\"https:\\\/\\\/aconteceunovale.com.br\\\/portal\\\/?p=22866\",\"name\":\"Ara\u00e7ua\u00ed se despede da pesquisadora Cl\u00e9a Dalva - Aconteceu no Vale\",\"isPartOf\":{\"@id\":\"https:\\\/\\\/aconteceunovale.com.br\\\/portal\\\/#website\"},\"primaryImageOfPage\":{\"@id\":\"https:\\\/\\\/aconteceunovale.com.br\\\/portal\\\/?p=22866#primaryimage\"},\"image\":{\"@id\":\"https:\\\/\\\/aconteceunovale.com.br\\\/portal\\\/?p=22866#primaryimage\"},\"thumbnailUrl\":\"https:\\\/\\\/aconteceunovale.com.br\\\/portal\\\/wp-content\\\/uploads\\\/2014\\\/03\\\/dona_clea_pesquisadora_aracuai.jpg\",\"datePublished\":\"2014-03-04T18:24:00+00:00\",\"dateModified\":\"2026-09-02T15:24:11+00:00\",\"author\":{\"@id\":\"https:\\\/\\\/aconteceunovale.com.br\\\/portal\\\/#\\\/schema\\\/person\\\/633529146f2c94272bef50ac2953d589\"},\"breadcrumb\":{\"@id\":\"https:\\\/\\\/aconteceunovale.com.br\\\/portal\\\/?p=22866#breadcrumb\"},\"inLanguage\":\"pt-BR\",\"potentialAction\":[{\"@type\":\"ReadAction\",\"target\":[\"https:\\\/\\\/aconteceunovale.com.br\\\/portal\\\/?p=22866\"]}]},{\"@type\":\"ImageObject\",\"inLanguage\":\"pt-BR\",\"@id\":\"https:\\\/\\\/aconteceunovale.com.br\\\/portal\\\/?p=22866#primaryimage\",\"url\":\"https:\\\/\\\/aconteceunovale.com.br\\\/portal\\\/wp-content\\\/uploads\\\/2014\\\/03\\\/dona_clea_pesquisadora_aracuai.jpg\",\"contentUrl\":\"https:\\\/\\\/aconteceunovale.com.br\\\/portal\\\/wp-content\\\/uploads\\\/2014\\\/03\\\/dona_clea_pesquisadora_aracuai.jpg\",\"width\":579,\"height\":288},{\"@type\":\"BreadcrumbList\",\"@id\":\"https:\\\/\\\/aconteceunovale.com.br\\\/portal\\\/?p=22866#breadcrumb\",\"itemListElement\":[{\"@type\":\"ListItem\",\"position\":1,\"name\":\"In\u00edcio\",\"item\":\"https:\\\/\\\/aconteceunovale.com.br\\\/portal\\\/\"},{\"@type\":\"ListItem\",\"position\":2,\"name\":\"Ara\u00e7ua\u00ed se despede da pesquisadora Cl\u00e9a Dalva\"}]},{\"@type\":\"WebSite\",\"@id\":\"https:\\\/\\\/aconteceunovale.com.br\\\/portal\\\/#website\",\"url\":\"https:\\\/\\\/aconteceunovale.com.br\\\/portal\\\/\",\"name\":\"Aconteceu no Vale\",\"description\":\"Portal de Not\u00edcias\",\"potentialAction\":[{\"@type\":\"SearchAction\",\"target\":{\"@type\":\"EntryPoint\",\"urlTemplate\":\"https:\\\/\\\/aconteceunovale.com.br\\\/portal\\\/?s={search_term_string}\"},\"query-input\":{\"@type\":\"PropertyValueSpecification\",\"valueRequired\":true,\"valueName\":\"search_term_string\"}}],\"inLanguage\":\"pt-BR\"},{\"@type\":\"Person\",\"@id\":\"https:\\\/\\\/aconteceunovale.com.br\\\/portal\\\/#\\\/schema\\\/person\\\/633529146f2c94272bef50ac2953d589\",\"name\":\"Aconteceu no Vale\",\"description\":\"Equipe de reportagem do Aconteceu no Vale, portal de not\u00edcias do Vale do Jequitinhonha, em Minas Gerais. Cobrimos as 51 cidades do Vale desde 2013. Sugest\u00f5es de pauta e pedidos de corre\u00e7\u00e3o: contato@aconteceunovale.com.br\",\"sameAs\":[\"http:\\\/\\\/www.aconteceunovale.com.br\"],\"url\":\"https:\\\/\\\/aconteceunovale.com.br\\\/portal\\\/?author=1\"}]}<\/script>\n<!-- \/ Yoast SEO plugin. -->","yoast_head_json":{"title":"Ara\u00e7ua\u00ed se despede da pesquisadora Cl\u00e9a Dalva - Aconteceu no Vale","robots":{"index":"index","follow":"follow","max-snippet":"max-snippet:-1","max-image-preview":"max-image-preview:large","max-video-preview":"max-video-preview:-1"},"canonical":"https:\/\/aconteceunovale.com.br\/portal\/?p=22866","og_locale":"pt_BR","og_type":"article","og_title":"Ara\u00e7ua\u00ed se despede da pesquisadora Cl\u00e9a Dalva - Aconteceu no Vale","og_description":"(Foto: Album de fam\u00edlia) Foi sepultado na manh\u00e3 desta ter\u00e7a-feira (04\/03) em Ara\u00e7ua\u00ed, no Vale do Jequitinhonha, o corpo da aposentada Cl\u00e9a Dalva de Mattos, de 82 anos. Ela morreu em casa, na noite de segunda-feira (03\/03), v\u00edtima de um c\u00e2ncer no intestino. Ao lado da professora Zina Chaves (in memoriam desde 2008), ela contribuiu [&hellip;]","og_url":"https:\/\/aconteceunovale.com.br\/portal\/?p=22866","og_site_name":"Aconteceu no Vale","article_publisher":"https:\/\/www.facebook.com\/aconteceunovale\/","article_published_time":"2014-03-04T18:24:00+00:00","article_modified_time":"2026-09-02T15:24:11+00:00","og_image":[{"width":579,"height":288,"url":"https:\/\/aconteceunovale.com.br\/portal\/wp-content\/uploads\/2014\/03\/dona_clea_pesquisadora_aracuai.jpg","type":"image\/jpeg"}],"author":"Aconteceu no Vale","twitter_card":"summary_large_image","twitter_creator":"@noticiadosvales","twitter_site":"@noticiadosvales","twitter_misc":{"Escrito por":"Aconteceu no Vale","Est. tempo de leitura":"1 minuto"},"schema":{"@context":"https:\/\/schema.org","@graph":[{"@type":"Article","@id":"https:\/\/aconteceunovale.com.br\/portal\/?p=22866#article","isPartOf":{"@id":"https:\/\/aconteceunovale.com.br\/portal\/?p=22866"},"author":{"name":"Aconteceu no Vale","@id":"https:\/\/aconteceunovale.com.br\/portal\/#\/schema\/person\/633529146f2c94272bef50ac2953d589"},"headline":"Ara\u00e7ua\u00ed se despede da pesquisadora Cl\u00e9a Dalva","datePublished":"2014-03-04T18:24:00+00:00","dateModified":"2026-09-02T15:24:11+00:00","mainEntityOfPage":{"@id":"https:\/\/aconteceunovale.com.br\/portal\/?p=22866"},"wordCount":173,"commentCount":0,"image":{"@id":"https:\/\/aconteceunovale.com.br\/portal\/?p=22866#primaryimage"},"thumbnailUrl":"https:\/\/aconteceunovale.com.br\/portal\/wp-content\/uploads\/2014\/03\/dona_clea_pesquisadora_aracuai.jpg","keywords":["Ara\u00e7ua\u00ed","Ara\u00e7ua\u00ed se despede da pesquisadora Cl\u00e9a Dalva","Cl\u00e9a Dalva de Mattos","destaque"],"articleSection":["Ara\u00e7ua\u00ed","Vale do Jequitinhonha"],"inLanguage":"pt-BR","potentialAction":[{"@type":"CommentAction","name":"Comment","target":["https:\/\/aconteceunovale.com.br\/portal\/?p=22866#respond"]}]},{"@type":"WebPage","@id":"https:\/\/aconteceunovale.com.br\/portal\/?p=22866","url":"https:\/\/aconteceunovale.com.br\/portal\/?p=22866","name":"Ara\u00e7ua\u00ed se despede da pesquisadora Cl\u00e9a Dalva - Aconteceu no Vale","isPartOf":{"@id":"https:\/\/aconteceunovale.com.br\/portal\/#website"},"primaryImageOfPage":{"@id":"https:\/\/aconteceunovale.com.br\/portal\/?p=22866#primaryimage"},"image":{"@id":"https:\/\/aconteceunovale.com.br\/portal\/?p=22866#primaryimage"},"thumbnailUrl":"https:\/\/aconteceunovale.com.br\/portal\/wp-content\/uploads\/2014\/03\/dona_clea_pesquisadora_aracuai.jpg","datePublished":"2014-03-04T18:24:00+00:00","dateModified":"2026-09-02T15:24:11+00:00","author":{"@id":"https:\/\/aconteceunovale.com.br\/portal\/#\/schema\/person\/633529146f2c94272bef50ac2953d589"},"breadcrumb":{"@id":"https:\/\/aconteceunovale.com.br\/portal\/?p=22866#breadcrumb"},"inLanguage":"pt-BR","potentialAction":[{"@type":"ReadAction","target":["https:\/\/aconteceunovale.com.br\/portal\/?p=22866"]}]},{"@type":"ImageObject","inLanguage":"pt-BR","@id":"https:\/\/aconteceunovale.com.br\/portal\/?p=22866#primaryimage","url":"https:\/\/aconteceunovale.com.br\/portal\/wp-content\/uploads\/2014\/03\/dona_clea_pesquisadora_aracuai.jpg","contentUrl":"https:\/\/aconteceunovale.com.br\/portal\/wp-content\/uploads\/2014\/03\/dona_clea_pesquisadora_aracuai.jpg","width":579,"height":288},{"@type":"BreadcrumbList","@id":"https:\/\/aconteceunovale.com.br\/portal\/?p=22866#breadcrumb","itemListElement":[{"@type":"ListItem","position":1,"name":"In\u00edcio","item":"https:\/\/aconteceunovale.com.br\/portal\/"},{"@type":"ListItem","position":2,"name":"Ara\u00e7ua\u00ed se despede da pesquisadora Cl\u00e9a Dalva"}]},{"@type":"WebSite","@id":"https:\/\/aconteceunovale.com.br\/portal\/#website","url":"https:\/\/aconteceunovale.com.br\/portal\/","name":"Aconteceu no Vale","description":"Portal de Not\u00edcias","potentialAction":[{"@type":"SearchAction","target":{"@type":"EntryPoint","urlTemplate":"https:\/\/aconteceunovale.com.br\/portal\/?s={search_term_string}"},"query-input":{"@type":"PropertyValueSpecification","valueRequired":true,"valueName":"search_term_string"}}],"inLanguage":"pt-BR"},{"@type":"Person","@id":"https:\/\/aconteceunovale.com.br\/portal\/#\/schema\/person\/633529146f2c94272bef50ac2953d589","name":"Aconteceu no Vale","description":"Equipe de reportagem do Aconteceu no Vale, portal de not\u00edcias do Vale do Jequitinhonha, em Minas Gerais. Cobrimos as 51 cidades do Vale desde 2013. Sugest\u00f5es de pauta e pedidos de corre\u00e7\u00e3o: contato@aconteceunovale.com.br","sameAs":["http:\/\/www.aconteceunovale.com.br"],"url":"https:\/\/aconteceunovale.com.br\/portal\/?author=1"}]}},"_links":{"self":[{"href":"https:\/\/aconteceunovale.com.br\/portal\/index.php?rest_route=\/wp\/v2\/posts\/22866","targetHints":{"allow":["GET"]}}],"collection":[{"href":"https:\/\/aconteceunovale.com.br\/portal\/index.php?rest_route=\/wp\/v2\/posts"}],"about":[{"href":"https:\/\/aconteceunovale.com.br\/portal\/index.php?rest_route=\/wp\/v2\/types\/post"}],"author":[{"embeddable":true,"href":"https:\/\/aconteceunovale.com.br\/portal\/index.php?rest_route=\/wp\/v2\/users\/1"}],"replies":[{"embeddable":true,"href":"https:\/\/aconteceunovale.com.br\/portal\/index.php?rest_route=%2Fwp%2Fv2%2Fcomments&post=22866"}],"version-history":[{"count":1,"href":"https:\/\/aconteceunovale.com.br\/portal\/index.php?rest_route=\/wp\/v2\/posts\/22866\/revisions"}],"predecessor-version":[{"id":199857,"href":"https:\/\/aconteceunovale.com.br\/portal\/index.php?rest_route=\/wp\/v2\/posts\/22866\/revisions\/199857"}],"wp:featuredmedia":[{"embeddable":true,"href":"https:\/\/aconteceunovale.com.br\/portal\/index.php?rest_route=\/wp\/v2\/media\/22867"}],"wp:attachment":[{"href":"https:\/\/aconteceunovale.com.br\/portal\/index.php?rest_route=%2Fwp%2Fv2%2Fmedia&parent=22866"}],"wp:term":[{"taxonomy":"category","embeddable":true,"href":"https:\/\/aconteceunovale.com.br\/portal\/index.php?rest_route=%2Fwp%2Fv2%2Fcategories&post=22866"},{"taxonomy":"post_tag","embeddable":true,"href":"https:\/\/aconteceunovale.com.br\/portal\/index.php?rest_route=%2Fwp%2Fv2%2Ftags&post=22866"}],"curies":[{"name":"wp","href":"https:\/\/api.w.org\/{rel}","templated":true}]}}