{"id":22856,"date":"2014-03-04T13:13:32","date_gmt":"2014-03-04T16:13:32","guid":{"rendered":"http:\/\/aconteceunovale.com.br\/portal\/?p=22856"},"modified":"2014-03-04T13:13:32","modified_gmt":"2014-03-04T16:13:32","slug":"nove-pessoas-ficam-feridas-em-acidente-envolvendo-onibus-clandestino-que-saiu-de-rio-pardo-de-minas","status":"publish","type":"post","link":"https:\/\/aconteceunovale.com.br\/portal\/?p=22856","title":{"rendered":"Nove pessoas ficam feridas em acidente envolvendo \u00f4nibus clandestino que saiu de Rio Pardo de Minas"},"content":{"rendered":"<p>Um grave acidente envolvendo um \u00f4nibus deixou nove pessoas feridas, entre elas tr\u00eas crian\u00e7as, na madrugada desta ter\u00e7a-feira (04\/03), na MG-428 em Sacramento, no Alto Parana\u00edba. De acordo com a Pol\u00edcia Militar Rodovi\u00e1ria, o ve\u00edculo fazia transporte clandestino.<\/p>\n<p>O acidente aconteceu por volta de 1h30 quando o \u00f4nibus que saiu de Rio Pardo de Minas seguia para S\u00e3o Paulo. O motorista contou aos policiais que o \u00f4nibus perdeu os freios. Nesse momento, o condutor tamb\u00e9m perdeu o controle da dire\u00e7\u00e3o, atravessou a pista, bateu em um barranco e, em seguida, tombou.<\/p>\n<p>Ao todo, dez pessoas estavam no ve\u00edculo. Os seis adultos e as tr\u00eas crian\u00e7as de 5, 8 e 10 anos foram socorridos e levados para a Santa Casa de Miseric\u00f3rdia da cidade. O estado de sa\u00fade dos feridos \u00e9 est\u00e1vel.<\/p>\n<p>Ap\u00f3s receber alta m\u00e9dica, o motorista ser\u00e1 encaminhado \u00e0 delegacia para prestar esclarecimentos.<\/p>\n<p><img decoding=\"async\" src=\"http:\/\/aconteceunovale.com.br\/portal\/wp-content\/uploads\/2013\/12\/acidente_arte.png\" alt=\"\" \/><\/p>\n<p><strong>(O Tempo)<\/strong><\/p>\n","protected":false},"excerpt":{"rendered":"<p>Um grave acidente envolvendo um \u00f4nibus deixou nove pessoas feridas, entre elas tr\u00eas crian\u00e7as, na madrugada desta ter\u00e7a-feira (04\/03), na MG-428 em Sacramento, no Alto Parana\u00edba. De acordo com a Pol\u00edcia Militar Rodovi\u00e1ria, o ve\u00edculo fazia transporte clandestino. O acidente aconteceu por volta de 1h30 quando o \u00f4nibus que saiu de Rio Pardo de Minas [&hellip;]<\/p>\n","protected":false},"author":1,"featured_media":16470,"comment_status":"open","ping_status":"closed","sticky":false,"template":"","format":"standard","meta":{"amp_status":"","footnotes":""},"categories":[1236],"tags":[5148,5149,5146,5147,421,1505],"class_list":["post-22856","post","type-post","status-publish","format-standard","has-post-thumbnail","hentry","category-norte_de_minas","tag-acidente-com-onibus-na-mg-428","tag-acidente-com-onibus-proximo-a-sacramento","tag-nove-pessoas-ficam-feridas-apos-onibus-bater-em-barranco-na-mg-428","tag-nove-pessoas-ficam-feridas-em-acidente-envolvendo-onibus-clandestino-que-saiu-de-rio-pardo-de-minas","tag-rio-pardo-de-minas","tag-sacramento"],"yoast_head":"<!-- This site is optimized with the Yoast SEO plugin v28.3 - https:\/\/yoast.com\/product\/yoast-seo-wordpress\/ -->\n<title>Nove pessoas ficam feridas em acidente envolvendo \u00f4nibus clandestino que saiu de Rio Pardo de Minas - Aconteceu no Vale<\/title>\n<meta name=\"robots\" content=\"index, follow, max-snippet:-1, max-image-preview:large, max-video-preview:-1\" \/>\n<link rel=\"canonical\" href=\"https:\/\/aconteceunovale.com.br\/portal\/?p=22856\" \/>\n<meta property=\"og:locale\" content=\"pt_BR\" \/>\n<meta property=\"og:type\" content=\"article\" \/>\n<meta property=\"og:title\" content=\"Nove pessoas ficam feridas em acidente envolvendo \u00f4nibus clandestino que saiu de Rio Pardo de Minas - Aconteceu no Vale\" \/>\n<meta property=\"og:description\" content=\"Um grave acidente envolvendo um \u00f4nibus deixou nove pessoas feridas, entre elas tr\u00eas crian\u00e7as, na madrugada desta ter\u00e7a-feira (04\/03), na MG-428 em Sacramento, no Alto Parana\u00edba. De acordo com a Pol\u00edcia Militar Rodovi\u00e1ria, o ve\u00edculo fazia transporte clandestino. O acidente aconteceu por volta de 1h30 quando o \u00f4nibus que saiu de Rio Pardo de Minas [&hellip;]\" \/>\n<meta property=\"og:url\" content=\"https:\/\/aconteceunovale.com.br\/portal\/?p=22856\" \/>\n<meta property=\"og:site_name\" content=\"Aconteceu no Vale\" \/>\n<meta property=\"article:publisher\" content=\"https:\/\/www.facebook.com\/aconteceunovale\/\" \/>\n<meta property=\"article:published_time\" content=\"2014-03-04T16:13:32+00:00\" \/>\n<meta property=\"og:image\" content=\"https:\/\/aconteceunovale.com.br\/portal\/wp-content\/uploads\/2013\/12\/acidente_arte.png\" \/>\n\t<meta property=\"og:image:width\" content=\"642\" \/>\n\t<meta property=\"og:image:height\" content=\"336\" \/>\n\t<meta property=\"og:image:type\" content=\"image\/png\" \/>\n<meta name=\"author\" content=\"Aconteceu no Vale\" \/>\n<meta name=\"twitter:card\" content=\"summary_large_image\" \/>\n<meta name=\"twitter:creator\" content=\"@noticiadosvales\" \/>\n<meta name=\"twitter:site\" content=\"@noticiadosvales\" \/>\n<meta name=\"twitter:label1\" content=\"Escrito por\" \/>\n\t<meta name=\"twitter:data1\" content=\"Aconteceu no Vale\" \/>\n\t<meta name=\"twitter:label2\" content=\"Est. tempo de leitura\" \/>\n\t<meta name=\"twitter:data2\" content=\"1 minuto\" \/>\n<script type=\"application\/ld+json\" class=\"yoast-schema-graph\">{\"@context\":\"https:\\\/\\\/schema.org\",\"@graph\":[{\"@type\":\"Article\",\"@id\":\"https:\\\/\\\/aconteceunovale.com.br\\\/portal\\\/?p=22856#article\",\"isPartOf\":{\"@id\":\"https:\\\/\\\/aconteceunovale.com.br\\\/portal\\\/?p=22856\"},\"author\":{\"name\":\"Aconteceu no Vale\",\"@id\":\"https:\\\/\\\/aconteceunovale.com.br\\\/portal\\\/#\\\/schema\\\/person\\\/633529146f2c94272bef50ac2953d589\"},\"headline\":\"Nove pessoas ficam feridas em acidente envolvendo \u00f4nibus clandestino que saiu de Rio Pardo de Minas\",\"datePublished\":\"2014-03-04T16:13:32+00:00\",\"mainEntityOfPage\":{\"@id\":\"https:\\\/\\\/aconteceunovale.com.br\\\/portal\\\/?p=22856\"},\"wordCount\":174,\"commentCount\":0,\"image\":{\"@id\":\"https:\\\/\\\/aconteceunovale.com.br\\\/portal\\\/?p=22856#primaryimage\"},\"thumbnailUrl\":\"https:\\\/\\\/aconteceunovale.com.br\\\/portal\\\/wp-content\\\/uploads\\\/2013\\\/12\\\/acidente_arte.png\",\"keywords\":[\"acidente com onibus na MG-428\",\"acidente com onibus pr\u00f3ximo a sacramento\",\"Nove pessoas ficam feridas ap\u00f3s \u00f4nibus bater em barranco na MG-428\",\"Nove pessoas ficam feridas em acidente envolvendo \u00f4nibus clandestino que saiu de Rio Pardo de Minas\",\"Rio Pardo de Minas\",\"Sacramento\"],\"articleSection\":[\"Norte de Minas\"],\"inLanguage\":\"pt-BR\",\"potentialAction\":[{\"@type\":\"CommentAction\",\"name\":\"Comment\",\"target\":[\"https:\\\/\\\/aconteceunovale.com.br\\\/portal\\\/?p=22856#respond\"]}]},{\"@type\":\"WebPage\",\"@id\":\"https:\\\/\\\/aconteceunovale.com.br\\\/portal\\\/?p=22856\",\"url\":\"https:\\\/\\\/aconteceunovale.com.br\\\/portal\\\/?p=22856\",\"name\":\"Nove pessoas ficam feridas em acidente envolvendo \u00f4nibus clandestino que saiu de Rio Pardo de Minas - Aconteceu no Vale\",\"isPartOf\":{\"@id\":\"https:\\\/\\\/aconteceunovale.com.br\\\/portal\\\/#website\"},\"primaryImageOfPage\":{\"@id\":\"https:\\\/\\\/aconteceunovale.com.br\\\/portal\\\/?p=22856#primaryimage\"},\"image\":{\"@id\":\"https:\\\/\\\/aconteceunovale.com.br\\\/portal\\\/?p=22856#primaryimage\"},\"thumbnailUrl\":\"https:\\\/\\\/aconteceunovale.com.br\\\/portal\\\/wp-content\\\/uploads\\\/2013\\\/12\\\/acidente_arte.png\",\"datePublished\":\"2014-03-04T16:13:32+00:00\",\"author\":{\"@id\":\"https:\\\/\\\/aconteceunovale.com.br\\\/portal\\\/#\\\/schema\\\/person\\\/633529146f2c94272bef50ac2953d589\"},\"breadcrumb\":{\"@id\":\"https:\\\/\\\/aconteceunovale.com.br\\\/portal\\\/?p=22856#breadcrumb\"},\"inLanguage\":\"pt-BR\",\"potentialAction\":[{\"@type\":\"ReadAction\",\"target\":[\"https:\\\/\\\/aconteceunovale.com.br\\\/portal\\\/?p=22856\"]}]},{\"@type\":\"ImageObject\",\"inLanguage\":\"pt-BR\",\"@id\":\"https:\\\/\\\/aconteceunovale.com.br\\\/portal\\\/?p=22856#primaryimage\",\"url\":\"https:\\\/\\\/aconteceunovale.com.br\\\/portal\\\/wp-content\\\/uploads\\\/2013\\\/12\\\/acidente_arte.png\",\"contentUrl\":\"https:\\\/\\\/aconteceunovale.com.br\\\/portal\\\/wp-content\\\/uploads\\\/2013\\\/12\\\/acidente_arte.png\",\"width\":642,\"height\":336},{\"@type\":\"BreadcrumbList\",\"@id\":\"https:\\\/\\\/aconteceunovale.com.br\\\/portal\\\/?p=22856#breadcrumb\",\"itemListElement\":[{\"@type\":\"ListItem\",\"position\":1,\"name\":\"In\u00edcio\",\"item\":\"https:\\\/\\\/aconteceunovale.com.br\\\/portal\\\/\"},{\"@type\":\"ListItem\",\"position\":2,\"name\":\"Nove pessoas ficam feridas em acidente envolvendo \u00f4nibus clandestino que saiu de Rio Pardo de Minas\"}]},{\"@type\":\"WebSite\",\"@id\":\"https:\\\/\\\/aconteceunovale.com.br\\\/portal\\\/#website\",\"url\":\"https:\\\/\\\/aconteceunovale.com.br\\\/portal\\\/\",\"name\":\"Aconteceu no Vale\",\"description\":\"Portal de Not\u00edcias\",\"potentialAction\":[{\"@type\":\"SearchAction\",\"target\":{\"@type\":\"EntryPoint\",\"urlTemplate\":\"https:\\\/\\\/aconteceunovale.com.br\\\/portal\\\/?s={search_term_string}\"},\"query-input\":{\"@type\":\"PropertyValueSpecification\",\"valueRequired\":true,\"valueName\":\"search_term_string\"}}],\"inLanguage\":\"pt-BR\"},{\"@type\":\"Person\",\"@id\":\"https:\\\/\\\/aconteceunovale.com.br\\\/portal\\\/#\\\/schema\\\/person\\\/633529146f2c94272bef50ac2953d589\",\"name\":\"Aconteceu no Vale\",\"description\":\"Equipe de reportagem do Aconteceu no Vale, portal de not\u00edcias do Vale do Jequitinhonha, em Minas Gerais. Cobrimos as 51 cidades do Vale desde 2013. Sugest\u00f5es de pauta e pedidos de corre\u00e7\u00e3o: contato@aconteceunovale.com.br\",\"sameAs\":[\"http:\\\/\\\/www.aconteceunovale.com.br\"],\"url\":\"https:\\\/\\\/aconteceunovale.com.br\\\/portal\\\/?author=1\"}]}<\/script>\n<!-- \/ Yoast SEO plugin. -->","yoast_head_json":{"title":"Nove pessoas ficam feridas em acidente envolvendo \u00f4nibus clandestino que saiu de Rio Pardo de Minas - Aconteceu no Vale","robots":{"index":"index","follow":"follow","max-snippet":"max-snippet:-1","max-image-preview":"max-image-preview:large","max-video-preview":"max-video-preview:-1"},"canonical":"https:\/\/aconteceunovale.com.br\/portal\/?p=22856","og_locale":"pt_BR","og_type":"article","og_title":"Nove pessoas ficam feridas em acidente envolvendo \u00f4nibus clandestino que saiu de Rio Pardo de Minas - Aconteceu no Vale","og_description":"Um grave acidente envolvendo um \u00f4nibus deixou nove pessoas feridas, entre elas tr\u00eas crian\u00e7as, na madrugada desta ter\u00e7a-feira (04\/03), na MG-428 em Sacramento, no Alto Parana\u00edba. De acordo com a Pol\u00edcia Militar Rodovi\u00e1ria, o ve\u00edculo fazia transporte clandestino. O acidente aconteceu por volta de 1h30 quando o \u00f4nibus que saiu de Rio Pardo de Minas [&hellip;]","og_url":"https:\/\/aconteceunovale.com.br\/portal\/?p=22856","og_site_name":"Aconteceu no Vale","article_publisher":"https:\/\/www.facebook.com\/aconteceunovale\/","article_published_time":"2014-03-04T16:13:32+00:00","og_image":[{"width":642,"height":336,"url":"https:\/\/aconteceunovale.com.br\/portal\/wp-content\/uploads\/2013\/12\/acidente_arte.png","type":"image\/png"}],"author":"Aconteceu no Vale","twitter_card":"summary_large_image","twitter_creator":"@noticiadosvales","twitter_site":"@noticiadosvales","twitter_misc":{"Escrito por":"Aconteceu no Vale","Est. tempo de leitura":"1 minuto"},"schema":{"@context":"https:\/\/schema.org","@graph":[{"@type":"Article","@id":"https:\/\/aconteceunovale.com.br\/portal\/?p=22856#article","isPartOf":{"@id":"https:\/\/aconteceunovale.com.br\/portal\/?p=22856"},"author":{"name":"Aconteceu no Vale","@id":"https:\/\/aconteceunovale.com.br\/portal\/#\/schema\/person\/633529146f2c94272bef50ac2953d589"},"headline":"Nove pessoas ficam feridas em acidente envolvendo \u00f4nibus clandestino que saiu de Rio Pardo de Minas","datePublished":"2014-03-04T16:13:32+00:00","mainEntityOfPage":{"@id":"https:\/\/aconteceunovale.com.br\/portal\/?p=22856"},"wordCount":174,"commentCount":0,"image":{"@id":"https:\/\/aconteceunovale.com.br\/portal\/?p=22856#primaryimage"},"thumbnailUrl":"https:\/\/aconteceunovale.com.br\/portal\/wp-content\/uploads\/2013\/12\/acidente_arte.png","keywords":["acidente com onibus na MG-428","acidente com onibus pr\u00f3ximo a sacramento","Nove pessoas ficam feridas ap\u00f3s \u00f4nibus bater em barranco na MG-428","Nove pessoas ficam feridas em acidente envolvendo \u00f4nibus clandestino que saiu de Rio Pardo de Minas","Rio Pardo de Minas","Sacramento"],"articleSection":["Norte de Minas"],"inLanguage":"pt-BR","potentialAction":[{"@type":"CommentAction","name":"Comment","target":["https:\/\/aconteceunovale.com.br\/portal\/?p=22856#respond"]}]},{"@type":"WebPage","@id":"https:\/\/aconteceunovale.com.br\/portal\/?p=22856","url":"https:\/\/aconteceunovale.com.br\/portal\/?p=22856","name":"Nove pessoas ficam feridas em acidente envolvendo \u00f4nibus clandestino que saiu de Rio Pardo de Minas - Aconteceu no Vale","isPartOf":{"@id":"https:\/\/aconteceunovale.com.br\/portal\/#website"},"primaryImageOfPage":{"@id":"https:\/\/aconteceunovale.com.br\/portal\/?p=22856#primaryimage"},"image":{"@id":"https:\/\/aconteceunovale.com.br\/portal\/?p=22856#primaryimage"},"thumbnailUrl":"https:\/\/aconteceunovale.com.br\/portal\/wp-content\/uploads\/2013\/12\/acidente_arte.png","datePublished":"2014-03-04T16:13:32+00:00","author":{"@id":"https:\/\/aconteceunovale.com.br\/portal\/#\/schema\/person\/633529146f2c94272bef50ac2953d589"},"breadcrumb":{"@id":"https:\/\/aconteceunovale.com.br\/portal\/?p=22856#breadcrumb"},"inLanguage":"pt-BR","potentialAction":[{"@type":"ReadAction","target":["https:\/\/aconteceunovale.com.br\/portal\/?p=22856"]}]},{"@type":"ImageObject","inLanguage":"pt-BR","@id":"https:\/\/aconteceunovale.com.br\/portal\/?p=22856#primaryimage","url":"https:\/\/aconteceunovale.com.br\/portal\/wp-content\/uploads\/2013\/12\/acidente_arte.png","contentUrl":"https:\/\/aconteceunovale.com.br\/portal\/wp-content\/uploads\/2013\/12\/acidente_arte.png","width":642,"height":336},{"@type":"BreadcrumbList","@id":"https:\/\/aconteceunovale.com.br\/portal\/?p=22856#breadcrumb","itemListElement":[{"@type":"ListItem","position":1,"name":"In\u00edcio","item":"https:\/\/aconteceunovale.com.br\/portal\/"},{"@type":"ListItem","position":2,"name":"Nove pessoas ficam feridas em acidente envolvendo \u00f4nibus clandestino que saiu de Rio Pardo de Minas"}]},{"@type":"WebSite","@id":"https:\/\/aconteceunovale.com.br\/portal\/#website","url":"https:\/\/aconteceunovale.com.br\/portal\/","name":"Aconteceu no Vale","description":"Portal de Not\u00edcias","potentialAction":[{"@type":"SearchAction","target":{"@type":"EntryPoint","urlTemplate":"https:\/\/aconteceunovale.com.br\/portal\/?s={search_term_string}"},"query-input":{"@type":"PropertyValueSpecification","valueRequired":true,"valueName":"search_term_string"}}],"inLanguage":"pt-BR"},{"@type":"Person","@id":"https:\/\/aconteceunovale.com.br\/portal\/#\/schema\/person\/633529146f2c94272bef50ac2953d589","name":"Aconteceu no Vale","description":"Equipe de reportagem do Aconteceu no Vale, portal de not\u00edcias do Vale do Jequitinhonha, em Minas Gerais. Cobrimos as 51 cidades do Vale desde 2013. Sugest\u00f5es de pauta e pedidos de corre\u00e7\u00e3o: contato@aconteceunovale.com.br","sameAs":["http:\/\/www.aconteceunovale.com.br"],"url":"https:\/\/aconteceunovale.com.br\/portal\/?author=1"}]}},"_links":{"self":[{"href":"https:\/\/aconteceunovale.com.br\/portal\/index.php?rest_route=\/wp\/v2\/posts\/22856","targetHints":{"allow":["GET"]}}],"collection":[{"href":"https:\/\/aconteceunovale.com.br\/portal\/index.php?rest_route=\/wp\/v2\/posts"}],"about":[{"href":"https:\/\/aconteceunovale.com.br\/portal\/index.php?rest_route=\/wp\/v2\/types\/post"}],"author":[{"embeddable":true,"href":"https:\/\/aconteceunovale.com.br\/portal\/index.php?rest_route=\/wp\/v2\/users\/1"}],"replies":[{"embeddable":true,"href":"https:\/\/aconteceunovale.com.br\/portal\/index.php?rest_route=%2Fwp%2Fv2%2Fcomments&post=22856"}],"version-history":[{"count":0,"href":"https:\/\/aconteceunovale.com.br\/portal\/index.php?rest_route=\/wp\/v2\/posts\/22856\/revisions"}],"wp:featuredmedia":[{"embeddable":true,"href":"https:\/\/aconteceunovale.com.br\/portal\/index.php?rest_route=\/wp\/v2\/media\/16470"}],"wp:attachment":[{"href":"https:\/\/aconteceunovale.com.br\/portal\/index.php?rest_route=%2Fwp%2Fv2%2Fmedia&parent=22856"}],"wp:term":[{"taxonomy":"category","embeddable":true,"href":"https:\/\/aconteceunovale.com.br\/portal\/index.php?rest_route=%2Fwp%2Fv2%2Fcategories&post=22856"},{"taxonomy":"post_tag","embeddable":true,"href":"https:\/\/aconteceunovale.com.br\/portal\/index.php?rest_route=%2Fwp%2Fv2%2Ftags&post=22856"}],"curies":[{"name":"wp","href":"https:\/\/api.w.org\/{rel}","templated":true}]}}