{"id":22851,"date":"2014-03-04T11:15:18","date_gmt":"2014-03-04T14:15:18","guid":{"rendered":"http:\/\/aconteceunovale.com.br\/portal\/?p=22851"},"modified":"2014-03-04T11:25:20","modified_gmt":"2014-03-04T14:25:20","slug":"estiagem-atipica-no-inicio-do-ano-faz-minas-gerais-arder-em-chamas","status":"publish","type":"post","link":"https:\/\/aconteceunovale.com.br\/portal\/?p=22851","title":{"rendered":"Estiagem at\u00edpica no in\u00edcio do ano faz Minas Gerais arder em chamas"},"content":{"rendered":"<p>A falta de chuva, principalmente em janeiro passado, e a consequente baixa umidade relativa do ar, at\u00edpica nessa \u00e9poca do ano, fizeram aumentar o n\u00famero de inc\u00eandios florestais e queimadas em Minas no in\u00edcio de 2014.<\/p>\n<p>As unidades de conserva\u00e7\u00e3o estaduais sofreram: at\u00e9 os \u00faltimos dias de fevereiro, a \u00e1rea interna queimada superava em mais de 500% a registrada nos dois primeiros meses de 2013. Para evitar a propaga\u00e7\u00e3o das chamas e debelar o fogo, o Estado vai contratar 330 brigadistas. O edital foi publicado no \u00faltimo dia 24.<\/p>\n<p>De acordo com o Sistema Estadual de Meio Ambiente e Recursos H\u00eddricos (Sisema), nos dois primeiros meses do ano passado 12 inc\u00eandios florestais consumiram 50,17 hectares das unidades de conserva\u00e7\u00e3o. J\u00e1 de 1\u00ba de janeiro a 23 de fevereiro de 2014 houve 25 registros, com a destrui\u00e7\u00e3o de 313,58 hectares, ou 525% a mais.<\/p>\n<p>No mesmo per\u00edodo, a \u00e1rea queimada no entorno das unidades caiu de 30,98 hectares em 2013 para 25,99 hectares em 2014. No entanto, o n\u00famero de ocorr\u00eancias subiu de sete (2013) para 11 (2014) em janeiro e fevereiro.<\/p>\n<p><strong>Fora do padr\u00e3o<\/strong><\/p>\n<p>Segundo a Secretaria de Estado de Meio Ambiente e Desenvolvimento Sustent\u00e1vel (Semad), apesar de o per\u00edodo chuvoso em Minas acontecer em janeiro e fevereiro, historicamente sempre foram registrados inc\u00eandios florestais nessa \u00e9poca do ano. Na maioria dos casos, por\u00e9m, de pequena intensidade.<\/p>\n<p>Diretor de Preven\u00e7\u00e3o e Combate a Inc\u00eandios Florestais e Eventos Cr\u00edticos da Semad, Rodrigo Bueno Belo diz que embora os efeitos da estiagem prolongada de 2014 j\u00e1 sejam vis\u00edveis, com maior n\u00famero de ocorr\u00eancias e severidade dos casos, ainda \u00e9 cedo para saber se o ano ser\u00e1 problem\u00e1tico no que diz respeito a queimadas e inc\u00eandios florestais.<\/p>\n<p>\u201cMas, se n\u00e3o chover at\u00e9 o fim de mar\u00e7o, teremos problemas s\u00e9rios. Nossa preocupa\u00e7\u00e3o \u00e9 como vamos trabalhar caso essa tend\u00eancia se concretize\u201d.<\/p>\n<p><strong>Reviravolta<\/strong><\/p>\n<p>Belo lembra que 2013 come\u00e7ou ruim, com inc\u00eandios e queimadas, mas terminou sendo um ano positivo para o meio ambiente, com redu\u00e7\u00e3o de 75% nas ocorr\u00eancias em compara\u00e7\u00e3o com 2012.<\/p>\n<p>A \u00e1rea queimada tamb\u00e9m foi 57,4% menor em rela\u00e7\u00e3o \u00e0 m\u00e9dia hist\u00f3rica registrada nos \u00faltimos seis anos. J\u00e1 em rela\u00e7\u00e3o a 2012, a queda foi ainda mais significativa. A \u00e1rea de preserva\u00e7\u00e3o destru\u00edda por inc\u00eandios foi 78% menor.<\/p>\n<p><strong>Per\u00edodo mais cr\u00edtico pode ser antecipado<\/strong><\/p>\n<p>As unidades de conserva\u00e7\u00e3o da Regional Rio Doce do Instituto Estadual de Florestas (IEF) escaparam ilesas dos inc\u00eandios at\u00e9 agora. Em 2013, o fogo consumiu 3,50 hectares do Parque Estadual do Rio Doce, em Marli\u00e9ria.<\/p>\n<p>Segundo o tenente Ricardo da Silva, do 6\u00ba Batalh\u00e3o de Bombeiros Militares (6\u00ba BBM), com sede em Governador Valadares e respons\u00e1vel por 61 munic\u00edpios da regi\u00e3o, as chuvas intensas em dezembro deixaram a vegeta\u00e7\u00e3o verde por mais tempo em janeiro.<\/p>\n<p>A preocupa\u00e7\u00e3o \u00e9 com a falta de chuvas que pode antecipar a estiagem para maio ou at\u00e9 abril. O per\u00edodo cr\u00edtico na regi\u00e3o \u00e9 de junho a setembro.<\/p>\n<p>\u201cTemos que trabalhar pesado com a preven\u00e7\u00e3o\u201d, diz, alertando que a falta de aceiros ainda \u00e9 o grande problema na regi\u00e3o. Em 2013, o Batalh\u00e3o registrou 107 inc\u00eandios na \u00e1rea de atua\u00e7\u00e3o, sendo o primeiro em maio. O maior deles ocorreu em agosto no Monumento Natural Pico da Ibituruna, em Valadares, com a queima de 235 hectares do principal patrim\u00f4nio hist\u00f3rico e paisag\u00edstico da cidade.<\/p>\n<p><strong>Sele\u00e7\u00e3o para contratar batalh\u00e3o de brigadistas<\/strong><\/p>\n<p>Para combater os inc\u00eandios florestais, a Semad far\u00e1 um processo seletivo simplificado para contrata\u00e7\u00e3o emergencial e tempor\u00e1ria de 330 brigadistas. O edital foi publicado no Di\u00e1rio Oficial do Estado.<\/p>\n<p>Do total de vagas, 284 s\u00e3o para brigadistas e 46 para l\u00edderes de brigada. Os aprovados v\u00e3o atuar nas unidades de conserva\u00e7\u00e3o estaduais em atividades de preven\u00e7\u00e3o, monitoramento e combate aos inc\u00eandios florestais.<\/p>\n<p>O profissional cumprir\u00e1 carga hor\u00e1ria de 40 horas semanais, conforme demanda das unidades.<\/p>\n<p>O sal\u00e1rio para o brigadista \u00e9 de R$ 724 mais R$ 289,60 de insalubridade. O l\u00edder vai receber R$ 1.158,40 mais R$ 289,60. Todos os candidatos far\u00e3o teste de aptid\u00e3o f\u00edsica e de habilidade no uso de ferramentas agr\u00edcolas.<\/p>\n<p>Para a Ibituruna, em Valadares, ser\u00e3o sete vagas. As inscri\u00e7\u00f5es devem ser feitas at\u00e9 11 de mar\u00e7o em <a href=\"http:\/\/www.meioambiente.mg.gov.br\" target=\"_blank\">www.meioambiente.mg.gov.br<\/a>.  <\/p>\n<p><em>(Foto ilustrativa)<\/em><br \/>\n<img decoding=\"async\" src=\"http:\/\/aconteceunovale.com.br\/portal\/wp-content\/uploads\/2014\/03\/selecao_brigadistas_gv.jpg\" alt=\"\" \/><\/p>\n<p><strong>(Jornal Hoje em Dia)<\/strong><\/p>\n","protected":false},"excerpt":{"rendered":"<p>A falta de chuva, principalmente em janeiro passado, e a consequente baixa umidade relativa do ar, at\u00edpica nessa \u00e9poca do ano, fizeram aumentar o n\u00famero de inc\u00eandios florestais e queimadas em Minas no in\u00edcio de 2014. As unidades de conserva\u00e7\u00e3o estaduais sofreram: at\u00e9 os \u00faltimos dias de fevereiro, a \u00e1rea interna queimada superava em mais [&hellip;]<\/p>\n","protected":false},"author":1,"featured_media":22852,"comment_status":"open","ping_status":"closed","sticky":false,"template":"","format":"standard","meta":{"amp_status":"","footnotes":""},"categories":[123],"tags":[1018,5144,247,5145],"class_list":["post-22851","post","type-post","status-publish","format-standard","has-post-thumbnail","hentry","category-gerais","tag-destaque","tag-estiagem-atipica-no-inicio-do-ano-faz-minas-gerais-arder-em-chamas","tag-governador-valadares","tag-selecao-para-contratar-batalhao-de-brigadistas"],"yoast_head":"<!-- This site is optimized with the Yoast SEO plugin v28.3 - https:\/\/yoast.com\/product\/yoast-seo-wordpress\/ -->\n<title>Estiagem at\u00edpica no in\u00edcio do ano faz Minas Gerais arder em chamas - Aconteceu no Vale<\/title>\n<meta name=\"robots\" content=\"index, follow, max-snippet:-1, max-image-preview:large, max-video-preview:-1\" \/>\n<link rel=\"canonical\" href=\"https:\/\/aconteceunovale.com.br\/portal\/?p=22851\" \/>\n<meta property=\"og:locale\" content=\"pt_BR\" \/>\n<meta property=\"og:type\" content=\"article\" \/>\n<meta property=\"og:title\" content=\"Estiagem at\u00edpica no in\u00edcio do ano faz Minas Gerais arder em chamas - Aconteceu no Vale\" \/>\n<meta property=\"og:description\" content=\"A falta de chuva, principalmente em janeiro passado, e a consequente baixa umidade relativa do ar, at\u00edpica nessa \u00e9poca do ano, fizeram aumentar o n\u00famero de inc\u00eandios florestais e queimadas em Minas no in\u00edcio de 2014. As unidades de conserva\u00e7\u00e3o estaduais sofreram: at\u00e9 os \u00faltimos dias de fevereiro, a \u00e1rea interna queimada superava em mais [&hellip;]\" \/>\n<meta property=\"og:url\" content=\"https:\/\/aconteceunovale.com.br\/portal\/?p=22851\" \/>\n<meta property=\"og:site_name\" content=\"Aconteceu no Vale\" \/>\n<meta property=\"article:publisher\" content=\"https:\/\/www.facebook.com\/aconteceunovale\/\" \/>\n<meta property=\"article:published_time\" content=\"2014-03-04T14:15:18+00:00\" \/>\n<meta property=\"article:modified_time\" content=\"2014-03-04T14:25:20+00:00\" \/>\n<meta property=\"og:image\" content=\"https:\/\/aconteceunovale.com.br\/portal\/wp-content\/uploads\/2014\/03\/selecao_brigadistas_gv.jpg\" \/>\n\t<meta property=\"og:image:width\" content=\"600\" \/>\n\t<meta property=\"og:image:height\" content=\"450\" \/>\n\t<meta property=\"og:image:type\" content=\"image\/jpeg\" \/>\n<meta name=\"author\" content=\"Aconteceu no Vale\" \/>\n<meta name=\"twitter:card\" content=\"summary_large_image\" \/>\n<meta name=\"twitter:creator\" content=\"@noticiadosvales\" \/>\n<meta name=\"twitter:site\" content=\"@noticiadosvales\" \/>\n<meta name=\"twitter:label1\" content=\"Escrito por\" \/>\n\t<meta name=\"twitter:data1\" content=\"Aconteceu no Vale\" \/>\n\t<meta name=\"twitter:label2\" content=\"Est. tempo de leitura\" \/>\n\t<meta name=\"twitter:data2\" content=\"4 minutos\" \/>\n<script type=\"application\/ld+json\" class=\"yoast-schema-graph\">{\"@context\":\"https:\\\/\\\/schema.org\",\"@graph\":[{\"@type\":\"Article\",\"@id\":\"https:\\\/\\\/aconteceunovale.com.br\\\/portal\\\/?p=22851#article\",\"isPartOf\":{\"@id\":\"https:\\\/\\\/aconteceunovale.com.br\\\/portal\\\/?p=22851\"},\"author\":{\"name\":\"Aconteceu no Vale\",\"@id\":\"https:\\\/\\\/aconteceunovale.com.br\\\/portal\\\/#\\\/schema\\\/person\\\/633529146f2c94272bef50ac2953d589\"},\"headline\":\"Estiagem at\u00edpica no in\u00edcio do ano faz Minas Gerais arder em chamas\",\"datePublished\":\"2014-03-04T14:15:18+00:00\",\"dateModified\":\"2014-03-04T14:25:20+00:00\",\"mainEntityOfPage\":{\"@id\":\"https:\\\/\\\/aconteceunovale.com.br\\\/portal\\\/?p=22851\"},\"wordCount\":749,\"commentCount\":0,\"image\":{\"@id\":\"https:\\\/\\\/aconteceunovale.com.br\\\/portal\\\/?p=22851#primaryimage\"},\"thumbnailUrl\":\"https:\\\/\\\/aconteceunovale.com.br\\\/portal\\\/wp-content\\\/uploads\\\/2014\\\/03\\\/selecao_brigadistas_gv.jpg\",\"keywords\":[\"destaque\",\"Estiagem at\u00edpica no in\u00edcio do ano faz Minas Gerais arder em chamas\",\"Governador Valadares\",\"Sele\u00e7\u00e3o para contratar batalh\u00e3o de brigadistas\"],\"articleSection\":[\"Minas Gerais\"],\"inLanguage\":\"pt-BR\",\"potentialAction\":[{\"@type\":\"CommentAction\",\"name\":\"Comment\",\"target\":[\"https:\\\/\\\/aconteceunovale.com.br\\\/portal\\\/?p=22851#respond\"]}]},{\"@type\":\"WebPage\",\"@id\":\"https:\\\/\\\/aconteceunovale.com.br\\\/portal\\\/?p=22851\",\"url\":\"https:\\\/\\\/aconteceunovale.com.br\\\/portal\\\/?p=22851\",\"name\":\"Estiagem at\u00edpica no in\u00edcio do ano faz Minas Gerais arder em chamas - Aconteceu no Vale\",\"isPartOf\":{\"@id\":\"https:\\\/\\\/aconteceunovale.com.br\\\/portal\\\/#website\"},\"primaryImageOfPage\":{\"@id\":\"https:\\\/\\\/aconteceunovale.com.br\\\/portal\\\/?p=22851#primaryimage\"},\"image\":{\"@id\":\"https:\\\/\\\/aconteceunovale.com.br\\\/portal\\\/?p=22851#primaryimage\"},\"thumbnailUrl\":\"https:\\\/\\\/aconteceunovale.com.br\\\/portal\\\/wp-content\\\/uploads\\\/2014\\\/03\\\/selecao_brigadistas_gv.jpg\",\"datePublished\":\"2014-03-04T14:15:18+00:00\",\"dateModified\":\"2014-03-04T14:25:20+00:00\",\"author\":{\"@id\":\"https:\\\/\\\/aconteceunovale.com.br\\\/portal\\\/#\\\/schema\\\/person\\\/633529146f2c94272bef50ac2953d589\"},\"breadcrumb\":{\"@id\":\"https:\\\/\\\/aconteceunovale.com.br\\\/portal\\\/?p=22851#breadcrumb\"},\"inLanguage\":\"pt-BR\",\"potentialAction\":[{\"@type\":\"ReadAction\",\"target\":[\"https:\\\/\\\/aconteceunovale.com.br\\\/portal\\\/?p=22851\"]}]},{\"@type\":\"ImageObject\",\"inLanguage\":\"pt-BR\",\"@id\":\"https:\\\/\\\/aconteceunovale.com.br\\\/portal\\\/?p=22851#primaryimage\",\"url\":\"https:\\\/\\\/aconteceunovale.com.br\\\/portal\\\/wp-content\\\/uploads\\\/2014\\\/03\\\/selecao_brigadistas_gv.jpg\",\"contentUrl\":\"https:\\\/\\\/aconteceunovale.com.br\\\/portal\\\/wp-content\\\/uploads\\\/2014\\\/03\\\/selecao_brigadistas_gv.jpg\",\"width\":600,\"height\":450},{\"@type\":\"BreadcrumbList\",\"@id\":\"https:\\\/\\\/aconteceunovale.com.br\\\/portal\\\/?p=22851#breadcrumb\",\"itemListElement\":[{\"@type\":\"ListItem\",\"position\":1,\"name\":\"In\u00edcio\",\"item\":\"https:\\\/\\\/aconteceunovale.com.br\\\/portal\\\/\"},{\"@type\":\"ListItem\",\"position\":2,\"name\":\"Estiagem at\u00edpica no in\u00edcio do ano faz Minas Gerais arder em chamas\"}]},{\"@type\":\"WebSite\",\"@id\":\"https:\\\/\\\/aconteceunovale.com.br\\\/portal\\\/#website\",\"url\":\"https:\\\/\\\/aconteceunovale.com.br\\\/portal\\\/\",\"name\":\"Aconteceu no Vale\",\"description\":\"Portal de Not\u00edcias\",\"potentialAction\":[{\"@type\":\"SearchAction\",\"target\":{\"@type\":\"EntryPoint\",\"urlTemplate\":\"https:\\\/\\\/aconteceunovale.com.br\\\/portal\\\/?s={search_term_string}\"},\"query-input\":{\"@type\":\"PropertyValueSpecification\",\"valueRequired\":true,\"valueName\":\"search_term_string\"}}],\"inLanguage\":\"pt-BR\"},{\"@type\":\"Person\",\"@id\":\"https:\\\/\\\/aconteceunovale.com.br\\\/portal\\\/#\\\/schema\\\/person\\\/633529146f2c94272bef50ac2953d589\",\"name\":\"Aconteceu no Vale\",\"description\":\"Equipe de reportagem do Aconteceu no Vale, portal de not\u00edcias do Vale do Jequitinhonha, em Minas Gerais. Cobrimos as 51 cidades do Vale desde 2013. Sugest\u00f5es de pauta e pedidos de corre\u00e7\u00e3o: contato@aconteceunovale.com.br\",\"sameAs\":[\"http:\\\/\\\/www.aconteceunovale.com.br\"],\"url\":\"https:\\\/\\\/aconteceunovale.com.br\\\/portal\\\/?author=1\"}]}<\/script>\n<!-- \/ Yoast SEO plugin. -->","yoast_head_json":{"title":"Estiagem at\u00edpica no in\u00edcio do ano faz Minas Gerais arder em chamas - Aconteceu no Vale","robots":{"index":"index","follow":"follow","max-snippet":"max-snippet:-1","max-image-preview":"max-image-preview:large","max-video-preview":"max-video-preview:-1"},"canonical":"https:\/\/aconteceunovale.com.br\/portal\/?p=22851","og_locale":"pt_BR","og_type":"article","og_title":"Estiagem at\u00edpica no in\u00edcio do ano faz Minas Gerais arder em chamas - Aconteceu no Vale","og_description":"A falta de chuva, principalmente em janeiro passado, e a consequente baixa umidade relativa do ar, at\u00edpica nessa \u00e9poca do ano, fizeram aumentar o n\u00famero de inc\u00eandios florestais e queimadas em Minas no in\u00edcio de 2014. As unidades de conserva\u00e7\u00e3o estaduais sofreram: at\u00e9 os \u00faltimos dias de fevereiro, a \u00e1rea interna queimada superava em mais [&hellip;]","og_url":"https:\/\/aconteceunovale.com.br\/portal\/?p=22851","og_site_name":"Aconteceu no Vale","article_publisher":"https:\/\/www.facebook.com\/aconteceunovale\/","article_published_time":"2014-03-04T14:15:18+00:00","article_modified_time":"2014-03-04T14:25:20+00:00","og_image":[{"width":600,"height":450,"url":"https:\/\/aconteceunovale.com.br\/portal\/wp-content\/uploads\/2014\/03\/selecao_brigadistas_gv.jpg","type":"image\/jpeg"}],"author":"Aconteceu no Vale","twitter_card":"summary_large_image","twitter_creator":"@noticiadosvales","twitter_site":"@noticiadosvales","twitter_misc":{"Escrito por":"Aconteceu no Vale","Est. tempo de leitura":"4 minutos"},"schema":{"@context":"https:\/\/schema.org","@graph":[{"@type":"Article","@id":"https:\/\/aconteceunovale.com.br\/portal\/?p=22851#article","isPartOf":{"@id":"https:\/\/aconteceunovale.com.br\/portal\/?p=22851"},"author":{"name":"Aconteceu no Vale","@id":"https:\/\/aconteceunovale.com.br\/portal\/#\/schema\/person\/633529146f2c94272bef50ac2953d589"},"headline":"Estiagem at\u00edpica no in\u00edcio do ano faz Minas Gerais arder em chamas","datePublished":"2014-03-04T14:15:18+00:00","dateModified":"2014-03-04T14:25:20+00:00","mainEntityOfPage":{"@id":"https:\/\/aconteceunovale.com.br\/portal\/?p=22851"},"wordCount":749,"commentCount":0,"image":{"@id":"https:\/\/aconteceunovale.com.br\/portal\/?p=22851#primaryimage"},"thumbnailUrl":"https:\/\/aconteceunovale.com.br\/portal\/wp-content\/uploads\/2014\/03\/selecao_brigadistas_gv.jpg","keywords":["destaque","Estiagem at\u00edpica no in\u00edcio do ano faz Minas Gerais arder em chamas","Governador Valadares","Sele\u00e7\u00e3o para contratar batalh\u00e3o de brigadistas"],"articleSection":["Minas Gerais"],"inLanguage":"pt-BR","potentialAction":[{"@type":"CommentAction","name":"Comment","target":["https:\/\/aconteceunovale.com.br\/portal\/?p=22851#respond"]}]},{"@type":"WebPage","@id":"https:\/\/aconteceunovale.com.br\/portal\/?p=22851","url":"https:\/\/aconteceunovale.com.br\/portal\/?p=22851","name":"Estiagem at\u00edpica no in\u00edcio do ano faz Minas Gerais arder em chamas - Aconteceu no Vale","isPartOf":{"@id":"https:\/\/aconteceunovale.com.br\/portal\/#website"},"primaryImageOfPage":{"@id":"https:\/\/aconteceunovale.com.br\/portal\/?p=22851#primaryimage"},"image":{"@id":"https:\/\/aconteceunovale.com.br\/portal\/?p=22851#primaryimage"},"thumbnailUrl":"https:\/\/aconteceunovale.com.br\/portal\/wp-content\/uploads\/2014\/03\/selecao_brigadistas_gv.jpg","datePublished":"2014-03-04T14:15:18+00:00","dateModified":"2014-03-04T14:25:20+00:00","author":{"@id":"https:\/\/aconteceunovale.com.br\/portal\/#\/schema\/person\/633529146f2c94272bef50ac2953d589"},"breadcrumb":{"@id":"https:\/\/aconteceunovale.com.br\/portal\/?p=22851#breadcrumb"},"inLanguage":"pt-BR","potentialAction":[{"@type":"ReadAction","target":["https:\/\/aconteceunovale.com.br\/portal\/?p=22851"]}]},{"@type":"ImageObject","inLanguage":"pt-BR","@id":"https:\/\/aconteceunovale.com.br\/portal\/?p=22851#primaryimage","url":"https:\/\/aconteceunovale.com.br\/portal\/wp-content\/uploads\/2014\/03\/selecao_brigadistas_gv.jpg","contentUrl":"https:\/\/aconteceunovale.com.br\/portal\/wp-content\/uploads\/2014\/03\/selecao_brigadistas_gv.jpg","width":600,"height":450},{"@type":"BreadcrumbList","@id":"https:\/\/aconteceunovale.com.br\/portal\/?p=22851#breadcrumb","itemListElement":[{"@type":"ListItem","position":1,"name":"In\u00edcio","item":"https:\/\/aconteceunovale.com.br\/portal\/"},{"@type":"ListItem","position":2,"name":"Estiagem at\u00edpica no in\u00edcio do ano faz Minas Gerais arder em chamas"}]},{"@type":"WebSite","@id":"https:\/\/aconteceunovale.com.br\/portal\/#website","url":"https:\/\/aconteceunovale.com.br\/portal\/","name":"Aconteceu no Vale","description":"Portal de Not\u00edcias","potentialAction":[{"@type":"SearchAction","target":{"@type":"EntryPoint","urlTemplate":"https:\/\/aconteceunovale.com.br\/portal\/?s={search_term_string}"},"query-input":{"@type":"PropertyValueSpecification","valueRequired":true,"valueName":"search_term_string"}}],"inLanguage":"pt-BR"},{"@type":"Person","@id":"https:\/\/aconteceunovale.com.br\/portal\/#\/schema\/person\/633529146f2c94272bef50ac2953d589","name":"Aconteceu no Vale","description":"Equipe de reportagem do Aconteceu no Vale, portal de not\u00edcias do Vale do Jequitinhonha, em Minas Gerais. Cobrimos as 51 cidades do Vale desde 2013. Sugest\u00f5es de pauta e pedidos de corre\u00e7\u00e3o: contato@aconteceunovale.com.br","sameAs":["http:\/\/www.aconteceunovale.com.br"],"url":"https:\/\/aconteceunovale.com.br\/portal\/?author=1"}]}},"_links":{"self":[{"href":"https:\/\/aconteceunovale.com.br\/portal\/index.php?rest_route=\/wp\/v2\/posts\/22851","targetHints":{"allow":["GET"]}}],"collection":[{"href":"https:\/\/aconteceunovale.com.br\/portal\/index.php?rest_route=\/wp\/v2\/posts"}],"about":[{"href":"https:\/\/aconteceunovale.com.br\/portal\/index.php?rest_route=\/wp\/v2\/types\/post"}],"author":[{"embeddable":true,"href":"https:\/\/aconteceunovale.com.br\/portal\/index.php?rest_route=\/wp\/v2\/users\/1"}],"replies":[{"embeddable":true,"href":"https:\/\/aconteceunovale.com.br\/portal\/index.php?rest_route=%2Fwp%2Fv2%2Fcomments&post=22851"}],"version-history":[{"count":0,"href":"https:\/\/aconteceunovale.com.br\/portal\/index.php?rest_route=\/wp\/v2\/posts\/22851\/revisions"}],"wp:featuredmedia":[{"embeddable":true,"href":"https:\/\/aconteceunovale.com.br\/portal\/index.php?rest_route=\/wp\/v2\/media\/22852"}],"wp:attachment":[{"href":"https:\/\/aconteceunovale.com.br\/portal\/index.php?rest_route=%2Fwp%2Fv2%2Fmedia&parent=22851"}],"wp:term":[{"taxonomy":"category","embeddable":true,"href":"https:\/\/aconteceunovale.com.br\/portal\/index.php?rest_route=%2Fwp%2Fv2%2Fcategories&post=22851"},{"taxonomy":"post_tag","embeddable":true,"href":"https:\/\/aconteceunovale.com.br\/portal\/index.php?rest_route=%2Fwp%2Fv2%2Ftags&post=22851"}],"curies":[{"name":"wp","href":"https:\/\/api.w.org\/{rel}","templated":true}]}}