{"id":22845,"date":"2014-03-04T10:47:14","date_gmt":"2014-03-04T13:47:14","guid":{"rendered":"http:\/\/aconteceunovale.com.br\/portal\/?p=22845"},"modified":"2014-03-04T11:25:07","modified_gmt":"2014-03-04T14:25:07","slug":"ao-menos-24-pessoas-perderam-a-vida-em-rodovias-de-minas-nos-tres-primeiros-dias-do-carnaval","status":"publish","type":"post","link":"https:\/\/aconteceunovale.com.br\/portal\/?p=22845","title":{"rendered":"Ao menos 24 pessoas perderam a vida em rodovias de Minas nos tr\u00eas primeiros dias do carnaval"},"content":{"rendered":"<p>Ao menos 24 pessoas morreram ap\u00f3s acidentes em rodovias federais e estaduais de Minas Gerais, entre a sexta-feira, 28, e a tarde dessa segunda, 3 de mar\u00e7o. A Pol\u00edcia Rodovi\u00e1ria Federal (PRF) informou que um balan\u00e7o completo dos acidentes nas rodovias ser\u00e1 divulgado ap\u00f3s o feriado prolongado.<\/p>\n<p>Na manh\u00e3 desta segunda, uma jovem de 20 anos que dirigia uma caminhonete na BR-262 morreu ap\u00f3s capotar o ve\u00edculo em Uberaba, no Tri\u00e2ngulo Mineiro. O acidente que aconteceu por volta de 6h30 deixou outra tr\u00eas pessoas feridas.<\/p>\n<p>Em Curvelo, na regi\u00e3o Central, uma colis\u00e3o entre um caminh\u00e3o e uma carreta terminou com um motorista morto. A PRF n\u00e3o soube informar qual condutor perdeu a vida no acidente.<\/p>\n<p><img decoding=\"async\" src=\"http:\/\/aconteceunovale.com.br\/portal\/wp-content\/uploads\/2014\/03\/21_mortes_feriado_carnaval_4.jpg\" alt=\"\" \/><br \/>\n<em>Na BR-040, em Juiz de Fora, morreram dois ocupantes de um Gol &#8211; Foto: Leandro Costa<\/em><\/p>\n<p><strong>Fim de semana<\/strong><\/p>\n<p>J\u00e1 no domingo (2), tr\u00eas pessoas perderam a vida em rodovias. Em Sabar\u00e1, na regi\u00e3o metropolitana, um motociclista n\u00e3o identificado tamb\u00e9m perdeu a vida depois de uma colis\u00e3o entre a moto que pilotava e uma caminhonete na BR-381.<\/p>\n<p>Na MG-184, em Carmo do Rio Claro (MG), no Sul do Estado, um homem foi atropelado por uma carreta na altura do Km 14. O caminhoneiro relatou a PRF que  a v\u00edtima teria entrado na frente do ve\u00edculo e ele n\u00e3o teria conseguida parar.<\/p>\n<p>Um idoso de 61 anos tamb\u00e9m morreu atropelado no domingo depois de ser atingido por uma moto na BR-040, em Santos Dumont, na Zona da Mata. A v\u00edtima fazia caminhada pela rodovia quando foi atropelada no Km 751.<\/p>\n<p>Na BR-135, em Curvelo, uma capotagem terminou com o motorista do ve\u00edculo morto no fim da noite de domingo. Segundo a Pol\u00edcia Rodovi\u00e1ria Federal, o condutor n\u00e3o resistiu aos ferimentos e morreu no local do acidente. <\/p>\n<p>O s\u00e1bado foi o dia mais violento em estradas do Estado, foram nove mortos ap\u00f3s acidentes.<br \/>\nNa BR-381, duas irm\u00e3s morrera na colis\u00e3o frontal entre um carro e um caminh\u00e3o na altura do KM 410 da BR-381, em Nova Uni\u00e3o, na regi\u00e3o Central do Estado. Uma equipe do Corpo de Bombeiros chegou a atender a ocorr\u00eancia, por\u00e9m as v\u00edtimas j\u00e1 estavam sem vida.  <\/p>\n<p>Na BR-267, entre Lambari e Concei\u00e7\u00e3o do Rio Verde, no Sul de Minas, duas pessoas  morreram no in\u00edcio da manh\u00e3. O acidente aconteceu por volta das 8h e envolveu um carro de passeio e duas carretas. Os dois \u00f3bitos foram de passageiros do ve\u00edculo menor. Outras duas pessoas que ficaram feridas, foram socorridas pelo Corpo de Bombeiros e levadas para um hospital de Tr\u00eas Cora\u00e7\u00f5es com ferimentos leves.<\/p>\n<p>Em Juiz de Fora, na Zona da Mata, um homem e uma mulher perderam a vida na BR-040, no Km 762, no Bairro Paula Lima, ap\u00f3s um acidente entre dois carros.<\/p>\n<p>Na MG-050, em entre Araguari e Catal\u00e3o, um homem, de 57 anos, morreu ap\u00f3s colis\u00e3o entre um carro e um caminh\u00e3o.<\/p>\n<p>J\u00e1 na sexta (28), uma ultrapassagem proibida pode ter sido respons\u00e1vel pela morte de duas pessoas na BR-491, que liga Varginha a El\u00f3i Mendes, tamb\u00e9m no Sul. H\u00e1 suspeita que o carro tenha invadido a contram\u00e3o e batido de frente com um \u00f4nibus.<\/p>\n<p>Em Indian\u00f3plis, no Tri\u00e2ngulo Mineiro, quatro pessoas de uma mesma fam\u00edlia morreram depois de um acidente envolvendo um carro de passeio e um micro-\u00f4nibus na MG-365, na altura do KM 358. A informa\u00e7\u00e3o \u00e9 que o motorista do ve\u00edculo de passeio tenha invadido a contram\u00e3o e acertado de frente ve\u00edculo maior.<\/p>\n<p>Na BR-265, em S\u00e3o Jo\u00e3o Del Rei, na regi\u00e3o Central, um homem de 39 anos morreu em uma acidente envolvendo um caminh\u00e3o e uma carreta . De acordo com informa\u00e7\u00f5es da Pol\u00edcia Militar Rodovi\u00e1ria (PMR), o motorista da carreta, de 28 anos, informou que seguia sentido S\u00e3o Jo\u00e3o Del Rei quando o caminh\u00e3o conduzido pela v\u00edtima, que vinha no sentido contr\u00e1rio, invadiu a contram\u00e3o e chocou-se contra a carreta.<\/p>\n<p><strong>Trag\u00e9dia em fam\u00edlia de Aricanduva<\/strong><\/p>\n<p>Tr\u00eas pessoas morreram e duas ficaram gravemente feridas em um acidente na tarde desta segunda-feira (03 de mar\u00e7o), pr\u00f3ximo \u00e0 cidade de Turmalina, no Vale do Jequitinhonha.<\/p>\n<p>De acordo com informa\u00e7\u00f5es da Pol\u00edcia Militar, o acidente envolvendo o ve\u00edculo com placas de Capelinha\/MG aconteceu por volta das 16 horas em um trecho da BR-367, conhecido como reta do Jogil. Aparentemente o ve\u00edculo estava em alt\u00edssima velocidade, quando o condutor perdeu o controle e colidiu frontalmente com um eucalipto. O ve\u00edculo ficou totalmente destru\u00eddo.<\/p>\n<p>No ve\u00edculo viajava cinco pessoas, quatro do sexo masculino e um do sexo feminino. Todas as v\u00edtimas eram de uma mesma fam\u00edlia, moradores de Aricanduva\/MG. Segundo informa\u00e7\u00f5es divulgadas a reportagem do Portal Aconteceu no Vale pelo Hospital Municipal S\u00e3o Vicente de Paulo de Turmalina, Esmerinda Paulinda dos Santos, 40 anos, chegou ao hospital em estado grave, com traumatismo craniano e fratura exposta na perna, sendo encaminhada para o Hospital de Diamantina\/MG. Jos\u00e9 Eust\u00e1quio Soares Oliveira, 32 anos, est\u00e1 em estado est\u00e1vel no Hospital de Turmalina, passou por uma cirurgia no abd\u00f4men e passa bem. J\u00e1 o garoto Maxuel Douglas Costa, de 14 anos, chegou com vida ao hospital, mas n\u00e3o resistiu aos ferimentos e morreu de hemorragia interna. Esmerinda e Jos\u00e9 Eust\u00e1quio s\u00e3o tios do garoto Maxuel.<\/p>\n<p>Outras duas pessoas morreram no local do acidente, sendo elas o jovem Gelso Soares Oliveira, Funcion\u00e1rio da Prefeitura Municipal de Aricanduva e Jos\u00e9 Alves da Silva. Os dois foram resgatados pelo IML da cidade e posteriormente encaminhados para Aricanduva.<\/p>\n<p><img decoding=\"async\" src=\"http:\/\/aconteceunovale.com.br\/portal\/wp-content\/uploads\/2014\/03\/acidente_gelso_oliveira_1.jpg\" alt=\"\" \/><br \/>\n<em>(Ve\u00edculo onde viajava as v\u00edtimas \u2013 Foto: Enviada por leitor do Aconteceu no Vale)<\/em><\/p>\n","protected":false},"excerpt":{"rendered":"<p>Ao menos 24 pessoas morreram ap\u00f3s acidentes em rodovias federais e estaduais de Minas Gerais, entre a sexta-feira, 28, e a tarde dessa segunda, 3 de mar\u00e7o. A Pol\u00edcia Rodovi\u00e1ria Federal (PRF) informou que um balan\u00e7o completo dos acidentes nas rodovias ser\u00e1 divulgado ap\u00f3s o feriado prolongado. Na manh\u00e3 desta segunda, uma jovem de 20 [&hellip;]<\/p>\n","protected":false},"author":1,"featured_media":22846,"comment_status":"open","ping_status":"closed","sticky":false,"template":"","format":"standard","meta":{"amp_status":"","footnotes":""},"categories":[123],"tags":[5140,5138,551,1018,5139],"class_list":["post-22845","post","type-post","status-publish","format-standard","has-post-thumbnail","hentry","category-gerais","tag-acidentes-nas-rodovias-de-minas-gerais-durante-o-feriado-de-carnaval","tag-ao-menos-24-pessoas-perderam-a-vida-em-rodovias-de-minas-nos-tres-primeiros-dias-do-carnaval","tag-aricanduva","tag-destaque","tag-mortes-em-rodovias-de-minas-gerais-durante-o-carnaval"],"yoast_head":"<!-- This site is optimized with the Yoast SEO plugin v28.3 - https:\/\/yoast.com\/product\/yoast-seo-wordpress\/ -->\n<title>Ao menos 24 pessoas perderam a vida em rodovias de Minas nos tr\u00eas primeiros dias do carnaval - Aconteceu no Vale<\/title>\n<meta name=\"robots\" content=\"index, follow, max-snippet:-1, max-image-preview:large, max-video-preview:-1\" \/>\n<link rel=\"canonical\" href=\"https:\/\/aconteceunovale.com.br\/portal\/?p=22845\" \/>\n<meta property=\"og:locale\" content=\"pt_BR\" \/>\n<meta property=\"og:type\" content=\"article\" \/>\n<meta property=\"og:title\" content=\"Ao menos 24 pessoas perderam a vida em rodovias de Minas nos tr\u00eas primeiros dias do carnaval - Aconteceu no Vale\" \/>\n<meta property=\"og:description\" content=\"Ao menos 24 pessoas morreram ap\u00f3s acidentes em rodovias federais e estaduais de Minas Gerais, entre a sexta-feira, 28, e a tarde dessa segunda, 3 de mar\u00e7o. A Pol\u00edcia Rodovi\u00e1ria Federal (PRF) informou que um balan\u00e7o completo dos acidentes nas rodovias ser\u00e1 divulgado ap\u00f3s o feriado prolongado. Na manh\u00e3 desta segunda, uma jovem de 20 [&hellip;]\" \/>\n<meta property=\"og:url\" content=\"https:\/\/aconteceunovale.com.br\/portal\/?p=22845\" \/>\n<meta property=\"og:site_name\" content=\"Aconteceu no Vale\" \/>\n<meta property=\"article:publisher\" content=\"https:\/\/www.facebook.com\/aconteceunovale\/\" \/>\n<meta property=\"article:published_time\" content=\"2014-03-04T13:47:14+00:00\" \/>\n<meta property=\"article:modified_time\" content=\"2014-03-04T14:25:07+00:00\" \/>\n<meta property=\"og:image\" content=\"https:\/\/aconteceunovale.com.br\/portal\/wp-content\/uploads\/2014\/03\/21_mortes_feriado_carnaval_4.jpg\" \/>\n\t<meta property=\"og:image:width\" content=\"678\" \/>\n\t<meta property=\"og:image:height\" content=\"398\" \/>\n\t<meta property=\"og:image:type\" content=\"image\/jpeg\" \/>\n<meta name=\"author\" content=\"Aconteceu no Vale\" \/>\n<meta name=\"twitter:card\" content=\"summary_large_image\" \/>\n<meta name=\"twitter:creator\" content=\"@noticiadosvales\" \/>\n<meta name=\"twitter:site\" content=\"@noticiadosvales\" \/>\n<meta name=\"twitter:label1\" content=\"Escrito por\" \/>\n\t<meta name=\"twitter:data1\" content=\"Aconteceu no Vale\" \/>\n\t<meta name=\"twitter:label2\" content=\"Est. tempo de leitura\" \/>\n\t<meta name=\"twitter:data2\" content=\"5 minutos\" \/>\n<script type=\"application\/ld+json\" class=\"yoast-schema-graph\">{\"@context\":\"https:\\\/\\\/schema.org\",\"@graph\":[{\"@type\":\"Article\",\"@id\":\"https:\\\/\\\/aconteceunovale.com.br\\\/portal\\\/?p=22845#article\",\"isPartOf\":{\"@id\":\"https:\\\/\\\/aconteceunovale.com.br\\\/portal\\\/?p=22845\"},\"author\":{\"name\":\"Aconteceu no Vale\",\"@id\":\"https:\\\/\\\/aconteceunovale.com.br\\\/portal\\\/#\\\/schema\\\/person\\\/633529146f2c94272bef50ac2953d589\"},\"headline\":\"Ao menos 24 pessoas perderam a vida em rodovias de Minas nos tr\u00eas primeiros dias do carnaval\",\"datePublished\":\"2014-03-04T13:47:14+00:00\",\"dateModified\":\"2014-03-04T14:25:07+00:00\",\"mainEntityOfPage\":{\"@id\":\"https:\\\/\\\/aconteceunovale.com.br\\\/portal\\\/?p=22845\"},\"wordCount\":999,\"commentCount\":0,\"image\":{\"@id\":\"https:\\\/\\\/aconteceunovale.com.br\\\/portal\\\/?p=22845#primaryimage\"},\"thumbnailUrl\":\"https:\\\/\\\/aconteceunovale.com.br\\\/portal\\\/wp-content\\\/uploads\\\/2014\\\/03\\\/21_mortes_feriado_carnaval_4.jpg\",\"keywords\":[\"acidentes nas rodovias de minas gerais durante o feriado de carnaval\",\"Ao menos 24 pessoas perderam a vida em rodovias de Minas nos tr\u00eas primeiros dias do carnaval\",\"Aricanduva\",\"destaque\",\"mortes em rodovias de minas gerais durante o carnaval\"],\"articleSection\":[\"Minas Gerais\"],\"inLanguage\":\"pt-BR\",\"potentialAction\":[{\"@type\":\"CommentAction\",\"name\":\"Comment\",\"target\":[\"https:\\\/\\\/aconteceunovale.com.br\\\/portal\\\/?p=22845#respond\"]}]},{\"@type\":\"WebPage\",\"@id\":\"https:\\\/\\\/aconteceunovale.com.br\\\/portal\\\/?p=22845\",\"url\":\"https:\\\/\\\/aconteceunovale.com.br\\\/portal\\\/?p=22845\",\"name\":\"Ao menos 24 pessoas perderam a vida em rodovias de Minas nos tr\u00eas primeiros dias do carnaval - Aconteceu no Vale\",\"isPartOf\":{\"@id\":\"https:\\\/\\\/aconteceunovale.com.br\\\/portal\\\/#website\"},\"primaryImageOfPage\":{\"@id\":\"https:\\\/\\\/aconteceunovale.com.br\\\/portal\\\/?p=22845#primaryimage\"},\"image\":{\"@id\":\"https:\\\/\\\/aconteceunovale.com.br\\\/portal\\\/?p=22845#primaryimage\"},\"thumbnailUrl\":\"https:\\\/\\\/aconteceunovale.com.br\\\/portal\\\/wp-content\\\/uploads\\\/2014\\\/03\\\/21_mortes_feriado_carnaval_4.jpg\",\"datePublished\":\"2014-03-04T13:47:14+00:00\",\"dateModified\":\"2014-03-04T14:25:07+00:00\",\"author\":{\"@id\":\"https:\\\/\\\/aconteceunovale.com.br\\\/portal\\\/#\\\/schema\\\/person\\\/633529146f2c94272bef50ac2953d589\"},\"breadcrumb\":{\"@id\":\"https:\\\/\\\/aconteceunovale.com.br\\\/portal\\\/?p=22845#breadcrumb\"},\"inLanguage\":\"pt-BR\",\"potentialAction\":[{\"@type\":\"ReadAction\",\"target\":[\"https:\\\/\\\/aconteceunovale.com.br\\\/portal\\\/?p=22845\"]}]},{\"@type\":\"ImageObject\",\"inLanguage\":\"pt-BR\",\"@id\":\"https:\\\/\\\/aconteceunovale.com.br\\\/portal\\\/?p=22845#primaryimage\",\"url\":\"https:\\\/\\\/aconteceunovale.com.br\\\/portal\\\/wp-content\\\/uploads\\\/2014\\\/03\\\/21_mortes_feriado_carnaval_4.jpg\",\"contentUrl\":\"https:\\\/\\\/aconteceunovale.com.br\\\/portal\\\/wp-content\\\/uploads\\\/2014\\\/03\\\/21_mortes_feriado_carnaval_4.jpg\",\"width\":678,\"height\":398},{\"@type\":\"BreadcrumbList\",\"@id\":\"https:\\\/\\\/aconteceunovale.com.br\\\/portal\\\/?p=22845#breadcrumb\",\"itemListElement\":[{\"@type\":\"ListItem\",\"position\":1,\"name\":\"In\u00edcio\",\"item\":\"https:\\\/\\\/aconteceunovale.com.br\\\/portal\\\/\"},{\"@type\":\"ListItem\",\"position\":2,\"name\":\"Ao menos 24 pessoas perderam a vida em rodovias de Minas nos tr\u00eas primeiros dias do carnaval\"}]},{\"@type\":\"WebSite\",\"@id\":\"https:\\\/\\\/aconteceunovale.com.br\\\/portal\\\/#website\",\"url\":\"https:\\\/\\\/aconteceunovale.com.br\\\/portal\\\/\",\"name\":\"Aconteceu no Vale\",\"description\":\"Portal de Not\u00edcias\",\"potentialAction\":[{\"@type\":\"SearchAction\",\"target\":{\"@type\":\"EntryPoint\",\"urlTemplate\":\"https:\\\/\\\/aconteceunovale.com.br\\\/portal\\\/?s={search_term_string}\"},\"query-input\":{\"@type\":\"PropertyValueSpecification\",\"valueRequired\":true,\"valueName\":\"search_term_string\"}}],\"inLanguage\":\"pt-BR\"},{\"@type\":\"Person\",\"@id\":\"https:\\\/\\\/aconteceunovale.com.br\\\/portal\\\/#\\\/schema\\\/person\\\/633529146f2c94272bef50ac2953d589\",\"name\":\"Aconteceu no Vale\",\"description\":\"Equipe de reportagem do Aconteceu no Vale, portal de not\u00edcias do Vale do Jequitinhonha, em Minas Gerais. Cobrimos as 51 cidades do Vale desde 2013. Sugest\u00f5es de pauta e pedidos de corre\u00e7\u00e3o: contato@aconteceunovale.com.br\",\"sameAs\":[\"http:\\\/\\\/www.aconteceunovale.com.br\"],\"url\":\"https:\\\/\\\/aconteceunovale.com.br\\\/portal\\\/?author=1\"}]}<\/script>\n<!-- \/ Yoast SEO plugin. -->","yoast_head_json":{"title":"Ao menos 24 pessoas perderam a vida em rodovias de Minas nos tr\u00eas primeiros dias do carnaval - Aconteceu no Vale","robots":{"index":"index","follow":"follow","max-snippet":"max-snippet:-1","max-image-preview":"max-image-preview:large","max-video-preview":"max-video-preview:-1"},"canonical":"https:\/\/aconteceunovale.com.br\/portal\/?p=22845","og_locale":"pt_BR","og_type":"article","og_title":"Ao menos 24 pessoas perderam a vida em rodovias de Minas nos tr\u00eas primeiros dias do carnaval - Aconteceu no Vale","og_description":"Ao menos 24 pessoas morreram ap\u00f3s acidentes em rodovias federais e estaduais de Minas Gerais, entre a sexta-feira, 28, e a tarde dessa segunda, 3 de mar\u00e7o. A Pol\u00edcia Rodovi\u00e1ria Federal (PRF) informou que um balan\u00e7o completo dos acidentes nas rodovias ser\u00e1 divulgado ap\u00f3s o feriado prolongado. Na manh\u00e3 desta segunda, uma jovem de 20 [&hellip;]","og_url":"https:\/\/aconteceunovale.com.br\/portal\/?p=22845","og_site_name":"Aconteceu no Vale","article_publisher":"https:\/\/www.facebook.com\/aconteceunovale\/","article_published_time":"2014-03-04T13:47:14+00:00","article_modified_time":"2014-03-04T14:25:07+00:00","og_image":[{"width":678,"height":398,"url":"https:\/\/aconteceunovale.com.br\/portal\/wp-content\/uploads\/2014\/03\/21_mortes_feriado_carnaval_4.jpg","type":"image\/jpeg"}],"author":"Aconteceu no Vale","twitter_card":"summary_large_image","twitter_creator":"@noticiadosvales","twitter_site":"@noticiadosvales","twitter_misc":{"Escrito por":"Aconteceu no Vale","Est. tempo de leitura":"5 minutos"},"schema":{"@context":"https:\/\/schema.org","@graph":[{"@type":"Article","@id":"https:\/\/aconteceunovale.com.br\/portal\/?p=22845#article","isPartOf":{"@id":"https:\/\/aconteceunovale.com.br\/portal\/?p=22845"},"author":{"name":"Aconteceu no Vale","@id":"https:\/\/aconteceunovale.com.br\/portal\/#\/schema\/person\/633529146f2c94272bef50ac2953d589"},"headline":"Ao menos 24 pessoas perderam a vida em rodovias de Minas nos tr\u00eas primeiros dias do carnaval","datePublished":"2014-03-04T13:47:14+00:00","dateModified":"2014-03-04T14:25:07+00:00","mainEntityOfPage":{"@id":"https:\/\/aconteceunovale.com.br\/portal\/?p=22845"},"wordCount":999,"commentCount":0,"image":{"@id":"https:\/\/aconteceunovale.com.br\/portal\/?p=22845#primaryimage"},"thumbnailUrl":"https:\/\/aconteceunovale.com.br\/portal\/wp-content\/uploads\/2014\/03\/21_mortes_feriado_carnaval_4.jpg","keywords":["acidentes nas rodovias de minas gerais durante o feriado de carnaval","Ao menos 24 pessoas perderam a vida em rodovias de Minas nos tr\u00eas primeiros dias do carnaval","Aricanduva","destaque","mortes em rodovias de minas gerais durante o carnaval"],"articleSection":["Minas Gerais"],"inLanguage":"pt-BR","potentialAction":[{"@type":"CommentAction","name":"Comment","target":["https:\/\/aconteceunovale.com.br\/portal\/?p=22845#respond"]}]},{"@type":"WebPage","@id":"https:\/\/aconteceunovale.com.br\/portal\/?p=22845","url":"https:\/\/aconteceunovale.com.br\/portal\/?p=22845","name":"Ao menos 24 pessoas perderam a vida em rodovias de Minas nos tr\u00eas primeiros dias do carnaval - Aconteceu no Vale","isPartOf":{"@id":"https:\/\/aconteceunovale.com.br\/portal\/#website"},"primaryImageOfPage":{"@id":"https:\/\/aconteceunovale.com.br\/portal\/?p=22845#primaryimage"},"image":{"@id":"https:\/\/aconteceunovale.com.br\/portal\/?p=22845#primaryimage"},"thumbnailUrl":"https:\/\/aconteceunovale.com.br\/portal\/wp-content\/uploads\/2014\/03\/21_mortes_feriado_carnaval_4.jpg","datePublished":"2014-03-04T13:47:14+00:00","dateModified":"2014-03-04T14:25:07+00:00","author":{"@id":"https:\/\/aconteceunovale.com.br\/portal\/#\/schema\/person\/633529146f2c94272bef50ac2953d589"},"breadcrumb":{"@id":"https:\/\/aconteceunovale.com.br\/portal\/?p=22845#breadcrumb"},"inLanguage":"pt-BR","potentialAction":[{"@type":"ReadAction","target":["https:\/\/aconteceunovale.com.br\/portal\/?p=22845"]}]},{"@type":"ImageObject","inLanguage":"pt-BR","@id":"https:\/\/aconteceunovale.com.br\/portal\/?p=22845#primaryimage","url":"https:\/\/aconteceunovale.com.br\/portal\/wp-content\/uploads\/2014\/03\/21_mortes_feriado_carnaval_4.jpg","contentUrl":"https:\/\/aconteceunovale.com.br\/portal\/wp-content\/uploads\/2014\/03\/21_mortes_feriado_carnaval_4.jpg","width":678,"height":398},{"@type":"BreadcrumbList","@id":"https:\/\/aconteceunovale.com.br\/portal\/?p=22845#breadcrumb","itemListElement":[{"@type":"ListItem","position":1,"name":"In\u00edcio","item":"https:\/\/aconteceunovale.com.br\/portal\/"},{"@type":"ListItem","position":2,"name":"Ao menos 24 pessoas perderam a vida em rodovias de Minas nos tr\u00eas primeiros dias do carnaval"}]},{"@type":"WebSite","@id":"https:\/\/aconteceunovale.com.br\/portal\/#website","url":"https:\/\/aconteceunovale.com.br\/portal\/","name":"Aconteceu no Vale","description":"Portal de Not\u00edcias","potentialAction":[{"@type":"SearchAction","target":{"@type":"EntryPoint","urlTemplate":"https:\/\/aconteceunovale.com.br\/portal\/?s={search_term_string}"},"query-input":{"@type":"PropertyValueSpecification","valueRequired":true,"valueName":"search_term_string"}}],"inLanguage":"pt-BR"},{"@type":"Person","@id":"https:\/\/aconteceunovale.com.br\/portal\/#\/schema\/person\/633529146f2c94272bef50ac2953d589","name":"Aconteceu no Vale","description":"Equipe de reportagem do Aconteceu no Vale, portal de not\u00edcias do Vale do Jequitinhonha, em Minas Gerais. Cobrimos as 51 cidades do Vale desde 2013. Sugest\u00f5es de pauta e pedidos de corre\u00e7\u00e3o: contato@aconteceunovale.com.br","sameAs":["http:\/\/www.aconteceunovale.com.br"],"url":"https:\/\/aconteceunovale.com.br\/portal\/?author=1"}]}},"_links":{"self":[{"href":"https:\/\/aconteceunovale.com.br\/portal\/index.php?rest_route=\/wp\/v2\/posts\/22845","targetHints":{"allow":["GET"]}}],"collection":[{"href":"https:\/\/aconteceunovale.com.br\/portal\/index.php?rest_route=\/wp\/v2\/posts"}],"about":[{"href":"https:\/\/aconteceunovale.com.br\/portal\/index.php?rest_route=\/wp\/v2\/types\/post"}],"author":[{"embeddable":true,"href":"https:\/\/aconteceunovale.com.br\/portal\/index.php?rest_route=\/wp\/v2\/users\/1"}],"replies":[{"embeddable":true,"href":"https:\/\/aconteceunovale.com.br\/portal\/index.php?rest_route=%2Fwp%2Fv2%2Fcomments&post=22845"}],"version-history":[{"count":0,"href":"https:\/\/aconteceunovale.com.br\/portal\/index.php?rest_route=\/wp\/v2\/posts\/22845\/revisions"}],"wp:featuredmedia":[{"embeddable":true,"href":"https:\/\/aconteceunovale.com.br\/portal\/index.php?rest_route=\/wp\/v2\/media\/22846"}],"wp:attachment":[{"href":"https:\/\/aconteceunovale.com.br\/portal\/index.php?rest_route=%2Fwp%2Fv2%2Fmedia&parent=22845"}],"wp:term":[{"taxonomy":"category","embeddable":true,"href":"https:\/\/aconteceunovale.com.br\/portal\/index.php?rest_route=%2Fwp%2Fv2%2Fcategories&post=22845"},{"taxonomy":"post_tag","embeddable":true,"href":"https:\/\/aconteceunovale.com.br\/portal\/index.php?rest_route=%2Fwp%2Fv2%2Ftags&post=22845"}],"curies":[{"name":"wp","href":"https:\/\/api.w.org\/{rel}","templated":true}]}}