{"id":22834,"date":"2014-03-04T09:30:22","date_gmt":"2014-03-04T12:30:22","guid":{"rendered":"http:\/\/aconteceunovale.com.br\/portal\/?p=22834"},"modified":"2026-09-02T13:54:55","modified_gmt":"2026-09-02T16:54:55","slug":"22834","status":"publish","type":"post","link":"https:\/\/aconteceunovale.com.br\/portal\/?p=22834","title":{"rendered":"Funcion\u00e1rio da Prefeitura da Aricanduva e outros dois membros da fam\u00edlia morrem em acidente pr\u00f3ximo a Turmalina"},"content":{"rendered":"<p><em><strong>(Reda\u00e7\u00e3o do Portal Aconteceu no Vale, por Felipe Spencer)<\/strong><\/em><\/p>\n<p>Tr\u00eas pessoas morreram e duas ficaram gravemente feridas em um acidente na tarde desta segunda-feira (03 de mar\u00e7o), pr\u00f3ximo \u00e0 cidade de Turmalina, no Vale do Jequitinhonha.<\/p>\n<p>De acordo com informa\u00e7\u00f5es da Pol\u00edcia Militar, o acidente envolvendo o ve\u00edculo com placas de Capelinha\/MG aconteceu por volta das 16 horas em um trecho da BR-367, conhecido como reta do Jogil. Aparentemente o ve\u00edculo estava em alt\u00edssima velocidade, quando o condutor perdeu o controle e colidiu frontalmente com um eucalipto. O ve\u00edculo ficou totalmente destru\u00eddo.<\/p>\n<p><img decoding=\"async\" src=\"http:\/\/aconteceunovale.com.br\/portal\/wp-content\/uploads\/2014\/03\/gelso_oliveira.jpg\" alt=\"\" \/><br \/>\n<em><strong>(Entre as v\u00edtimas estava o funcion\u00e1rio da Prefeitura Municipal de Aricanduva, Gelso Oliveira &#8211; Foto: Facebook Pessoal)<\/strong><\/em><\/p>\n<p>No ve\u00edculo viajava cinco pessoas, quatro do sexo masculino e um do sexo feminino. Todas as v\u00edtimas eram de uma mesma fam\u00edlia, moradores de Aricanduva\/MG. Segundo informa\u00e7\u00f5es divulgadas a reportagem do Portal Aconteceu no Vale pelo Hospital Municipal S\u00e3o Vicente de Paulo de Turmalina, Esmerinda Paulinda dos Santos, 40 anos, chegou ao hospital em estado grave, com traumatismo craniano e fratura exposta na perna, sendo encaminhada para o Hospital de Diamantina\/MG. Jos\u00e9 Eust\u00e1quio Soares Oliveira, 32 anos, est\u00e1 em estado est\u00e1vel no Hospital de Turmalina, passou por uma cirurgia no abd\u00f4men e passa bem.  J\u00e1 o garoto Maxuel Douglas Costa, de 14 anos, chegou com vida ao hospital, mas n\u00e3o resistiu aos ferimentos e morreu de hemorragia interna. Esmerinda e Jos\u00e9 Eust\u00e1quio s\u00e3o tios do garoto Maxuel.<\/p>\n<p>Outras duas pessoas morreram no local do acidente, sendo elas o jovem Gelso Soares Oliveira, Funcion\u00e1rio da Prefeitura Municipal de Aricanduva e Jos\u00e9 Alves da Silva. Os dois foram resgatados pelo IML da cidade e posteriormente encaminhados para Aricanduva.<\/p>\n<p>O carro, um Fiat P\u00e1lio de cor preta teria sido alugado em uma locadora de ve\u00edculos em Capelinha. A informa\u00e7\u00e3o \u00e9 que a fam\u00edlia retornava de uma viagem a Bras\u00edlia.<\/p>\n<p><strong>Vel\u00f3rio em Aricanduva<\/strong><\/p>\n<p>As tr\u00eas v\u00edtimas do acidente est\u00e3o sendo veladas na Igreja Assembleia de Deus em Aricanduva. O sepultamento est\u00e1 previsto para acontecer \u00e0s 14 horas no cemit\u00e9rio da cidade.<\/p>\n<p><img decoding=\"async\" src=\"http:\/\/aconteceunovale.com.br\/portal\/wp-content\/uploads\/2014\/03\/acidente_gelso_oliveira_1.jpg\" alt=\"\" \/><br \/>\n<em>(Ve\u00edculo onde viajava as v\u00edtimas &#8211; Foto: Enviada por leitor do Aconteceu no Vale)<\/em><\/p>\n<p><img decoding=\"async\" src=\"http:\/\/aconteceunovale.com.br\/portal\/wp-content\/uploads\/2014\/03\/gelso_oliveira_acidente_2.jpg\" alt=\"\" \/><br \/>\n<em>(Ve\u00edculo onde viajava as v\u00edtimas &#8211; Foto: Enviada por leitor do Aconteceu no Vale)<\/em><\/p>\n","protected":false},"excerpt":{"rendered":"<p>(Reda\u00e7\u00e3o do Portal Aconteceu no Vale, por Felipe Spencer) Tr\u00eas pessoas morreram e duas ficaram gravemente feridas em um acidente na tarde desta segunda-feira (03 de mar\u00e7o), pr\u00f3ximo \u00e0 cidade de Turmalina, no Vale do Jequitinhonha. De acordo com informa\u00e7\u00f5es da Pol\u00edcia Militar, o acidente envolvendo o ve\u00edculo com placas de Capelinha\/MG aconteceu por volta [&hellip;]<\/p>\n","protected":false},"author":1,"featured_media":22835,"comment_status":"open","ping_status":"closed","sticky":false,"template":"","format":"standard","meta":{"amp_status":"","footnotes":""},"categories":[272531,272576,120],"tags":[5122,132,1018,5127,5136,5137,5135,5134,5133,5128,178],"class_list":["post-22834","post","type-post","status-publish","format-standard","has-post-thumbnail","hentry","category-aricanduva","category-turmalina","category-jequi","tag-acidente-envolvendo-veiculo-com-placas-de-capelinha-deixa-tres-vitimas-fatais-proximo-a-turmalina","tag-capelinha","tag-destaque","tag-esmerinda-paulinda-dos-santos","tag-fotos-acidente-com-gelso-oliveira","tag-fotos-acidente-proximo-a-turmalina","tag-funcionario-da-prefeitura-da-aricanduva-e-outros-dois-membros-da-familia-morrem-em-acidente-proximo-a-turmalina","tag-funcionario-da-prefeitura-municipal-de-aricanduva","tag-gelso-oliveira","tag-tres-membros-de-uma-familia-de-aricanduva-morrem-em-acidente-proximo-a-turmalina","tag-turmalina"],"yoast_head":"<!-- This site is optimized with the Yoast SEO plugin v28.3 - https:\/\/yoast.com\/product\/yoast-seo-wordpress\/ -->\n<title>Funcion\u00e1rio da Prefeitura da Aricanduva e outros dois membros da fam\u00edlia morrem em acidente pr\u00f3ximo a Turmalina - Aconteceu no Vale<\/title>\n<meta name=\"robots\" content=\"index, follow, max-snippet:-1, max-image-preview:large, max-video-preview:-1\" \/>\n<link rel=\"canonical\" href=\"https:\/\/aconteceunovale.com.br\/portal\/?p=22834\" \/>\n<meta property=\"og:locale\" content=\"pt_BR\" \/>\n<meta property=\"og:type\" content=\"article\" \/>\n<meta property=\"og:title\" content=\"Funcion\u00e1rio da Prefeitura da Aricanduva e outros dois membros da fam\u00edlia morrem em acidente pr\u00f3ximo a Turmalina - Aconteceu no Vale\" \/>\n<meta property=\"og:description\" content=\"(Reda\u00e7\u00e3o do Portal Aconteceu no Vale, por Felipe Spencer) Tr\u00eas pessoas morreram e duas ficaram gravemente feridas em um acidente na tarde desta segunda-feira (03 de mar\u00e7o), pr\u00f3ximo \u00e0 cidade de Turmalina, no Vale do Jequitinhonha. De acordo com informa\u00e7\u00f5es da Pol\u00edcia Militar, o acidente envolvendo o ve\u00edculo com placas de Capelinha\/MG aconteceu por volta [&hellip;]\" \/>\n<meta property=\"og:url\" content=\"https:\/\/aconteceunovale.com.br\/portal\/?p=22834\" \/>\n<meta property=\"og:site_name\" content=\"Aconteceu no Vale\" \/>\n<meta property=\"article:publisher\" content=\"https:\/\/www.facebook.com\/aconteceunovale\/\" \/>\n<meta property=\"article:published_time\" content=\"2014-03-04T12:30:22+00:00\" \/>\n<meta property=\"article:modified_time\" content=\"2026-09-02T16:54:55+00:00\" \/>\n<meta property=\"og:image\" content=\"https:\/\/aconteceunovale.com.br\/portal\/wp-content\/uploads\/2014\/03\/gelso_oliveira.jpg\" \/>\n\t<meta property=\"og:image:width\" content=\"600\" \/>\n\t<meta property=\"og:image:height\" content=\"450\" \/>\n\t<meta property=\"og:image:type\" content=\"image\/jpeg\" \/>\n<meta name=\"author\" content=\"Aconteceu no Vale\" \/>\n<meta name=\"twitter:card\" content=\"summary_large_image\" \/>\n<meta name=\"twitter:creator\" content=\"@noticiadosvales\" \/>\n<meta name=\"twitter:site\" content=\"@noticiadosvales\" \/>\n<meta name=\"twitter:label1\" content=\"Escrito por\" \/>\n\t<meta name=\"twitter:data1\" content=\"Aconteceu no Vale\" \/>\n\t<meta name=\"twitter:label2\" content=\"Est. tempo de leitura\" \/>\n\t<meta name=\"twitter:data2\" content=\"2 minutos\" \/>\n<script type=\"application\/ld+json\" class=\"yoast-schema-graph\">{\"@context\":\"https:\\\/\\\/schema.org\",\"@graph\":[{\"@type\":\"Article\",\"@id\":\"https:\\\/\\\/aconteceunovale.com.br\\\/portal\\\/?p=22834#article\",\"isPartOf\":{\"@id\":\"https:\\\/\\\/aconteceunovale.com.br\\\/portal\\\/?p=22834\"},\"author\":{\"name\":\"Aconteceu no Vale\",\"@id\":\"https:\\\/\\\/aconteceunovale.com.br\\\/portal\\\/#\\\/schema\\\/person\\\/633529146f2c94272bef50ac2953d589\"},\"headline\":\"Funcion\u00e1rio da Prefeitura da Aricanduva e outros dois membros da fam\u00edlia morrem em acidente pr\u00f3ximo a Turmalina\",\"datePublished\":\"2014-03-04T12:30:22+00:00\",\"dateModified\":\"2026-09-02T16:54:55+00:00\",\"mainEntityOfPage\":{\"@id\":\"https:\\\/\\\/aconteceunovale.com.br\\\/portal\\\/?p=22834\"},\"wordCount\":418,\"commentCount\":0,\"image\":{\"@id\":\"https:\\\/\\\/aconteceunovale.com.br\\\/portal\\\/?p=22834#primaryimage\"},\"thumbnailUrl\":\"https:\\\/\\\/aconteceunovale.com.br\\\/portal\\\/wp-content\\\/uploads\\\/2014\\\/03\\\/gelso_oliveira.jpg\",\"keywords\":[\"Acidente envolvendo ve\u00edculo com placas de Capelinha deixa tr\u00eas v\u00edtimas fatais pr\u00f3ximo a Turmalina\",\"Capelinha\",\"destaque\",\"Esmerinda Paulinda dos Santos\",\"fotos acidente com gelso oliveira\",\"fotos acidente pr\u00f3ximo a turmalina\",\"Funcion\u00e1rio da Prefeitura da Aricanduva e outros dois membros da fam\u00edlia morrem em acidente pr\u00f3ximo a Turmalina\",\"Funcion\u00e1rio da Prefeitura Municipal de Aricanduva\",\"Gelso Oliveira\",\"Tr\u00eas membros de uma fam\u00edlia de Aricanduva morrem em acidente pr\u00f3ximo a Turmalina\",\"Turmalina\"],\"articleSection\":[\"Aricanduva\",\"Turmalina\",\"Vale do Jequitinhonha\"],\"inLanguage\":\"pt-BR\",\"potentialAction\":[{\"@type\":\"CommentAction\",\"name\":\"Comment\",\"target\":[\"https:\\\/\\\/aconteceunovale.com.br\\\/portal\\\/?p=22834#respond\"]}]},{\"@type\":\"WebPage\",\"@id\":\"https:\\\/\\\/aconteceunovale.com.br\\\/portal\\\/?p=22834\",\"url\":\"https:\\\/\\\/aconteceunovale.com.br\\\/portal\\\/?p=22834\",\"name\":\"Funcion\u00e1rio da Prefeitura da Aricanduva e outros dois membros da fam\u00edlia morrem em acidente pr\u00f3ximo a Turmalina - Aconteceu no Vale\",\"isPartOf\":{\"@id\":\"https:\\\/\\\/aconteceunovale.com.br\\\/portal\\\/#website\"},\"primaryImageOfPage\":{\"@id\":\"https:\\\/\\\/aconteceunovale.com.br\\\/portal\\\/?p=22834#primaryimage\"},\"image\":{\"@id\":\"https:\\\/\\\/aconteceunovale.com.br\\\/portal\\\/?p=22834#primaryimage\"},\"thumbnailUrl\":\"https:\\\/\\\/aconteceunovale.com.br\\\/portal\\\/wp-content\\\/uploads\\\/2014\\\/03\\\/gelso_oliveira.jpg\",\"datePublished\":\"2014-03-04T12:30:22+00:00\",\"dateModified\":\"2026-09-02T16:54:55+00:00\",\"author\":{\"@id\":\"https:\\\/\\\/aconteceunovale.com.br\\\/portal\\\/#\\\/schema\\\/person\\\/633529146f2c94272bef50ac2953d589\"},\"breadcrumb\":{\"@id\":\"https:\\\/\\\/aconteceunovale.com.br\\\/portal\\\/?p=22834#breadcrumb\"},\"inLanguage\":\"pt-BR\",\"potentialAction\":[{\"@type\":\"ReadAction\",\"target\":[\"https:\\\/\\\/aconteceunovale.com.br\\\/portal\\\/?p=22834\"]}]},{\"@type\":\"ImageObject\",\"inLanguage\":\"pt-BR\",\"@id\":\"https:\\\/\\\/aconteceunovale.com.br\\\/portal\\\/?p=22834#primaryimage\",\"url\":\"https:\\\/\\\/aconteceunovale.com.br\\\/portal\\\/wp-content\\\/uploads\\\/2014\\\/03\\\/gelso_oliveira.jpg\",\"contentUrl\":\"https:\\\/\\\/aconteceunovale.com.br\\\/portal\\\/wp-content\\\/uploads\\\/2014\\\/03\\\/gelso_oliveira.jpg\",\"width\":600,\"height\":450},{\"@type\":\"BreadcrumbList\",\"@id\":\"https:\\\/\\\/aconteceunovale.com.br\\\/portal\\\/?p=22834#breadcrumb\",\"itemListElement\":[{\"@type\":\"ListItem\",\"position\":1,\"name\":\"In\u00edcio\",\"item\":\"https:\\\/\\\/aconteceunovale.com.br\\\/portal\\\/\"},{\"@type\":\"ListItem\",\"position\":2,\"name\":\"Funcion\u00e1rio da Prefeitura da Aricanduva e outros dois membros da fam\u00edlia morrem em acidente pr\u00f3ximo a Turmalina\"}]},{\"@type\":\"WebSite\",\"@id\":\"https:\\\/\\\/aconteceunovale.com.br\\\/portal\\\/#website\",\"url\":\"https:\\\/\\\/aconteceunovale.com.br\\\/portal\\\/\",\"name\":\"Aconteceu no Vale\",\"description\":\"Portal de Not\u00edcias\",\"potentialAction\":[{\"@type\":\"SearchAction\",\"target\":{\"@type\":\"EntryPoint\",\"urlTemplate\":\"https:\\\/\\\/aconteceunovale.com.br\\\/portal\\\/?s={search_term_string}\"},\"query-input\":{\"@type\":\"PropertyValueSpecification\",\"valueRequired\":true,\"valueName\":\"search_term_string\"}}],\"inLanguage\":\"pt-BR\"},{\"@type\":\"Person\",\"@id\":\"https:\\\/\\\/aconteceunovale.com.br\\\/portal\\\/#\\\/schema\\\/person\\\/633529146f2c94272bef50ac2953d589\",\"name\":\"Aconteceu no Vale\",\"description\":\"Equipe de reportagem do Aconteceu no Vale, portal de not\u00edcias do Vale do Jequitinhonha, em Minas Gerais. Cobrimos as 51 cidades do Vale desde 2013. Sugest\u00f5es de pauta e pedidos de corre\u00e7\u00e3o: contato@aconteceunovale.com.br\",\"sameAs\":[\"http:\\\/\\\/www.aconteceunovale.com.br\"],\"url\":\"https:\\\/\\\/aconteceunovale.com.br\\\/portal\\\/?author=1\"}]}<\/script>\n<!-- \/ Yoast SEO plugin. -->","yoast_head_json":{"title":"Funcion\u00e1rio da Prefeitura da Aricanduva e outros dois membros da fam\u00edlia morrem em acidente pr\u00f3ximo a Turmalina - Aconteceu no Vale","robots":{"index":"index","follow":"follow","max-snippet":"max-snippet:-1","max-image-preview":"max-image-preview:large","max-video-preview":"max-video-preview:-1"},"canonical":"https:\/\/aconteceunovale.com.br\/portal\/?p=22834","og_locale":"pt_BR","og_type":"article","og_title":"Funcion\u00e1rio da Prefeitura da Aricanduva e outros dois membros da fam\u00edlia morrem em acidente pr\u00f3ximo a Turmalina - Aconteceu no Vale","og_description":"(Reda\u00e7\u00e3o do Portal Aconteceu no Vale, por Felipe Spencer) Tr\u00eas pessoas morreram e duas ficaram gravemente feridas em um acidente na tarde desta segunda-feira (03 de mar\u00e7o), pr\u00f3ximo \u00e0 cidade de Turmalina, no Vale do Jequitinhonha. De acordo com informa\u00e7\u00f5es da Pol\u00edcia Militar, o acidente envolvendo o ve\u00edculo com placas de Capelinha\/MG aconteceu por volta [&hellip;]","og_url":"https:\/\/aconteceunovale.com.br\/portal\/?p=22834","og_site_name":"Aconteceu no Vale","article_publisher":"https:\/\/www.facebook.com\/aconteceunovale\/","article_published_time":"2014-03-04T12:30:22+00:00","article_modified_time":"2026-09-02T16:54:55+00:00","og_image":[{"width":600,"height":450,"url":"https:\/\/aconteceunovale.com.br\/portal\/wp-content\/uploads\/2014\/03\/gelso_oliveira.jpg","type":"image\/jpeg"}],"author":"Aconteceu no Vale","twitter_card":"summary_large_image","twitter_creator":"@noticiadosvales","twitter_site":"@noticiadosvales","twitter_misc":{"Escrito por":"Aconteceu no Vale","Est. tempo de leitura":"2 minutos"},"schema":{"@context":"https:\/\/schema.org","@graph":[{"@type":"Article","@id":"https:\/\/aconteceunovale.com.br\/portal\/?p=22834#article","isPartOf":{"@id":"https:\/\/aconteceunovale.com.br\/portal\/?p=22834"},"author":{"name":"Aconteceu no Vale","@id":"https:\/\/aconteceunovale.com.br\/portal\/#\/schema\/person\/633529146f2c94272bef50ac2953d589"},"headline":"Funcion\u00e1rio da Prefeitura da Aricanduva e outros dois membros da fam\u00edlia morrem em acidente pr\u00f3ximo a Turmalina","datePublished":"2014-03-04T12:30:22+00:00","dateModified":"2026-09-02T16:54:55+00:00","mainEntityOfPage":{"@id":"https:\/\/aconteceunovale.com.br\/portal\/?p=22834"},"wordCount":418,"commentCount":0,"image":{"@id":"https:\/\/aconteceunovale.com.br\/portal\/?p=22834#primaryimage"},"thumbnailUrl":"https:\/\/aconteceunovale.com.br\/portal\/wp-content\/uploads\/2014\/03\/gelso_oliveira.jpg","keywords":["Acidente envolvendo ve\u00edculo com placas de Capelinha deixa tr\u00eas v\u00edtimas fatais pr\u00f3ximo a Turmalina","Capelinha","destaque","Esmerinda Paulinda dos Santos","fotos acidente com gelso oliveira","fotos acidente pr\u00f3ximo a turmalina","Funcion\u00e1rio da Prefeitura da Aricanduva e outros dois membros da fam\u00edlia morrem em acidente pr\u00f3ximo a Turmalina","Funcion\u00e1rio da Prefeitura Municipal de Aricanduva","Gelso Oliveira","Tr\u00eas membros de uma fam\u00edlia de Aricanduva morrem em acidente pr\u00f3ximo a Turmalina","Turmalina"],"articleSection":["Aricanduva","Turmalina","Vale do Jequitinhonha"],"inLanguage":"pt-BR","potentialAction":[{"@type":"CommentAction","name":"Comment","target":["https:\/\/aconteceunovale.com.br\/portal\/?p=22834#respond"]}]},{"@type":"WebPage","@id":"https:\/\/aconteceunovale.com.br\/portal\/?p=22834","url":"https:\/\/aconteceunovale.com.br\/portal\/?p=22834","name":"Funcion\u00e1rio da Prefeitura da Aricanduva e outros dois membros da fam\u00edlia morrem em acidente pr\u00f3ximo a Turmalina - Aconteceu no Vale","isPartOf":{"@id":"https:\/\/aconteceunovale.com.br\/portal\/#website"},"primaryImageOfPage":{"@id":"https:\/\/aconteceunovale.com.br\/portal\/?p=22834#primaryimage"},"image":{"@id":"https:\/\/aconteceunovale.com.br\/portal\/?p=22834#primaryimage"},"thumbnailUrl":"https:\/\/aconteceunovale.com.br\/portal\/wp-content\/uploads\/2014\/03\/gelso_oliveira.jpg","datePublished":"2014-03-04T12:30:22+00:00","dateModified":"2026-09-02T16:54:55+00:00","author":{"@id":"https:\/\/aconteceunovale.com.br\/portal\/#\/schema\/person\/633529146f2c94272bef50ac2953d589"},"breadcrumb":{"@id":"https:\/\/aconteceunovale.com.br\/portal\/?p=22834#breadcrumb"},"inLanguage":"pt-BR","potentialAction":[{"@type":"ReadAction","target":["https:\/\/aconteceunovale.com.br\/portal\/?p=22834"]}]},{"@type":"ImageObject","inLanguage":"pt-BR","@id":"https:\/\/aconteceunovale.com.br\/portal\/?p=22834#primaryimage","url":"https:\/\/aconteceunovale.com.br\/portal\/wp-content\/uploads\/2014\/03\/gelso_oliveira.jpg","contentUrl":"https:\/\/aconteceunovale.com.br\/portal\/wp-content\/uploads\/2014\/03\/gelso_oliveira.jpg","width":600,"height":450},{"@type":"BreadcrumbList","@id":"https:\/\/aconteceunovale.com.br\/portal\/?p=22834#breadcrumb","itemListElement":[{"@type":"ListItem","position":1,"name":"In\u00edcio","item":"https:\/\/aconteceunovale.com.br\/portal\/"},{"@type":"ListItem","position":2,"name":"Funcion\u00e1rio da Prefeitura da Aricanduva e outros dois membros da fam\u00edlia morrem em acidente pr\u00f3ximo a Turmalina"}]},{"@type":"WebSite","@id":"https:\/\/aconteceunovale.com.br\/portal\/#website","url":"https:\/\/aconteceunovale.com.br\/portal\/","name":"Aconteceu no Vale","description":"Portal de Not\u00edcias","potentialAction":[{"@type":"SearchAction","target":{"@type":"EntryPoint","urlTemplate":"https:\/\/aconteceunovale.com.br\/portal\/?s={search_term_string}"},"query-input":{"@type":"PropertyValueSpecification","valueRequired":true,"valueName":"search_term_string"}}],"inLanguage":"pt-BR"},{"@type":"Person","@id":"https:\/\/aconteceunovale.com.br\/portal\/#\/schema\/person\/633529146f2c94272bef50ac2953d589","name":"Aconteceu no Vale","description":"Equipe de reportagem do Aconteceu no Vale, portal de not\u00edcias do Vale do Jequitinhonha, em Minas Gerais. Cobrimos as 51 cidades do Vale desde 2013. Sugest\u00f5es de pauta e pedidos de corre\u00e7\u00e3o: contato@aconteceunovale.com.br","sameAs":["http:\/\/www.aconteceunovale.com.br"],"url":"https:\/\/aconteceunovale.com.br\/portal\/?author=1"}]}},"_links":{"self":[{"href":"https:\/\/aconteceunovale.com.br\/portal\/index.php?rest_route=\/wp\/v2\/posts\/22834","targetHints":{"allow":["GET"]}}],"collection":[{"href":"https:\/\/aconteceunovale.com.br\/portal\/index.php?rest_route=\/wp\/v2\/posts"}],"about":[{"href":"https:\/\/aconteceunovale.com.br\/portal\/index.php?rest_route=\/wp\/v2\/types\/post"}],"author":[{"embeddable":true,"href":"https:\/\/aconteceunovale.com.br\/portal\/index.php?rest_route=\/wp\/v2\/users\/1"}],"replies":[{"embeddable":true,"href":"https:\/\/aconteceunovale.com.br\/portal\/index.php?rest_route=%2Fwp%2Fv2%2Fcomments&post=22834"}],"version-history":[{"count":1,"href":"https:\/\/aconteceunovale.com.br\/portal\/index.php?rest_route=\/wp\/v2\/posts\/22834\/revisions"}],"predecessor-version":[{"id":199939,"href":"https:\/\/aconteceunovale.com.br\/portal\/index.php?rest_route=\/wp\/v2\/posts\/22834\/revisions\/199939"}],"wp:featuredmedia":[{"embeddable":true,"href":"https:\/\/aconteceunovale.com.br\/portal\/index.php?rest_route=\/wp\/v2\/media\/22835"}],"wp:attachment":[{"href":"https:\/\/aconteceunovale.com.br\/portal\/index.php?rest_route=%2Fwp%2Fv2%2Fmedia&parent=22834"}],"wp:term":[{"taxonomy":"category","embeddable":true,"href":"https:\/\/aconteceunovale.com.br\/portal\/index.php?rest_route=%2Fwp%2Fv2%2Fcategories&post=22834"},{"taxonomy":"post_tag","embeddable":true,"href":"https:\/\/aconteceunovale.com.br\/portal\/index.php?rest_route=%2Fwp%2Fv2%2Ftags&post=22834"}],"curies":[{"name":"wp","href":"https:\/\/api.w.org\/{rel}","templated":true}]}}