{"id":22830,"date":"2014-03-04T02:14:11","date_gmt":"2014-03-04T05:14:11","guid":{"rendered":"http:\/\/aconteceunovale.com.br\/portal\/?p=22830"},"modified":"2026-09-02T12:26:15","modified_gmt":"2026-09-02T15:26:15","slug":"policia-militar-prende-suspeito-de-matar-homem-a-facadas-em-aricanduva","status":"publish","type":"post","link":"https:\/\/aconteceunovale.com.br\/portal\/?p=22830","title":{"rendered":"Pol\u00edcia Militar prende suspeito de matar homem a facadas em Aricanduva"},"content":{"rendered":"<p><em><strong>(Reda\u00e7\u00e3o do Portal Aconteceu no Vale, por Felipe Spencer)<\/strong><\/em><\/p>\n<p>Um homem foi assassinado e outro esfaqueado por volta das 19 horas desta segunda-feira (03 de mar\u00e7o), em Aricanduva, no Vale do Jequitinhonha. <\/p>\n<p>De acordo com informa\u00e7\u00f5es da Pol\u00edcia Militar de Capelinha, tudo come\u00e7ou quando a v\u00edtima fatal, Leonardo Miguel Leite, de 24 anos, chutou a moto do suspeito de assassinato Marli Dias de Oliveira, de 34 anos. Os dois come\u00e7aram a brigar, com isso, Vando Silva Matos, de 23 anos, veio a intervir, levando uma facada no t\u00f3rax, o mesmo saiu do local correndo. Em seguida, o suspeito Marli terminou de esfaquear a v\u00edtima Leonardo, que morreu no local.<\/p>\n<p>O suspeito fugiu do local para Capelinha, onde trabalha e reside com uma irm\u00e3. O mesmo foi preso pela Pol\u00edcia Militar de Capelinha e encaminhado a Delegacia da cidade. Ainda segundo informa\u00e7\u00f5es da PM, o mesmo possui outro registro de tentativa de homic\u00eddio em sua ficha criminal.<\/p>\n<p>Segundo informa\u00e7\u00f5es da Funda\u00e7\u00e3o Hospitalar S\u00e3o Vicente de Paulo de Capelinha, a v\u00edtima Vando, est\u00e1 em observa\u00e7\u00e3o, mas em estado est\u00e1vel.<\/p>\n<p><img decoding=\"async\" src=\"http:\/\/aconteceunovale.com.br\/portal\/wp-content\/uploads\/2014\/03\/suspeito_de_homicio_aricanduva_03_03.jpg\" alt=\"\" \/><br \/>\n<em>(Suspeito Marli Dias de Oliveira (camisa com listras vermelhas) &#8211; Foto: Felipe Spencer)<\/em><\/p>\n","protected":false},"excerpt":{"rendered":"<p>(Reda\u00e7\u00e3o do Portal Aconteceu no Vale, por Felipe Spencer) Um homem foi assassinado e outro esfaqueado por volta das 19 horas desta segunda-feira (03 de mar\u00e7o), em Aricanduva, no Vale do Jequitinhonha. De acordo com informa\u00e7\u00f5es da Pol\u00edcia Militar de Capelinha, tudo come\u00e7ou quando a v\u00edtima fatal, Leonardo Miguel Leite, de 24 anos, chutou a [&hellip;]<\/p>\n","protected":false},"author":1,"featured_media":22831,"comment_status":"open","ping_status":"closed","sticky":false,"template":"","format":"standard","meta":{"amp_status":"","footnotes":""},"categories":[272531,120],"tags":[551,132,1018,5132,5131,5129,5130],"class_list":["post-22830","post","type-post","status-publish","format-standard","has-post-thumbnail","hentry","category-aricanduva","category-jequi","tag-aricanduva","tag-capelinha","tag-destaque","tag-leonardo-miguel-leite","tag-marli-dias-de-oliveira","tag-policia-militar-prende-suspeito-de-matar-homem-a-facadas-em-aricanduva","tag-vando-silva-matos"],"yoast_head":"<!-- This site is optimized with the Yoast SEO plugin v28.3 - https:\/\/yoast.com\/product\/yoast-seo-wordpress\/ -->\n<title>Pol\u00edcia Militar prende suspeito de matar homem a facadas em Aricanduva - Aconteceu no Vale<\/title>\n<meta name=\"robots\" content=\"index, follow, max-snippet:-1, max-image-preview:large, max-video-preview:-1\" \/>\n<link rel=\"canonical\" href=\"https:\/\/aconteceunovale.com.br\/portal\/?p=22830\" \/>\n<meta property=\"og:locale\" content=\"pt_BR\" \/>\n<meta property=\"og:type\" content=\"article\" \/>\n<meta property=\"og:title\" content=\"Pol\u00edcia Militar prende suspeito de matar homem a facadas em Aricanduva - Aconteceu no Vale\" \/>\n<meta property=\"og:description\" content=\"(Reda\u00e7\u00e3o do Portal Aconteceu no Vale, por Felipe Spencer) Um homem foi assassinado e outro esfaqueado por volta das 19 horas desta segunda-feira (03 de mar\u00e7o), em Aricanduva, no Vale do Jequitinhonha. De acordo com informa\u00e7\u00f5es da Pol\u00edcia Militar de Capelinha, tudo come\u00e7ou quando a v\u00edtima fatal, Leonardo Miguel Leite, de 24 anos, chutou a [&hellip;]\" \/>\n<meta property=\"og:url\" content=\"https:\/\/aconteceunovale.com.br\/portal\/?p=22830\" \/>\n<meta property=\"og:site_name\" content=\"Aconteceu no Vale\" \/>\n<meta property=\"article:publisher\" content=\"https:\/\/www.facebook.com\/aconteceunovale\/\" \/>\n<meta property=\"article:published_time\" content=\"2014-03-04T05:14:11+00:00\" \/>\n<meta property=\"article:modified_time\" content=\"2026-09-02T15:26:15+00:00\" \/>\n<meta property=\"og:image\" content=\"https:\/\/aconteceunovale.com.br\/portal\/wp-content\/uploads\/2014\/03\/suspeito_de_homicio_aricanduva_03_03.jpg\" \/>\n\t<meta property=\"og:image:width\" content=\"678\" \/>\n\t<meta property=\"og:image:height\" content=\"340\" \/>\n\t<meta property=\"og:image:type\" content=\"image\/jpeg\" \/>\n<meta name=\"author\" content=\"Aconteceu no Vale\" \/>\n<meta name=\"twitter:card\" content=\"summary_large_image\" \/>\n<meta name=\"twitter:creator\" content=\"@noticiadosvales\" \/>\n<meta name=\"twitter:site\" content=\"@noticiadosvales\" \/>\n<meta name=\"twitter:label1\" content=\"Escrito por\" \/>\n\t<meta name=\"twitter:data1\" content=\"Aconteceu no Vale\" \/>\n\t<meta name=\"twitter:label2\" content=\"Est. tempo de leitura\" \/>\n\t<meta name=\"twitter:data2\" content=\"1 minuto\" \/>\n<script type=\"application\/ld+json\" class=\"yoast-schema-graph\">{\"@context\":\"https:\\\/\\\/schema.org\",\"@graph\":[{\"@type\":\"Article\",\"@id\":\"https:\\\/\\\/aconteceunovale.com.br\\\/portal\\\/?p=22830#article\",\"isPartOf\":{\"@id\":\"https:\\\/\\\/aconteceunovale.com.br\\\/portal\\\/?p=22830\"},\"author\":{\"name\":\"Aconteceu no Vale\",\"@id\":\"https:\\\/\\\/aconteceunovale.com.br\\\/portal\\\/#\\\/schema\\\/person\\\/633529146f2c94272bef50ac2953d589\"},\"headline\":\"Pol\u00edcia Militar prende suspeito de matar homem a facadas em Aricanduva\",\"datePublished\":\"2014-03-04T05:14:11+00:00\",\"dateModified\":\"2026-09-02T15:26:15+00:00\",\"mainEntityOfPage\":{\"@id\":\"https:\\\/\\\/aconteceunovale.com.br\\\/portal\\\/?p=22830\"},\"wordCount\":215,\"commentCount\":0,\"image\":{\"@id\":\"https:\\\/\\\/aconteceunovale.com.br\\\/portal\\\/?p=22830#primaryimage\"},\"thumbnailUrl\":\"https:\\\/\\\/aconteceunovale.com.br\\\/portal\\\/wp-content\\\/uploads\\\/2014\\\/03\\\/suspeito_de_homicio_aricanduva_03_03.jpg\",\"keywords\":[\"Aricanduva\",\"Capelinha\",\"destaque\",\"Leonardo Miguel Leite\",\"Marli Dias de Oliveira\",\"Pol\u00edcia Militar prende suspeito de matar homem a facadas em Aricanduva\",\"Vando Silva Matos\"],\"articleSection\":[\"Aricanduva\",\"Vale do Jequitinhonha\"],\"inLanguage\":\"pt-BR\",\"potentialAction\":[{\"@type\":\"CommentAction\",\"name\":\"Comment\",\"target\":[\"https:\\\/\\\/aconteceunovale.com.br\\\/portal\\\/?p=22830#respond\"]}]},{\"@type\":\"WebPage\",\"@id\":\"https:\\\/\\\/aconteceunovale.com.br\\\/portal\\\/?p=22830\",\"url\":\"https:\\\/\\\/aconteceunovale.com.br\\\/portal\\\/?p=22830\",\"name\":\"Pol\u00edcia Militar prende suspeito de matar homem a facadas em Aricanduva - Aconteceu no Vale\",\"isPartOf\":{\"@id\":\"https:\\\/\\\/aconteceunovale.com.br\\\/portal\\\/#website\"},\"primaryImageOfPage\":{\"@id\":\"https:\\\/\\\/aconteceunovale.com.br\\\/portal\\\/?p=22830#primaryimage\"},\"image\":{\"@id\":\"https:\\\/\\\/aconteceunovale.com.br\\\/portal\\\/?p=22830#primaryimage\"},\"thumbnailUrl\":\"https:\\\/\\\/aconteceunovale.com.br\\\/portal\\\/wp-content\\\/uploads\\\/2014\\\/03\\\/suspeito_de_homicio_aricanduva_03_03.jpg\",\"datePublished\":\"2014-03-04T05:14:11+00:00\",\"dateModified\":\"2026-09-02T15:26:15+00:00\",\"author\":{\"@id\":\"https:\\\/\\\/aconteceunovale.com.br\\\/portal\\\/#\\\/schema\\\/person\\\/633529146f2c94272bef50ac2953d589\"},\"breadcrumb\":{\"@id\":\"https:\\\/\\\/aconteceunovale.com.br\\\/portal\\\/?p=22830#breadcrumb\"},\"inLanguage\":\"pt-BR\",\"potentialAction\":[{\"@type\":\"ReadAction\",\"target\":[\"https:\\\/\\\/aconteceunovale.com.br\\\/portal\\\/?p=22830\"]}]},{\"@type\":\"ImageObject\",\"inLanguage\":\"pt-BR\",\"@id\":\"https:\\\/\\\/aconteceunovale.com.br\\\/portal\\\/?p=22830#primaryimage\",\"url\":\"https:\\\/\\\/aconteceunovale.com.br\\\/portal\\\/wp-content\\\/uploads\\\/2014\\\/03\\\/suspeito_de_homicio_aricanduva_03_03.jpg\",\"contentUrl\":\"https:\\\/\\\/aconteceunovale.com.br\\\/portal\\\/wp-content\\\/uploads\\\/2014\\\/03\\\/suspeito_de_homicio_aricanduva_03_03.jpg\",\"width\":\"678\",\"height\":340},{\"@type\":\"BreadcrumbList\",\"@id\":\"https:\\\/\\\/aconteceunovale.com.br\\\/portal\\\/?p=22830#breadcrumb\",\"itemListElement\":[{\"@type\":\"ListItem\",\"position\":1,\"name\":\"In\u00edcio\",\"item\":\"https:\\\/\\\/aconteceunovale.com.br\\\/portal\\\/\"},{\"@type\":\"ListItem\",\"position\":2,\"name\":\"Pol\u00edcia Militar prende suspeito de matar homem a facadas em Aricanduva\"}]},{\"@type\":\"WebSite\",\"@id\":\"https:\\\/\\\/aconteceunovale.com.br\\\/portal\\\/#website\",\"url\":\"https:\\\/\\\/aconteceunovale.com.br\\\/portal\\\/\",\"name\":\"Aconteceu no Vale\",\"description\":\"Portal de Not\u00edcias\",\"potentialAction\":[{\"@type\":\"SearchAction\",\"target\":{\"@type\":\"EntryPoint\",\"urlTemplate\":\"https:\\\/\\\/aconteceunovale.com.br\\\/portal\\\/?s={search_term_string}\"},\"query-input\":{\"@type\":\"PropertyValueSpecification\",\"valueRequired\":true,\"valueName\":\"search_term_string\"}}],\"inLanguage\":\"pt-BR\"},{\"@type\":\"Person\",\"@id\":\"https:\\\/\\\/aconteceunovale.com.br\\\/portal\\\/#\\\/schema\\\/person\\\/633529146f2c94272bef50ac2953d589\",\"name\":\"Aconteceu no Vale\",\"description\":\"Equipe de reportagem do Aconteceu no Vale, portal de not\u00edcias do Vale do Jequitinhonha, em Minas Gerais. Cobrimos as 51 cidades do Vale desde 2013. Sugest\u00f5es de pauta e pedidos de corre\u00e7\u00e3o: contato@aconteceunovale.com.br\",\"sameAs\":[\"http:\\\/\\\/www.aconteceunovale.com.br\"],\"url\":\"https:\\\/\\\/aconteceunovale.com.br\\\/portal\\\/?author=1\"}]}<\/script>\n<!-- \/ Yoast SEO plugin. -->","yoast_head_json":{"title":"Pol\u00edcia Militar prende suspeito de matar homem a facadas em Aricanduva - Aconteceu no Vale","robots":{"index":"index","follow":"follow","max-snippet":"max-snippet:-1","max-image-preview":"max-image-preview:large","max-video-preview":"max-video-preview:-1"},"canonical":"https:\/\/aconteceunovale.com.br\/portal\/?p=22830","og_locale":"pt_BR","og_type":"article","og_title":"Pol\u00edcia Militar prende suspeito de matar homem a facadas em Aricanduva - Aconteceu no Vale","og_description":"(Reda\u00e7\u00e3o do Portal Aconteceu no Vale, por Felipe Spencer) Um homem foi assassinado e outro esfaqueado por volta das 19 horas desta segunda-feira (03 de mar\u00e7o), em Aricanduva, no Vale do Jequitinhonha. De acordo com informa\u00e7\u00f5es da Pol\u00edcia Militar de Capelinha, tudo come\u00e7ou quando a v\u00edtima fatal, Leonardo Miguel Leite, de 24 anos, chutou a [&hellip;]","og_url":"https:\/\/aconteceunovale.com.br\/portal\/?p=22830","og_site_name":"Aconteceu no Vale","article_publisher":"https:\/\/www.facebook.com\/aconteceunovale\/","article_published_time":"2014-03-04T05:14:11+00:00","article_modified_time":"2026-09-02T15:26:15+00:00","og_image":[{"width":678,"height":340,"url":"https:\/\/aconteceunovale.com.br\/portal\/wp-content\/uploads\/2014\/03\/suspeito_de_homicio_aricanduva_03_03.jpg","type":"image\/jpeg"}],"author":"Aconteceu no Vale","twitter_card":"summary_large_image","twitter_creator":"@noticiadosvales","twitter_site":"@noticiadosvales","twitter_misc":{"Escrito por":"Aconteceu no Vale","Est. tempo de leitura":"1 minuto"},"schema":{"@context":"https:\/\/schema.org","@graph":[{"@type":"Article","@id":"https:\/\/aconteceunovale.com.br\/portal\/?p=22830#article","isPartOf":{"@id":"https:\/\/aconteceunovale.com.br\/portal\/?p=22830"},"author":{"name":"Aconteceu no Vale","@id":"https:\/\/aconteceunovale.com.br\/portal\/#\/schema\/person\/633529146f2c94272bef50ac2953d589"},"headline":"Pol\u00edcia Militar prende suspeito de matar homem a facadas em Aricanduva","datePublished":"2014-03-04T05:14:11+00:00","dateModified":"2026-09-02T15:26:15+00:00","mainEntityOfPage":{"@id":"https:\/\/aconteceunovale.com.br\/portal\/?p=22830"},"wordCount":215,"commentCount":0,"image":{"@id":"https:\/\/aconteceunovale.com.br\/portal\/?p=22830#primaryimage"},"thumbnailUrl":"https:\/\/aconteceunovale.com.br\/portal\/wp-content\/uploads\/2014\/03\/suspeito_de_homicio_aricanduva_03_03.jpg","keywords":["Aricanduva","Capelinha","destaque","Leonardo Miguel Leite","Marli Dias de Oliveira","Pol\u00edcia Militar prende suspeito de matar homem a facadas em Aricanduva","Vando Silva Matos"],"articleSection":["Aricanduva","Vale do Jequitinhonha"],"inLanguage":"pt-BR","potentialAction":[{"@type":"CommentAction","name":"Comment","target":["https:\/\/aconteceunovale.com.br\/portal\/?p=22830#respond"]}]},{"@type":"WebPage","@id":"https:\/\/aconteceunovale.com.br\/portal\/?p=22830","url":"https:\/\/aconteceunovale.com.br\/portal\/?p=22830","name":"Pol\u00edcia Militar prende suspeito de matar homem a facadas em Aricanduva - Aconteceu no Vale","isPartOf":{"@id":"https:\/\/aconteceunovale.com.br\/portal\/#website"},"primaryImageOfPage":{"@id":"https:\/\/aconteceunovale.com.br\/portal\/?p=22830#primaryimage"},"image":{"@id":"https:\/\/aconteceunovale.com.br\/portal\/?p=22830#primaryimage"},"thumbnailUrl":"https:\/\/aconteceunovale.com.br\/portal\/wp-content\/uploads\/2014\/03\/suspeito_de_homicio_aricanduva_03_03.jpg","datePublished":"2014-03-04T05:14:11+00:00","dateModified":"2026-09-02T15:26:15+00:00","author":{"@id":"https:\/\/aconteceunovale.com.br\/portal\/#\/schema\/person\/633529146f2c94272bef50ac2953d589"},"breadcrumb":{"@id":"https:\/\/aconteceunovale.com.br\/portal\/?p=22830#breadcrumb"},"inLanguage":"pt-BR","potentialAction":[{"@type":"ReadAction","target":["https:\/\/aconteceunovale.com.br\/portal\/?p=22830"]}]},{"@type":"ImageObject","inLanguage":"pt-BR","@id":"https:\/\/aconteceunovale.com.br\/portal\/?p=22830#primaryimage","url":"https:\/\/aconteceunovale.com.br\/portal\/wp-content\/uploads\/2014\/03\/suspeito_de_homicio_aricanduva_03_03.jpg","contentUrl":"https:\/\/aconteceunovale.com.br\/portal\/wp-content\/uploads\/2014\/03\/suspeito_de_homicio_aricanduva_03_03.jpg","width":"678","height":340},{"@type":"BreadcrumbList","@id":"https:\/\/aconteceunovale.com.br\/portal\/?p=22830#breadcrumb","itemListElement":[{"@type":"ListItem","position":1,"name":"In\u00edcio","item":"https:\/\/aconteceunovale.com.br\/portal\/"},{"@type":"ListItem","position":2,"name":"Pol\u00edcia Militar prende suspeito de matar homem a facadas em Aricanduva"}]},{"@type":"WebSite","@id":"https:\/\/aconteceunovale.com.br\/portal\/#website","url":"https:\/\/aconteceunovale.com.br\/portal\/","name":"Aconteceu no Vale","description":"Portal de Not\u00edcias","potentialAction":[{"@type":"SearchAction","target":{"@type":"EntryPoint","urlTemplate":"https:\/\/aconteceunovale.com.br\/portal\/?s={search_term_string}"},"query-input":{"@type":"PropertyValueSpecification","valueRequired":true,"valueName":"search_term_string"}}],"inLanguage":"pt-BR"},{"@type":"Person","@id":"https:\/\/aconteceunovale.com.br\/portal\/#\/schema\/person\/633529146f2c94272bef50ac2953d589","name":"Aconteceu no Vale","description":"Equipe de reportagem do Aconteceu no Vale, portal de not\u00edcias do Vale do Jequitinhonha, em Minas Gerais. Cobrimos as 51 cidades do Vale desde 2013. Sugest\u00f5es de pauta e pedidos de corre\u00e7\u00e3o: contato@aconteceunovale.com.br","sameAs":["http:\/\/www.aconteceunovale.com.br"],"url":"https:\/\/aconteceunovale.com.br\/portal\/?author=1"}]}},"_links":{"self":[{"href":"https:\/\/aconteceunovale.com.br\/portal\/index.php?rest_route=\/wp\/v2\/posts\/22830","targetHints":{"allow":["GET"]}}],"collection":[{"href":"https:\/\/aconteceunovale.com.br\/portal\/index.php?rest_route=\/wp\/v2\/posts"}],"about":[{"href":"https:\/\/aconteceunovale.com.br\/portal\/index.php?rest_route=\/wp\/v2\/types\/post"}],"author":[{"embeddable":true,"href":"https:\/\/aconteceunovale.com.br\/portal\/index.php?rest_route=\/wp\/v2\/users\/1"}],"replies":[{"embeddable":true,"href":"https:\/\/aconteceunovale.com.br\/portal\/index.php?rest_route=%2Fwp%2Fv2%2Fcomments&post=22830"}],"version-history":[{"count":1,"href":"https:\/\/aconteceunovale.com.br\/portal\/index.php?rest_route=\/wp\/v2\/posts\/22830\/revisions"}],"predecessor-version":[{"id":199938,"href":"https:\/\/aconteceunovale.com.br\/portal\/index.php?rest_route=\/wp\/v2\/posts\/22830\/revisions\/199938"}],"wp:featuredmedia":[{"embeddable":true,"href":"https:\/\/aconteceunovale.com.br\/portal\/index.php?rest_route=\/wp\/v2\/media\/22831"}],"wp:attachment":[{"href":"https:\/\/aconteceunovale.com.br\/portal\/index.php?rest_route=%2Fwp%2Fv2%2Fmedia&parent=22830"}],"wp:term":[{"taxonomy":"category","embeddable":true,"href":"https:\/\/aconteceunovale.com.br\/portal\/index.php?rest_route=%2Fwp%2Fv2%2Fcategories&post=22830"},{"taxonomy":"post_tag","embeddable":true,"href":"https:\/\/aconteceunovale.com.br\/portal\/index.php?rest_route=%2Fwp%2Fv2%2Ftags&post=22830"}],"curies":[{"name":"wp","href":"https:\/\/api.w.org\/{rel}","templated":true}]}}