{"id":22821,"date":"2014-03-03T22:46:19","date_gmt":"2014-03-04T01:46:19","guid":{"rendered":"http:\/\/aconteceunovale.com.br\/portal\/?p=22821"},"modified":"2026-09-02T12:56:37","modified_gmt":"2026-09-02T15:56:37","slug":"fantasias-aumentam-a-animacao-e-o-colorido-nas-ruas-de-diamantina","status":"publish","type":"post","link":"https:\/\/aconteceunovale.com.br\/portal\/?p=22821","title":{"rendered":"Fantasias aumentam a anima\u00e7\u00e3o e o colorido nas ruas de Diamantina"},"content":{"rendered":"<p>As estreitas ruas centen\u00e1rias de Diamantina foram tomadas nesta segunda-feira (3) pelo colorido e a irrever\u00eancia de mascarados, palha\u00e7os, her\u00f3is e piratas, que se destacaram em meio aos demais foli\u00f5es. O importante era manter o pique e a anima\u00e7\u00e3o para mais um dia de Carnaval na cidade de Chica da Silva.<\/p>\n<p>Os menos ousados usaram adere\u00e7os simples, como tiaras de princesa, mas houve quem esbanjasse usando trajes de policial e uniformes completos de super-her\u00f3is.<\/p>\n<p>Centenas de pessoas lotaram a rua do Bonfim na sa\u00edda do bloco Xai Xai. Crian\u00e7as, adultos e idosos, muitos \u00e0 car\u00e1ter, se misturaram na alegria e curtiram as marchinhas at\u00e9 a Pra\u00e7a do Mercado Velho.<\/p>\n<p>Por volta das 17 horas, a multid\u00e3o pulava e cantava no ritmo da Bartucada. A expectativa era a de que a festa s\u00f3 parasse ao raiar do sol de ter\u00e7a-feira. Na virada de domingo para segunda, a farra comandada por Bartucada e Batcaverna empolgou o p\u00fablico at\u00e9 as 7 horas.<\/p>\n<p><strong>De camarote<\/strong><\/p>\n<p>Os menos animados acompanham das sacadas a empolga\u00e7\u00e3o e a criatividade dos brincantes. Do alto, veem que rola de tudo em Diamantina. O estudante Eust\u00e1quio Batista de Freitas, de 28 anos, e um grupo de amigos pintaram o corpo de Avatar, Negra Maluca e Curinga.<\/p>\n<p>J\u00e1 uma turma de belo-horizontinos se vestiu de \u201cMinios\u201d, os bonequinhos amarelos do desenho \u201cMeu Malvado Favorito\u201d, para sair pelas ruas da cidade.<\/p>\n<p>\u201cEsse homem com o traje de morte foi contido por mim no momento em que iria degolar uma mulher\u201d, brincou a representante comercial Carla Neves, com um cassetete e um par de algemas. Ela dizia ser a \u201cxerife\u201d do peda\u00e7o, onde at\u00e9 os amigos gauleses Obelix e o Asterix marcaram presen\u00e7a.<\/p>\n<p>A Pra\u00e7a do Mercado Velho, onde o Bartucada tocava, transformou-se em um mar de pessoas no final da tarde. Mesmo assim era poss\u00edvel se divertir, sem perder a paci\u00eancia com o empurra-empurra.<\/p>\n<p><img decoding=\"async\" src=\"http:\/\/aconteceunovale.com.br\/portal\/wp-content\/uploads\/2014\/03\/carnaval_dtna_03_03_tarde.jpg\" alt=\"\" \/><br \/>\n<em>(Foto: Ricardo Bastos\/HD)<\/em><\/p>\n<p><strong>(Hoje em Dia)<\/strong><\/p>\n","protected":false},"excerpt":{"rendered":"<p>As estreitas ruas centen\u00e1rias de Diamantina foram tomadas nesta segunda-feira (3) pelo colorido e a irrever\u00eancia de mascarados, palha\u00e7os, her\u00f3is e piratas, que se destacaram em meio aos demais foli\u00f5es. O importante era manter o pique e a anima\u00e7\u00e3o para mais um dia de Carnaval na cidade de Chica da Silva. Os menos ousados usaram [&hellip;]<\/p>\n","protected":false},"author":1,"featured_media":22822,"comment_status":"open","ping_status":"closed","sticky":false,"template":"","format":"standard","meta":{"amp_status":"","footnotes":""},"categories":[272543,125],"tags":[3649,3026,4470,1018,198,5126],"class_list":["post-22821","post","type-post","status-publish","format-standard","has-post-thumbnail","hentry","category-diamantina","category-noticias","tag-carnaval-2014","tag-carnaval-de-diamantina","tag-carnaval-de-diamantina-2014","tag-destaque","tag-diamantina","tag-fantasias-aumentam-a-animacao-e-o-colorido-nas-ruas-de-diamantina"],"yoast_head":"<!-- This site is optimized with the Yoast SEO plugin v28.3 - https:\/\/yoast.com\/product\/yoast-seo-wordpress\/ -->\n<title>Fantasias aumentam a anima\u00e7\u00e3o e o colorido nas ruas de Diamantina - Aconteceu no Vale<\/title>\n<meta name=\"robots\" content=\"index, follow, max-snippet:-1, max-image-preview:large, max-video-preview:-1\" \/>\n<link rel=\"canonical\" href=\"https:\/\/aconteceunovale.com.br\/portal\/?p=22821\" \/>\n<meta property=\"og:locale\" content=\"pt_BR\" \/>\n<meta property=\"og:type\" content=\"article\" \/>\n<meta property=\"og:title\" content=\"Fantasias aumentam a anima\u00e7\u00e3o e o colorido nas ruas de Diamantina - Aconteceu no Vale\" \/>\n<meta property=\"og:description\" content=\"As estreitas ruas centen\u00e1rias de Diamantina foram tomadas nesta segunda-feira (3) pelo colorido e a irrever\u00eancia de mascarados, palha\u00e7os, her\u00f3is e piratas, que se destacaram em meio aos demais foli\u00f5es. O importante era manter o pique e a anima\u00e7\u00e3o para mais um dia de Carnaval na cidade de Chica da Silva. Os menos ousados usaram [&hellip;]\" \/>\n<meta property=\"og:url\" content=\"https:\/\/aconteceunovale.com.br\/portal\/?p=22821\" \/>\n<meta property=\"og:site_name\" content=\"Aconteceu no Vale\" \/>\n<meta property=\"article:publisher\" content=\"https:\/\/www.facebook.com\/aconteceunovale\/\" \/>\n<meta property=\"article:published_time\" content=\"2014-03-04T01:46:19+00:00\" \/>\n<meta property=\"article:modified_time\" content=\"2026-09-02T15:56:37+00:00\" \/>\n<meta property=\"og:image\" content=\"https:\/\/aconteceunovale.com.br\/portal\/wp-content\/uploads\/2014\/03\/carnaval_dtna_03_03_tarde.jpg\" \/>\n\t<meta property=\"og:image:width\" content=\"675\" \/>\n\t<meta property=\"og:image:height\" content=\"450\" \/>\n\t<meta property=\"og:image:type\" content=\"image\/jpeg\" \/>\n<meta name=\"author\" content=\"Aconteceu no Vale\" \/>\n<meta name=\"twitter:card\" content=\"summary_large_image\" \/>\n<meta name=\"twitter:creator\" content=\"@noticiadosvales\" \/>\n<meta name=\"twitter:site\" content=\"@noticiadosvales\" \/>\n<meta name=\"twitter:label1\" content=\"Escrito por\" \/>\n\t<meta name=\"twitter:data1\" content=\"Aconteceu no Vale\" \/>\n\t<meta name=\"twitter:label2\" content=\"Est. tempo de leitura\" \/>\n\t<meta name=\"twitter:data2\" content=\"2 minutos\" \/>\n<script type=\"application\/ld+json\" class=\"yoast-schema-graph\">{\"@context\":\"https:\\\/\\\/schema.org\",\"@graph\":[{\"@type\":\"Article\",\"@id\":\"https:\\\/\\\/aconteceunovale.com.br\\\/portal\\\/?p=22821#article\",\"isPartOf\":{\"@id\":\"https:\\\/\\\/aconteceunovale.com.br\\\/portal\\\/?p=22821\"},\"author\":{\"name\":\"Aconteceu no Vale\",\"@id\":\"https:\\\/\\\/aconteceunovale.com.br\\\/portal\\\/#\\\/schema\\\/person\\\/633529146f2c94272bef50ac2953d589\"},\"headline\":\"Fantasias aumentam a anima\u00e7\u00e3o e o colorido nas ruas de Diamantina\",\"datePublished\":\"2014-03-04T01:46:19+00:00\",\"dateModified\":\"2026-09-02T15:56:37+00:00\",\"mainEntityOfPage\":{\"@id\":\"https:\\\/\\\/aconteceunovale.com.br\\\/portal\\\/?p=22821\"},\"wordCount\":348,\"commentCount\":0,\"image\":{\"@id\":\"https:\\\/\\\/aconteceunovale.com.br\\\/portal\\\/?p=22821#primaryimage\"},\"thumbnailUrl\":\"https:\\\/\\\/aconteceunovale.com.br\\\/portal\\\/wp-content\\\/uploads\\\/2014\\\/03\\\/carnaval_dtna_03_03_tarde.jpg\",\"keywords\":[\"Carnaval 2014\",\"Carnaval de Diamantina\",\"Carnaval de Diamantina 2014\",\"destaque\",\"Diamantina\",\"Fantasias aumentam a anima\u00e7\u00e3o e o colorido nas ruas de Diamantina\"],\"articleSection\":[\"Diamantina\",\"Eventos\"],\"inLanguage\":\"pt-BR\",\"potentialAction\":[{\"@type\":\"CommentAction\",\"name\":\"Comment\",\"target\":[\"https:\\\/\\\/aconteceunovale.com.br\\\/portal\\\/?p=22821#respond\"]}]},{\"@type\":\"WebPage\",\"@id\":\"https:\\\/\\\/aconteceunovale.com.br\\\/portal\\\/?p=22821\",\"url\":\"https:\\\/\\\/aconteceunovale.com.br\\\/portal\\\/?p=22821\",\"name\":\"Fantasias aumentam a anima\u00e7\u00e3o e o colorido nas ruas de Diamantina - Aconteceu no Vale\",\"isPartOf\":{\"@id\":\"https:\\\/\\\/aconteceunovale.com.br\\\/portal\\\/#website\"},\"primaryImageOfPage\":{\"@id\":\"https:\\\/\\\/aconteceunovale.com.br\\\/portal\\\/?p=22821#primaryimage\"},\"image\":{\"@id\":\"https:\\\/\\\/aconteceunovale.com.br\\\/portal\\\/?p=22821#primaryimage\"},\"thumbnailUrl\":\"https:\\\/\\\/aconteceunovale.com.br\\\/portal\\\/wp-content\\\/uploads\\\/2014\\\/03\\\/carnaval_dtna_03_03_tarde.jpg\",\"datePublished\":\"2014-03-04T01:46:19+00:00\",\"dateModified\":\"2026-09-02T15:56:37+00:00\",\"author\":{\"@id\":\"https:\\\/\\\/aconteceunovale.com.br\\\/portal\\\/#\\\/schema\\\/person\\\/633529146f2c94272bef50ac2953d589\"},\"breadcrumb\":{\"@id\":\"https:\\\/\\\/aconteceunovale.com.br\\\/portal\\\/?p=22821#breadcrumb\"},\"inLanguage\":\"pt-BR\",\"potentialAction\":[{\"@type\":\"ReadAction\",\"target\":[\"https:\\\/\\\/aconteceunovale.com.br\\\/portal\\\/?p=22821\"]}]},{\"@type\":\"ImageObject\",\"inLanguage\":\"pt-BR\",\"@id\":\"https:\\\/\\\/aconteceunovale.com.br\\\/portal\\\/?p=22821#primaryimage\",\"url\":\"https:\\\/\\\/aconteceunovale.com.br\\\/portal\\\/wp-content\\\/uploads\\\/2014\\\/03\\\/carnaval_dtna_03_03_tarde.jpg\",\"contentUrl\":\"https:\\\/\\\/aconteceunovale.com.br\\\/portal\\\/wp-content\\\/uploads\\\/2014\\\/03\\\/carnaval_dtna_03_03_tarde.jpg\",\"width\":675,\"height\":450},{\"@type\":\"BreadcrumbList\",\"@id\":\"https:\\\/\\\/aconteceunovale.com.br\\\/portal\\\/?p=22821#breadcrumb\",\"itemListElement\":[{\"@type\":\"ListItem\",\"position\":1,\"name\":\"In\u00edcio\",\"item\":\"https:\\\/\\\/aconteceunovale.com.br\\\/portal\\\/\"},{\"@type\":\"ListItem\",\"position\":2,\"name\":\"Fantasias aumentam a anima\u00e7\u00e3o e o colorido nas ruas de Diamantina\"}]},{\"@type\":\"WebSite\",\"@id\":\"https:\\\/\\\/aconteceunovale.com.br\\\/portal\\\/#website\",\"url\":\"https:\\\/\\\/aconteceunovale.com.br\\\/portal\\\/\",\"name\":\"Aconteceu no Vale\",\"description\":\"Portal de Not\u00edcias\",\"potentialAction\":[{\"@type\":\"SearchAction\",\"target\":{\"@type\":\"EntryPoint\",\"urlTemplate\":\"https:\\\/\\\/aconteceunovale.com.br\\\/portal\\\/?s={search_term_string}\"},\"query-input\":{\"@type\":\"PropertyValueSpecification\",\"valueRequired\":true,\"valueName\":\"search_term_string\"}}],\"inLanguage\":\"pt-BR\"},{\"@type\":\"Person\",\"@id\":\"https:\\\/\\\/aconteceunovale.com.br\\\/portal\\\/#\\\/schema\\\/person\\\/633529146f2c94272bef50ac2953d589\",\"name\":\"Aconteceu no Vale\",\"description\":\"Equipe de reportagem do Aconteceu no Vale, portal de not\u00edcias do Vale do Jequitinhonha, em Minas Gerais. Cobrimos as 51 cidades do Vale desde 2013. Sugest\u00f5es de pauta e pedidos de corre\u00e7\u00e3o: contato@aconteceunovale.com.br\",\"sameAs\":[\"http:\\\/\\\/www.aconteceunovale.com.br\"],\"url\":\"https:\\\/\\\/aconteceunovale.com.br\\\/portal\\\/?author=1\"}]}<\/script>\n<!-- \/ Yoast SEO plugin. -->","yoast_head_json":{"title":"Fantasias aumentam a anima\u00e7\u00e3o e o colorido nas ruas de Diamantina - Aconteceu no Vale","robots":{"index":"index","follow":"follow","max-snippet":"max-snippet:-1","max-image-preview":"max-image-preview:large","max-video-preview":"max-video-preview:-1"},"canonical":"https:\/\/aconteceunovale.com.br\/portal\/?p=22821","og_locale":"pt_BR","og_type":"article","og_title":"Fantasias aumentam a anima\u00e7\u00e3o e o colorido nas ruas de Diamantina - Aconteceu no Vale","og_description":"As estreitas ruas centen\u00e1rias de Diamantina foram tomadas nesta segunda-feira (3) pelo colorido e a irrever\u00eancia de mascarados, palha\u00e7os, her\u00f3is e piratas, que se destacaram em meio aos demais foli\u00f5es. O importante era manter o pique e a anima\u00e7\u00e3o para mais um dia de Carnaval na cidade de Chica da Silva. Os menos ousados usaram [&hellip;]","og_url":"https:\/\/aconteceunovale.com.br\/portal\/?p=22821","og_site_name":"Aconteceu no Vale","article_publisher":"https:\/\/www.facebook.com\/aconteceunovale\/","article_published_time":"2014-03-04T01:46:19+00:00","article_modified_time":"2026-09-02T15:56:37+00:00","og_image":[{"width":675,"height":450,"url":"https:\/\/aconteceunovale.com.br\/portal\/wp-content\/uploads\/2014\/03\/carnaval_dtna_03_03_tarde.jpg","type":"image\/jpeg"}],"author":"Aconteceu no Vale","twitter_card":"summary_large_image","twitter_creator":"@noticiadosvales","twitter_site":"@noticiadosvales","twitter_misc":{"Escrito por":"Aconteceu no Vale","Est. tempo de leitura":"2 minutos"},"schema":{"@context":"https:\/\/schema.org","@graph":[{"@type":"Article","@id":"https:\/\/aconteceunovale.com.br\/portal\/?p=22821#article","isPartOf":{"@id":"https:\/\/aconteceunovale.com.br\/portal\/?p=22821"},"author":{"name":"Aconteceu no Vale","@id":"https:\/\/aconteceunovale.com.br\/portal\/#\/schema\/person\/633529146f2c94272bef50ac2953d589"},"headline":"Fantasias aumentam a anima\u00e7\u00e3o e o colorido nas ruas de Diamantina","datePublished":"2014-03-04T01:46:19+00:00","dateModified":"2026-09-02T15:56:37+00:00","mainEntityOfPage":{"@id":"https:\/\/aconteceunovale.com.br\/portal\/?p=22821"},"wordCount":348,"commentCount":0,"image":{"@id":"https:\/\/aconteceunovale.com.br\/portal\/?p=22821#primaryimage"},"thumbnailUrl":"https:\/\/aconteceunovale.com.br\/portal\/wp-content\/uploads\/2014\/03\/carnaval_dtna_03_03_tarde.jpg","keywords":["Carnaval 2014","Carnaval de Diamantina","Carnaval de Diamantina 2014","destaque","Diamantina","Fantasias aumentam a anima\u00e7\u00e3o e o colorido nas ruas de Diamantina"],"articleSection":["Diamantina","Eventos"],"inLanguage":"pt-BR","potentialAction":[{"@type":"CommentAction","name":"Comment","target":["https:\/\/aconteceunovale.com.br\/portal\/?p=22821#respond"]}]},{"@type":"WebPage","@id":"https:\/\/aconteceunovale.com.br\/portal\/?p=22821","url":"https:\/\/aconteceunovale.com.br\/portal\/?p=22821","name":"Fantasias aumentam a anima\u00e7\u00e3o e o colorido nas ruas de Diamantina - Aconteceu no Vale","isPartOf":{"@id":"https:\/\/aconteceunovale.com.br\/portal\/#website"},"primaryImageOfPage":{"@id":"https:\/\/aconteceunovale.com.br\/portal\/?p=22821#primaryimage"},"image":{"@id":"https:\/\/aconteceunovale.com.br\/portal\/?p=22821#primaryimage"},"thumbnailUrl":"https:\/\/aconteceunovale.com.br\/portal\/wp-content\/uploads\/2014\/03\/carnaval_dtna_03_03_tarde.jpg","datePublished":"2014-03-04T01:46:19+00:00","dateModified":"2026-09-02T15:56:37+00:00","author":{"@id":"https:\/\/aconteceunovale.com.br\/portal\/#\/schema\/person\/633529146f2c94272bef50ac2953d589"},"breadcrumb":{"@id":"https:\/\/aconteceunovale.com.br\/portal\/?p=22821#breadcrumb"},"inLanguage":"pt-BR","potentialAction":[{"@type":"ReadAction","target":["https:\/\/aconteceunovale.com.br\/portal\/?p=22821"]}]},{"@type":"ImageObject","inLanguage":"pt-BR","@id":"https:\/\/aconteceunovale.com.br\/portal\/?p=22821#primaryimage","url":"https:\/\/aconteceunovale.com.br\/portal\/wp-content\/uploads\/2014\/03\/carnaval_dtna_03_03_tarde.jpg","contentUrl":"https:\/\/aconteceunovale.com.br\/portal\/wp-content\/uploads\/2014\/03\/carnaval_dtna_03_03_tarde.jpg","width":675,"height":450},{"@type":"BreadcrumbList","@id":"https:\/\/aconteceunovale.com.br\/portal\/?p=22821#breadcrumb","itemListElement":[{"@type":"ListItem","position":1,"name":"In\u00edcio","item":"https:\/\/aconteceunovale.com.br\/portal\/"},{"@type":"ListItem","position":2,"name":"Fantasias aumentam a anima\u00e7\u00e3o e o colorido nas ruas de Diamantina"}]},{"@type":"WebSite","@id":"https:\/\/aconteceunovale.com.br\/portal\/#website","url":"https:\/\/aconteceunovale.com.br\/portal\/","name":"Aconteceu no Vale","description":"Portal de Not\u00edcias","potentialAction":[{"@type":"SearchAction","target":{"@type":"EntryPoint","urlTemplate":"https:\/\/aconteceunovale.com.br\/portal\/?s={search_term_string}"},"query-input":{"@type":"PropertyValueSpecification","valueRequired":true,"valueName":"search_term_string"}}],"inLanguage":"pt-BR"},{"@type":"Person","@id":"https:\/\/aconteceunovale.com.br\/portal\/#\/schema\/person\/633529146f2c94272bef50ac2953d589","name":"Aconteceu no Vale","description":"Equipe de reportagem do Aconteceu no Vale, portal de not\u00edcias do Vale do Jequitinhonha, em Minas Gerais. Cobrimos as 51 cidades do Vale desde 2013. Sugest\u00f5es de pauta e pedidos de corre\u00e7\u00e3o: contato@aconteceunovale.com.br","sameAs":["http:\/\/www.aconteceunovale.com.br"],"url":"https:\/\/aconteceunovale.com.br\/portal\/?author=1"}]}},"_links":{"self":[{"href":"https:\/\/aconteceunovale.com.br\/portal\/index.php?rest_route=\/wp\/v2\/posts\/22821","targetHints":{"allow":["GET"]}}],"collection":[{"href":"https:\/\/aconteceunovale.com.br\/portal\/index.php?rest_route=\/wp\/v2\/posts"}],"about":[{"href":"https:\/\/aconteceunovale.com.br\/portal\/index.php?rest_route=\/wp\/v2\/types\/post"}],"author":[{"embeddable":true,"href":"https:\/\/aconteceunovale.com.br\/portal\/index.php?rest_route=\/wp\/v2\/users\/1"}],"replies":[{"embeddable":true,"href":"https:\/\/aconteceunovale.com.br\/portal\/index.php?rest_route=%2Fwp%2Fv2%2Fcomments&post=22821"}],"version-history":[{"count":1,"href":"https:\/\/aconteceunovale.com.br\/portal\/index.php?rest_route=\/wp\/v2\/posts\/22821\/revisions"}],"predecessor-version":[{"id":200614,"href":"https:\/\/aconteceunovale.com.br\/portal\/index.php?rest_route=\/wp\/v2\/posts\/22821\/revisions\/200614"}],"wp:featuredmedia":[{"embeddable":true,"href":"https:\/\/aconteceunovale.com.br\/portal\/index.php?rest_route=\/wp\/v2\/media\/22822"}],"wp:attachment":[{"href":"https:\/\/aconteceunovale.com.br\/portal\/index.php?rest_route=%2Fwp%2Fv2%2Fmedia&parent=22821"}],"wp:term":[{"taxonomy":"category","embeddable":true,"href":"https:\/\/aconteceunovale.com.br\/portal\/index.php?rest_route=%2Fwp%2Fv2%2Fcategories&post=22821"},{"taxonomy":"post_tag","embeddable":true,"href":"https:\/\/aconteceunovale.com.br\/portal\/index.php?rest_route=%2Fwp%2Fv2%2Ftags&post=22821"}],"curies":[{"name":"wp","href":"https:\/\/api.w.org\/{rel}","templated":true}]}}