{"id":22810,"date":"2014-03-03T18:57:08","date_gmt":"2014-03-03T21:57:08","guid":{"rendered":"http:\/\/aconteceunovale.com.br\/portal\/?p=22810"},"modified":"2014-03-03T18:57:08","modified_gmt":"2014-03-03T21:57:08","slug":"bloco-panelao-desfila-no-carnaval-de-conselheiro-pena-nesta-segunda-feira","status":"publish","type":"post","link":"https:\/\/aconteceunovale.com.br\/portal\/?p=22810","title":{"rendered":"Bloco Panel\u00e3o desfila no Carnaval de Conselheiro Pena nesta segunda-feira"},"content":{"rendered":"<p>Nem mesmo os estragos causados pelas chuvas, no final do ano passado foram capazes de impedir a realiza\u00e7\u00e3o do Carnaval em Conselheiro Pena, no Leste de Minas Gerais. Na cidade, os foli\u00f5es pulam carnaval desde o s\u00e1bado (1\u00ba). Nesta segunda-feira (3), a festa j\u00e1 come\u00e7ou.<\/p>\n<p>Durante a tarde aconteceu o desfile do Bloco Bebabilidade. De acordo com F\u00e1bio Rodrigues, organizador do evento, as atra\u00e7\u00f5es do Carnaval em Conselheiro Pena seguem nesta ter\u00e7a-feira (4).<\/p>\n<p>\u201cNesta segunda-feira, durante a tarde, tivemos o Bloco Bebalidade com anima\u00e7\u00e3o de Nicolas Michel. A noite ainda teremos o desfile do Bloco Panel\u00e3o e a anima\u00e7\u00e3o da banda Garotos do Kuarto. Mas a festa segue tamb\u00e9m nesta ter\u00e7a-feira\u201d, conta F\u00e1bio Rodrigues.<\/p>\n<p>Ainda segundo o organizador do evento, houve investimentos da prefeitura na seguran\u00e7a da festa para a recep\u00e7\u00e3o de aproximadamente cinco mil foli\u00f5es que v\u00e3o se divertir no Carnaval de Conselheiro Pena neste ano.<\/p>\n<p>\u201cResolvemos fazer o Carnaval porque os foli\u00f5es queriam. Ent\u00e3o realizamos parcerias com os comerciantes, com os blocos e com os pr\u00f3prios foli\u00f5es. Tivemos problemas com as chuvas no final do ano passado, mas felizmente n\u00e3o tivemos mortes. Tivemos estradas e pontes danificadas, mas foi poss\u00edvel, apesar dos problemas, promover o Carnaval\u201d, declara F\u00e1bio Rodrigues.<\/p>\n<p><img decoding=\"async\" src=\"http:\/\/aconteceunovale.com.br\/portal\/wp-content\/uploads\/2014\/03\/carnaval_conselheiro_pena_2014.jpg\" alt=\"\" \/><br \/>\n<em>O &#8220;sop\u00e3o&#8221; \u00e9 servido a todos que participam do Bloco do Panel\u00e3o. (Foto: Diego Souza\/G1)<\/em><\/p>\n<p><strong>(Fonte: G1)<\/strong><\/p>\n","protected":false},"excerpt":{"rendered":"<p>Nem mesmo os estragos causados pelas chuvas, no final do ano passado foram capazes de impedir a realiza\u00e7\u00e3o do Carnaval em Conselheiro Pena, no Leste de Minas Gerais. Na cidade, os foli\u00f5es pulam carnaval desde o s\u00e1bado (1\u00ba). Nesta segunda-feira (3), a festa j\u00e1 come\u00e7ou. Durante a tarde aconteceu o desfile do Bloco Bebabilidade. De [&hellip;]<\/p>\n","protected":false},"author":1,"featured_media":22811,"comment_status":"open","ping_status":"closed","sticky":false,"template":"","format":"standard","meta":{"amp_status":"","footnotes":""},"categories":[121],"tags":[5119,3649,5120,5121,282],"class_list":["post-22810","post","type-post","status-publish","format-standard","has-post-thumbnail","hentry","category-leste","tag-bloco-panelao-desfila-no-carnaval-de-conselheiro-pena-nesta-segunda-feira","tag-carnaval-2014","tag-carnaval-de-conselheiro-pena","tag-carnaval-de-conselheiro-pena-2014","tag-conselheiro-pena"],"yoast_head":"<!-- This site is optimized with the Yoast SEO plugin v28.3 - https:\/\/yoast.com\/product\/yoast-seo-wordpress\/ -->\n<title>Bloco Panel\u00e3o desfila no Carnaval de Conselheiro Pena nesta segunda-feira - Aconteceu no Vale<\/title>\n<meta name=\"robots\" content=\"index, follow, max-snippet:-1, max-image-preview:large, max-video-preview:-1\" \/>\n<link rel=\"canonical\" href=\"https:\/\/aconteceunovale.com.br\/portal\/?p=22810\" \/>\n<meta property=\"og:locale\" content=\"pt_BR\" \/>\n<meta property=\"og:type\" content=\"article\" \/>\n<meta property=\"og:title\" content=\"Bloco Panel\u00e3o desfila no Carnaval de Conselheiro Pena nesta segunda-feira - Aconteceu no Vale\" \/>\n<meta property=\"og:description\" content=\"Nem mesmo os estragos causados pelas chuvas, no final do ano passado foram capazes de impedir a realiza\u00e7\u00e3o do Carnaval em Conselheiro Pena, no Leste de Minas Gerais. Na cidade, os foli\u00f5es pulam carnaval desde o s\u00e1bado (1\u00ba). Nesta segunda-feira (3), a festa j\u00e1 come\u00e7ou. Durante a tarde aconteceu o desfile do Bloco Bebabilidade. De [&hellip;]\" \/>\n<meta property=\"og:url\" content=\"https:\/\/aconteceunovale.com.br\/portal\/?p=22810\" \/>\n<meta property=\"og:site_name\" content=\"Aconteceu no Vale\" \/>\n<meta property=\"article:publisher\" content=\"https:\/\/www.facebook.com\/aconteceunovale\/\" \/>\n<meta property=\"article:published_time\" content=\"2014-03-03T21:57:08+00:00\" \/>\n<meta property=\"og:image\" content=\"https:\/\/aconteceunovale.com.br\/portal\/wp-content\/uploads\/2014\/03\/carnaval_conselheiro_pena_2014.jpg\" \/>\n\t<meta property=\"og:image:width\" content=\"600\" \/>\n\t<meta property=\"og:image:height\" content=\"450\" \/>\n\t<meta property=\"og:image:type\" content=\"image\/jpeg\" \/>\n<meta name=\"author\" content=\"Aconteceu no Vale\" \/>\n<meta name=\"twitter:card\" content=\"summary_large_image\" \/>\n<meta name=\"twitter:creator\" content=\"@noticiadosvales\" \/>\n<meta name=\"twitter:site\" content=\"@noticiadosvales\" \/>\n<meta name=\"twitter:label1\" content=\"Escrito por\" \/>\n\t<meta name=\"twitter:data1\" content=\"Aconteceu no Vale\" \/>\n\t<meta name=\"twitter:label2\" content=\"Est. tempo de leitura\" \/>\n\t<meta name=\"twitter:data2\" content=\"1 minuto\" \/>\n<script type=\"application\/ld+json\" class=\"yoast-schema-graph\">{\"@context\":\"https:\\\/\\\/schema.org\",\"@graph\":[{\"@type\":\"Article\",\"@id\":\"https:\\\/\\\/aconteceunovale.com.br\\\/portal\\\/?p=22810#article\",\"isPartOf\":{\"@id\":\"https:\\\/\\\/aconteceunovale.com.br\\\/portal\\\/?p=22810\"},\"author\":{\"name\":\"Aconteceu no Vale\",\"@id\":\"https:\\\/\\\/aconteceunovale.com.br\\\/portal\\\/#\\\/schema\\\/person\\\/633529146f2c94272bef50ac2953d589\"},\"headline\":\"Bloco Panel\u00e3o desfila no Carnaval de Conselheiro Pena nesta segunda-feira\",\"datePublished\":\"2014-03-03T21:57:08+00:00\",\"mainEntityOfPage\":{\"@id\":\"https:\\\/\\\/aconteceunovale.com.br\\\/portal\\\/?p=22810\"},\"wordCount\":252,\"commentCount\":0,\"image\":{\"@id\":\"https:\\\/\\\/aconteceunovale.com.br\\\/portal\\\/?p=22810#primaryimage\"},\"thumbnailUrl\":\"https:\\\/\\\/aconteceunovale.com.br\\\/portal\\\/wp-content\\\/uploads\\\/2014\\\/03\\\/carnaval_conselheiro_pena_2014.jpg\",\"keywords\":[\"Bloco Panel\u00e3o desfila no Carnaval de Conselheiro Pena nesta segunda-feira\",\"Carnaval 2014\",\"Carnaval de Conselheiro Pena\",\"Carnaval de Conselheiro Pena 2014\",\"Conselheiro Pena\"],\"articleSection\":[\"Leste de Minas\"],\"inLanguage\":\"pt-BR\",\"potentialAction\":[{\"@type\":\"CommentAction\",\"name\":\"Comment\",\"target\":[\"https:\\\/\\\/aconteceunovale.com.br\\\/portal\\\/?p=22810#respond\"]}]},{\"@type\":\"WebPage\",\"@id\":\"https:\\\/\\\/aconteceunovale.com.br\\\/portal\\\/?p=22810\",\"url\":\"https:\\\/\\\/aconteceunovale.com.br\\\/portal\\\/?p=22810\",\"name\":\"Bloco Panel\u00e3o desfila no Carnaval de Conselheiro Pena nesta segunda-feira - Aconteceu no Vale\",\"isPartOf\":{\"@id\":\"https:\\\/\\\/aconteceunovale.com.br\\\/portal\\\/#website\"},\"primaryImageOfPage\":{\"@id\":\"https:\\\/\\\/aconteceunovale.com.br\\\/portal\\\/?p=22810#primaryimage\"},\"image\":{\"@id\":\"https:\\\/\\\/aconteceunovale.com.br\\\/portal\\\/?p=22810#primaryimage\"},\"thumbnailUrl\":\"https:\\\/\\\/aconteceunovale.com.br\\\/portal\\\/wp-content\\\/uploads\\\/2014\\\/03\\\/carnaval_conselheiro_pena_2014.jpg\",\"datePublished\":\"2014-03-03T21:57:08+00:00\",\"author\":{\"@id\":\"https:\\\/\\\/aconteceunovale.com.br\\\/portal\\\/#\\\/schema\\\/person\\\/633529146f2c94272bef50ac2953d589\"},\"breadcrumb\":{\"@id\":\"https:\\\/\\\/aconteceunovale.com.br\\\/portal\\\/?p=22810#breadcrumb\"},\"inLanguage\":\"pt-BR\",\"potentialAction\":[{\"@type\":\"ReadAction\",\"target\":[\"https:\\\/\\\/aconteceunovale.com.br\\\/portal\\\/?p=22810\"]}]},{\"@type\":\"ImageObject\",\"inLanguage\":\"pt-BR\",\"@id\":\"https:\\\/\\\/aconteceunovale.com.br\\\/portal\\\/?p=22810#primaryimage\",\"url\":\"https:\\\/\\\/aconteceunovale.com.br\\\/portal\\\/wp-content\\\/uploads\\\/2014\\\/03\\\/carnaval_conselheiro_pena_2014.jpg\",\"contentUrl\":\"https:\\\/\\\/aconteceunovale.com.br\\\/portal\\\/wp-content\\\/uploads\\\/2014\\\/03\\\/carnaval_conselheiro_pena_2014.jpg\",\"width\":600,\"height\":450},{\"@type\":\"BreadcrumbList\",\"@id\":\"https:\\\/\\\/aconteceunovale.com.br\\\/portal\\\/?p=22810#breadcrumb\",\"itemListElement\":[{\"@type\":\"ListItem\",\"position\":1,\"name\":\"In\u00edcio\",\"item\":\"https:\\\/\\\/aconteceunovale.com.br\\\/portal\\\/\"},{\"@type\":\"ListItem\",\"position\":2,\"name\":\"Bloco Panel\u00e3o desfila no Carnaval de Conselheiro Pena nesta segunda-feira\"}]},{\"@type\":\"WebSite\",\"@id\":\"https:\\\/\\\/aconteceunovale.com.br\\\/portal\\\/#website\",\"url\":\"https:\\\/\\\/aconteceunovale.com.br\\\/portal\\\/\",\"name\":\"Aconteceu no Vale\",\"description\":\"Portal de Not\u00edcias\",\"potentialAction\":[{\"@type\":\"SearchAction\",\"target\":{\"@type\":\"EntryPoint\",\"urlTemplate\":\"https:\\\/\\\/aconteceunovale.com.br\\\/portal\\\/?s={search_term_string}\"},\"query-input\":{\"@type\":\"PropertyValueSpecification\",\"valueRequired\":true,\"valueName\":\"search_term_string\"}}],\"inLanguage\":\"pt-BR\"},{\"@type\":\"Person\",\"@id\":\"https:\\\/\\\/aconteceunovale.com.br\\\/portal\\\/#\\\/schema\\\/person\\\/633529146f2c94272bef50ac2953d589\",\"name\":\"Aconteceu no Vale\",\"description\":\"Equipe de reportagem do Aconteceu no Vale, portal de not\u00edcias do Vale do Jequitinhonha, em Minas Gerais. Cobrimos as 51 cidades do Vale desde 2013. Sugest\u00f5es de pauta e pedidos de corre\u00e7\u00e3o: contato@aconteceunovale.com.br\",\"sameAs\":[\"http:\\\/\\\/www.aconteceunovale.com.br\"],\"url\":\"https:\\\/\\\/aconteceunovale.com.br\\\/portal\\\/?author=1\"}]}<\/script>\n<!-- \/ Yoast SEO plugin. -->","yoast_head_json":{"title":"Bloco Panel\u00e3o desfila no Carnaval de Conselheiro Pena nesta segunda-feira - Aconteceu no Vale","robots":{"index":"index","follow":"follow","max-snippet":"max-snippet:-1","max-image-preview":"max-image-preview:large","max-video-preview":"max-video-preview:-1"},"canonical":"https:\/\/aconteceunovale.com.br\/portal\/?p=22810","og_locale":"pt_BR","og_type":"article","og_title":"Bloco Panel\u00e3o desfila no Carnaval de Conselheiro Pena nesta segunda-feira - Aconteceu no Vale","og_description":"Nem mesmo os estragos causados pelas chuvas, no final do ano passado foram capazes de impedir a realiza\u00e7\u00e3o do Carnaval em Conselheiro Pena, no Leste de Minas Gerais. Na cidade, os foli\u00f5es pulam carnaval desde o s\u00e1bado (1\u00ba). Nesta segunda-feira (3), a festa j\u00e1 come\u00e7ou. Durante a tarde aconteceu o desfile do Bloco Bebabilidade. De [&hellip;]","og_url":"https:\/\/aconteceunovale.com.br\/portal\/?p=22810","og_site_name":"Aconteceu no Vale","article_publisher":"https:\/\/www.facebook.com\/aconteceunovale\/","article_published_time":"2014-03-03T21:57:08+00:00","og_image":[{"width":600,"height":450,"url":"https:\/\/aconteceunovale.com.br\/portal\/wp-content\/uploads\/2014\/03\/carnaval_conselheiro_pena_2014.jpg","type":"image\/jpeg"}],"author":"Aconteceu no Vale","twitter_card":"summary_large_image","twitter_creator":"@noticiadosvales","twitter_site":"@noticiadosvales","twitter_misc":{"Escrito por":"Aconteceu no Vale","Est. tempo de leitura":"1 minuto"},"schema":{"@context":"https:\/\/schema.org","@graph":[{"@type":"Article","@id":"https:\/\/aconteceunovale.com.br\/portal\/?p=22810#article","isPartOf":{"@id":"https:\/\/aconteceunovale.com.br\/portal\/?p=22810"},"author":{"name":"Aconteceu no Vale","@id":"https:\/\/aconteceunovale.com.br\/portal\/#\/schema\/person\/633529146f2c94272bef50ac2953d589"},"headline":"Bloco Panel\u00e3o desfila no Carnaval de Conselheiro Pena nesta segunda-feira","datePublished":"2014-03-03T21:57:08+00:00","mainEntityOfPage":{"@id":"https:\/\/aconteceunovale.com.br\/portal\/?p=22810"},"wordCount":252,"commentCount":0,"image":{"@id":"https:\/\/aconteceunovale.com.br\/portal\/?p=22810#primaryimage"},"thumbnailUrl":"https:\/\/aconteceunovale.com.br\/portal\/wp-content\/uploads\/2014\/03\/carnaval_conselheiro_pena_2014.jpg","keywords":["Bloco Panel\u00e3o desfila no Carnaval de Conselheiro Pena nesta segunda-feira","Carnaval 2014","Carnaval de Conselheiro Pena","Carnaval de Conselheiro Pena 2014","Conselheiro Pena"],"articleSection":["Leste de Minas"],"inLanguage":"pt-BR","potentialAction":[{"@type":"CommentAction","name":"Comment","target":["https:\/\/aconteceunovale.com.br\/portal\/?p=22810#respond"]}]},{"@type":"WebPage","@id":"https:\/\/aconteceunovale.com.br\/portal\/?p=22810","url":"https:\/\/aconteceunovale.com.br\/portal\/?p=22810","name":"Bloco Panel\u00e3o desfila no Carnaval de Conselheiro Pena nesta segunda-feira - Aconteceu no Vale","isPartOf":{"@id":"https:\/\/aconteceunovale.com.br\/portal\/#website"},"primaryImageOfPage":{"@id":"https:\/\/aconteceunovale.com.br\/portal\/?p=22810#primaryimage"},"image":{"@id":"https:\/\/aconteceunovale.com.br\/portal\/?p=22810#primaryimage"},"thumbnailUrl":"https:\/\/aconteceunovale.com.br\/portal\/wp-content\/uploads\/2014\/03\/carnaval_conselheiro_pena_2014.jpg","datePublished":"2014-03-03T21:57:08+00:00","author":{"@id":"https:\/\/aconteceunovale.com.br\/portal\/#\/schema\/person\/633529146f2c94272bef50ac2953d589"},"breadcrumb":{"@id":"https:\/\/aconteceunovale.com.br\/portal\/?p=22810#breadcrumb"},"inLanguage":"pt-BR","potentialAction":[{"@type":"ReadAction","target":["https:\/\/aconteceunovale.com.br\/portal\/?p=22810"]}]},{"@type":"ImageObject","inLanguage":"pt-BR","@id":"https:\/\/aconteceunovale.com.br\/portal\/?p=22810#primaryimage","url":"https:\/\/aconteceunovale.com.br\/portal\/wp-content\/uploads\/2014\/03\/carnaval_conselheiro_pena_2014.jpg","contentUrl":"https:\/\/aconteceunovale.com.br\/portal\/wp-content\/uploads\/2014\/03\/carnaval_conselheiro_pena_2014.jpg","width":600,"height":450},{"@type":"BreadcrumbList","@id":"https:\/\/aconteceunovale.com.br\/portal\/?p=22810#breadcrumb","itemListElement":[{"@type":"ListItem","position":1,"name":"In\u00edcio","item":"https:\/\/aconteceunovale.com.br\/portal\/"},{"@type":"ListItem","position":2,"name":"Bloco Panel\u00e3o desfila no Carnaval de Conselheiro Pena nesta segunda-feira"}]},{"@type":"WebSite","@id":"https:\/\/aconteceunovale.com.br\/portal\/#website","url":"https:\/\/aconteceunovale.com.br\/portal\/","name":"Aconteceu no Vale","description":"Portal de Not\u00edcias","potentialAction":[{"@type":"SearchAction","target":{"@type":"EntryPoint","urlTemplate":"https:\/\/aconteceunovale.com.br\/portal\/?s={search_term_string}"},"query-input":{"@type":"PropertyValueSpecification","valueRequired":true,"valueName":"search_term_string"}}],"inLanguage":"pt-BR"},{"@type":"Person","@id":"https:\/\/aconteceunovale.com.br\/portal\/#\/schema\/person\/633529146f2c94272bef50ac2953d589","name":"Aconteceu no Vale","description":"Equipe de reportagem do Aconteceu no Vale, portal de not\u00edcias do Vale do Jequitinhonha, em Minas Gerais. Cobrimos as 51 cidades do Vale desde 2013. Sugest\u00f5es de pauta e pedidos de corre\u00e7\u00e3o: contato@aconteceunovale.com.br","sameAs":["http:\/\/www.aconteceunovale.com.br"],"url":"https:\/\/aconteceunovale.com.br\/portal\/?author=1"}]}},"_links":{"self":[{"href":"https:\/\/aconteceunovale.com.br\/portal\/index.php?rest_route=\/wp\/v2\/posts\/22810","targetHints":{"allow":["GET"]}}],"collection":[{"href":"https:\/\/aconteceunovale.com.br\/portal\/index.php?rest_route=\/wp\/v2\/posts"}],"about":[{"href":"https:\/\/aconteceunovale.com.br\/portal\/index.php?rest_route=\/wp\/v2\/types\/post"}],"author":[{"embeddable":true,"href":"https:\/\/aconteceunovale.com.br\/portal\/index.php?rest_route=\/wp\/v2\/users\/1"}],"replies":[{"embeddable":true,"href":"https:\/\/aconteceunovale.com.br\/portal\/index.php?rest_route=%2Fwp%2Fv2%2Fcomments&post=22810"}],"version-history":[{"count":0,"href":"https:\/\/aconteceunovale.com.br\/portal\/index.php?rest_route=\/wp\/v2\/posts\/22810\/revisions"}],"wp:featuredmedia":[{"embeddable":true,"href":"https:\/\/aconteceunovale.com.br\/portal\/index.php?rest_route=\/wp\/v2\/media\/22811"}],"wp:attachment":[{"href":"https:\/\/aconteceunovale.com.br\/portal\/index.php?rest_route=%2Fwp%2Fv2%2Fmedia&parent=22810"}],"wp:term":[{"taxonomy":"category","embeddable":true,"href":"https:\/\/aconteceunovale.com.br\/portal\/index.php?rest_route=%2Fwp%2Fv2%2Fcategories&post=22810"},{"taxonomy":"post_tag","embeddable":true,"href":"https:\/\/aconteceunovale.com.br\/portal\/index.php?rest_route=%2Fwp%2Fv2%2Ftags&post=22810"}],"curies":[{"name":"wp","href":"https:\/\/api.w.org\/{rel}","templated":true}]}}