{"id":22797,"date":"2014-03-03T18:15:19","date_gmt":"2014-03-03T21:15:19","guid":{"rendered":"http:\/\/aconteceunovale.com.br\/portal\/?p=22797"},"modified":"2014-03-03T18:15:19","modified_gmt":"2014-03-03T21:15:19","slug":"cora-folia-quer-resgatar-tradicao-do-carnaval-em-coracao-de-jesus","status":"publish","type":"post","link":"https:\/\/aconteceunovale.com.br\/portal\/?p=22797","title":{"rendered":"&#8220;Cora Folia&#8221; quer resgatar tradi\u00e7\u00e3o do Carnaval em Cora\u00e7\u00e3o de Jesus"},"content":{"rendered":"<p>A Avenida Montes Claros ficou pequena para os foli\u00f5es que escolheram Cora\u00e7\u00e3o de Jesus (MG) como destino. O Cora Folia est\u00e1 sendo realizado pela segunda vez e a inten\u00e7\u00e3o da Administra\u00e7\u00e3o Municipal \u00e9 fazer com que a festa n\u00e3o fa\u00e7a parte apenas das lembran\u00e7as de quem j\u00e1 participou do Carnaval corjesuense.<\/p>\n<p>\u201cEstamos investindo a cada ano, se neste ano est\u00e1 sendo bom, no pr\u00f3ximo vai ser melhor ainda. Vamos resgatar a festa de Carnaval de Cora\u00e7\u00e3o de Jesus e queremos trazer foli\u00f5es de toda a regi\u00e3o\u201d, fala o prefeito Pedro Magalh\u00e3es de Ara\u00fajo Neto.<\/p>\n<p>A folia deste domingo (2) come\u00e7ou no final da tarde e teve apresenta\u00e7\u00f5es destinadas para as crian\u00e7as. O casal C\u00e2ndido Fernandes e Taislane Santos, mora em Cora\u00e7\u00e3o de Jesus, e levou os filhos de tr\u00eas e cinco anos para a folia.<\/p>\n<p>\u201cViemos mais cedo para que eles pudessem assistir o show infantil e mais tarde vamos deix\u00e1-los em casa e voltaremos para aproveitar a festa. O Carnaval tem que ser assim, com a fam\u00edlia toda reunida\u201d, fala Taislane.<\/p>\n<p>Antes dos shows principais, a anima\u00e7\u00e3o do Carnaval ficou por conta dos blocos de rua. O bloco &#8216;DNA&#8217; nasceu da ideia despretensiosa de duas amigas.<\/p>\n<p>\u201cCome\u00e7amos com o objetivo de reunir nossos amigos, um come\u00e7ou a falar para o outro e quando percebemos j\u00e1 hav\u00edamos feito mais de 70 abad\u00e1s. No pr\u00f3ximo ano queremos nos organizar melhor e programar tudo direitinho para sairmos \u00e0s ruas com uma banda no bloco\u201d, diz Thais Cristina Carvalho, uma das organizadoras.<\/p>\n<p><strong>Shows principais<\/strong><\/p>\n<p>Por volta das 22h a banda Os Karas de Pau subiu ao palco. Os artistas, que s\u00e3o da cidade, se apresentaram por mais de duas horas e animaram os foli\u00f5es ao som do arrocha. Em seguida, foi a vez da banda baiana Sombala. Eles s\u00e3o de Salvador e sa\u00edram de casa na quinta-feira (27), \u00e0s 7h, e s\u00f3 retornar\u00e3o uma semana depois.<\/p>\n<p>\u201cGastamos 22 horas de \u00f4nibus at\u00e9 Cora\u00e7\u00e3o de Jesus. O tempo passa r\u00e1pido perto da nossa vontade de cantar e de mostrar a nossa m\u00fasica. A saudade da fam\u00edlia aperta demais, mas estamos fazendo o que a gente gosta e isso acaba diminuindo as dificuldades\u201d, diz Fabiano Santos, o Binho, que \u00e9 vocalista.<\/p>\n<p>A Sombala foi fundada h\u00e1 dois anos, tem 17 integrantes e vai se apresentar em tr\u00eas cidades de Minas Gerais. \u201cEste \u00e9 o primeiro Carnaval nosso aqui no estado, investimos em uma mistura de sertanejo e pagode para agradar os foli\u00f5es mineiros\u201d, afirma o produtor da banda, Igor Ricardo dos Santos.<\/p>\n<p>\u201cPara aguentar essa maratona de shows, come\u00e7amos a nos preparar antes, cuidados da alimenta\u00e7\u00e3o e pegamos pesado na academia\u201d, fala Taise Sorrisinho, dan\u00e7arina.<\/p>\n<p><strong>Reflexos na economia<\/strong><\/p>\n<p>Enquanto muitos aproveitavam o Carnaval para se divertirem, outros trabalham durante todos os dias de folia. \u201cEm uma noite normal vendo 30 pipocas, em dias de festa chego a 100 saquinhos, mas hoje espero bater os 250\u201d, conta Maria J\u00falia Gon\u00e7alves.<\/p>\n<p>\u201cEstamos com uma expectativa muito boa de vendas, o Carnaval \u00e9 uma \u00f3tima oportunidade para garantirmos um dinheiro extra\u201d, destaca o vendedor ambulante Adilson Soares. Um dos destaques da barraquinha dele, que vende comidas e bebidas, \u00e9 a combina\u00e7\u00e3o de arroz com pequi e feij\u00e3o tropeiro.<\/p>\n<p><strong>Policiamento<\/strong><\/p>\n<p>A seguran\u00e7a foi refor\u00e7ada com a chegada de mais policiais militares a Cora\u00e7\u00e3o de Jesus. Al\u00e9m do patrulhamento na cidade, a fiscaliza\u00e7\u00e3o nas rodovias tamb\u00e9m foi intensificada. \u201cTemos um hist\u00f3rico de Carnaval tranquilo aqui. A \u00fanica ocorr\u00eancia de maior gravidade foi o furto de uma moto, que foi recuperada horas depois\u201d, ressalta o tenente Gildo de Oliveira.<\/p>\n<p>O tenente faz um alerta sobre a combina\u00e7\u00e3o entre \u00e1lcool e dire\u00e7\u00e3o. \u201cPedimos aos foli\u00f5es que evitem o consumo excessivo de bebidas alco\u00f3licas, e se forem beber, n\u00e3o dirijam.\u201d<\/p>\n<p><strong>Programa\u00e7\u00e3o<\/strong><\/p>\n<p>Nesta segunda-feira (3), se apresentam as bandas Alibab\u00e1 e os Meninos da Bahia e Bambalada DJ Daniel, a partir das 21h, no palco principal  na Avenida Montes Claros.<\/p>\n<p><img decoding=\"async\" src=\"http:\/\/aconteceunovale.com.br\/portal\/wp-content\/uploads\/2014\/03\/cora_folia_carnaval_2014.jpg\" alt=\"\" \/><br \/>\n<em>Foli\u00f5es na Avenida Montes Claros, em frente ao palco principal (Foto: Michelly Oda\/G1)<\/em><\/p>\n<p><strong>(Fonte: G1)<\/strong><\/p>\n","protected":false},"excerpt":{"rendered":"<p>A Avenida Montes Claros ficou pequena para os foli\u00f5es que escolheram Cora\u00e7\u00e3o de Jesus (MG) como destino. O Cora Folia est\u00e1 sendo realizado pela segunda vez e a inten\u00e7\u00e3o da Administra\u00e7\u00e3o Municipal \u00e9 fazer com que a festa n\u00e3o fa\u00e7a parte apenas das lembran\u00e7as de quem j\u00e1 participou do Carnaval corjesuense. \u201cEstamos investindo a cada [&hellip;]<\/p>\n","protected":false},"author":1,"featured_media":22798,"comment_status":"open","ping_status":"closed","sticky":false,"template":"","format":"standard","meta":{"amp_status":"","footnotes":""},"categories":[1236],"tags":[3649,5113,5114,5112,5111,1801],"class_list":["post-22797","post","type-post","status-publish","format-standard","has-post-thumbnail","hentry","category-norte_de_minas","tag-carnaval-2014","tag-carnaval-de-coracao-de-jesus","tag-carnaval-de-coracao-de-jesus-2014","tag-cora-folia-2014","tag-cora-folia-quer-resgatar-tradicao-do-carnaval-em-coracao-de-jesus","tag-coracao-de-jesus"],"yoast_head":"<!-- This site is optimized with the Yoast SEO plugin v28.3 - https:\/\/yoast.com\/product\/yoast-seo-wordpress\/ -->\n<title>&quot;Cora Folia&quot; quer resgatar tradi\u00e7\u00e3o do Carnaval em Cora\u00e7\u00e3o de Jesus - Aconteceu no Vale<\/title>\n<meta name=\"robots\" content=\"index, follow, max-snippet:-1, max-image-preview:large, max-video-preview:-1\" \/>\n<link rel=\"canonical\" href=\"https:\/\/aconteceunovale.com.br\/portal\/?p=22797\" \/>\n<meta property=\"og:locale\" content=\"pt_BR\" \/>\n<meta property=\"og:type\" content=\"article\" \/>\n<meta property=\"og:title\" content=\"&quot;Cora Folia&quot; quer resgatar tradi\u00e7\u00e3o do Carnaval em Cora\u00e7\u00e3o de Jesus - Aconteceu no Vale\" \/>\n<meta property=\"og:description\" content=\"A Avenida Montes Claros ficou pequena para os foli\u00f5es que escolheram Cora\u00e7\u00e3o de Jesus (MG) como destino. O Cora Folia est\u00e1 sendo realizado pela segunda vez e a inten\u00e7\u00e3o da Administra\u00e7\u00e3o Municipal \u00e9 fazer com que a festa n\u00e3o fa\u00e7a parte apenas das lembran\u00e7as de quem j\u00e1 participou do Carnaval corjesuense. \u201cEstamos investindo a cada [&hellip;]\" \/>\n<meta property=\"og:url\" content=\"https:\/\/aconteceunovale.com.br\/portal\/?p=22797\" \/>\n<meta property=\"og:site_name\" content=\"Aconteceu no Vale\" \/>\n<meta property=\"article:publisher\" content=\"https:\/\/www.facebook.com\/aconteceunovale\/\" \/>\n<meta property=\"article:published_time\" content=\"2014-03-03T21:15:19+00:00\" \/>\n<meta property=\"og:image\" content=\"https:\/\/aconteceunovale.com.br\/portal\/wp-content\/uploads\/2014\/03\/cora_folia_carnaval_2014.jpg\" \/>\n\t<meta property=\"og:image:width\" content=\"600\" \/>\n\t<meta property=\"og:image:height\" content=\"450\" \/>\n\t<meta property=\"og:image:type\" content=\"image\/jpeg\" \/>\n<meta name=\"author\" content=\"Aconteceu no Vale\" \/>\n<meta name=\"twitter:card\" content=\"summary_large_image\" \/>\n<meta name=\"twitter:creator\" content=\"@noticiadosvales\" \/>\n<meta name=\"twitter:site\" content=\"@noticiadosvales\" \/>\n<meta name=\"twitter:label1\" content=\"Escrito por\" \/>\n\t<meta name=\"twitter:data1\" content=\"Aconteceu no Vale\" \/>\n\t<meta name=\"twitter:label2\" content=\"Est. tempo de leitura\" \/>\n\t<meta name=\"twitter:data2\" content=\"4 minutos\" \/>\n<script type=\"application\/ld+json\" class=\"yoast-schema-graph\">{\"@context\":\"https:\\\/\\\/schema.org\",\"@graph\":[{\"@type\":\"Article\",\"@id\":\"https:\\\/\\\/aconteceunovale.com.br\\\/portal\\\/?p=22797#article\",\"isPartOf\":{\"@id\":\"https:\\\/\\\/aconteceunovale.com.br\\\/portal\\\/?p=22797\"},\"author\":{\"name\":\"Aconteceu no Vale\",\"@id\":\"https:\\\/\\\/aconteceunovale.com.br\\\/portal\\\/#\\\/schema\\\/person\\\/633529146f2c94272bef50ac2953d589\"},\"headline\":\"&#8220;Cora Folia&#8221; quer resgatar tradi\u00e7\u00e3o do Carnaval em Cora\u00e7\u00e3o de Jesus\",\"datePublished\":\"2014-03-03T21:15:19+00:00\",\"mainEntityOfPage\":{\"@id\":\"https:\\\/\\\/aconteceunovale.com.br\\\/portal\\\/?p=22797\"},\"wordCount\":721,\"commentCount\":0,\"image\":{\"@id\":\"https:\\\/\\\/aconteceunovale.com.br\\\/portal\\\/?p=22797#primaryimage\"},\"thumbnailUrl\":\"https:\\\/\\\/aconteceunovale.com.br\\\/portal\\\/wp-content\\\/uploads\\\/2014\\\/03\\\/cora_folia_carnaval_2014.jpg\",\"keywords\":[\"Carnaval 2014\",\"Carnaval de Cora\u00e7\u00e3o de Jesus\",\"Carnaval de Cora\u00e7\u00e3o de Jesus 2014\",\"Cora Folia 2014\",\"Cora Folia quer resgatar tradi\u00e7\u00e3o do Carnaval em Cora\u00e7\u00e3o de Jesus\",\"Cora\u00e7\u00e3o de Jesus\"],\"articleSection\":[\"Norte de Minas\"],\"inLanguage\":\"pt-BR\",\"potentialAction\":[{\"@type\":\"CommentAction\",\"name\":\"Comment\",\"target\":[\"https:\\\/\\\/aconteceunovale.com.br\\\/portal\\\/?p=22797#respond\"]}]},{\"@type\":\"WebPage\",\"@id\":\"https:\\\/\\\/aconteceunovale.com.br\\\/portal\\\/?p=22797\",\"url\":\"https:\\\/\\\/aconteceunovale.com.br\\\/portal\\\/?p=22797\",\"name\":\"\\\"Cora Folia\\\" quer resgatar tradi\u00e7\u00e3o do Carnaval em Cora\u00e7\u00e3o de Jesus - Aconteceu no Vale\",\"isPartOf\":{\"@id\":\"https:\\\/\\\/aconteceunovale.com.br\\\/portal\\\/#website\"},\"primaryImageOfPage\":{\"@id\":\"https:\\\/\\\/aconteceunovale.com.br\\\/portal\\\/?p=22797#primaryimage\"},\"image\":{\"@id\":\"https:\\\/\\\/aconteceunovale.com.br\\\/portal\\\/?p=22797#primaryimage\"},\"thumbnailUrl\":\"https:\\\/\\\/aconteceunovale.com.br\\\/portal\\\/wp-content\\\/uploads\\\/2014\\\/03\\\/cora_folia_carnaval_2014.jpg\",\"datePublished\":\"2014-03-03T21:15:19+00:00\",\"author\":{\"@id\":\"https:\\\/\\\/aconteceunovale.com.br\\\/portal\\\/#\\\/schema\\\/person\\\/633529146f2c94272bef50ac2953d589\"},\"breadcrumb\":{\"@id\":\"https:\\\/\\\/aconteceunovale.com.br\\\/portal\\\/?p=22797#breadcrumb\"},\"inLanguage\":\"pt-BR\",\"potentialAction\":[{\"@type\":\"ReadAction\",\"target\":[\"https:\\\/\\\/aconteceunovale.com.br\\\/portal\\\/?p=22797\"]}]},{\"@type\":\"ImageObject\",\"inLanguage\":\"pt-BR\",\"@id\":\"https:\\\/\\\/aconteceunovale.com.br\\\/portal\\\/?p=22797#primaryimage\",\"url\":\"https:\\\/\\\/aconteceunovale.com.br\\\/portal\\\/wp-content\\\/uploads\\\/2014\\\/03\\\/cora_folia_carnaval_2014.jpg\",\"contentUrl\":\"https:\\\/\\\/aconteceunovale.com.br\\\/portal\\\/wp-content\\\/uploads\\\/2014\\\/03\\\/cora_folia_carnaval_2014.jpg\",\"width\":600,\"height\":450},{\"@type\":\"BreadcrumbList\",\"@id\":\"https:\\\/\\\/aconteceunovale.com.br\\\/portal\\\/?p=22797#breadcrumb\",\"itemListElement\":[{\"@type\":\"ListItem\",\"position\":1,\"name\":\"In\u00edcio\",\"item\":\"https:\\\/\\\/aconteceunovale.com.br\\\/portal\\\/\"},{\"@type\":\"ListItem\",\"position\":2,\"name\":\"&#8220;Cora Folia&#8221; quer resgatar tradi\u00e7\u00e3o do Carnaval em Cora\u00e7\u00e3o de Jesus\"}]},{\"@type\":\"WebSite\",\"@id\":\"https:\\\/\\\/aconteceunovale.com.br\\\/portal\\\/#website\",\"url\":\"https:\\\/\\\/aconteceunovale.com.br\\\/portal\\\/\",\"name\":\"Aconteceu no Vale\",\"description\":\"Portal de Not\u00edcias\",\"potentialAction\":[{\"@type\":\"SearchAction\",\"target\":{\"@type\":\"EntryPoint\",\"urlTemplate\":\"https:\\\/\\\/aconteceunovale.com.br\\\/portal\\\/?s={search_term_string}\"},\"query-input\":{\"@type\":\"PropertyValueSpecification\",\"valueRequired\":true,\"valueName\":\"search_term_string\"}}],\"inLanguage\":\"pt-BR\"},{\"@type\":\"Person\",\"@id\":\"https:\\\/\\\/aconteceunovale.com.br\\\/portal\\\/#\\\/schema\\\/person\\\/633529146f2c94272bef50ac2953d589\",\"name\":\"Aconteceu no Vale\",\"description\":\"Equipe de reportagem do Aconteceu no Vale, portal de not\u00edcias do Vale do Jequitinhonha, em Minas Gerais. Cobrimos as 51 cidades do Vale desde 2013. Sugest\u00f5es de pauta e pedidos de corre\u00e7\u00e3o: contato@aconteceunovale.com.br\",\"sameAs\":[\"http:\\\/\\\/www.aconteceunovale.com.br\"],\"url\":\"https:\\\/\\\/aconteceunovale.com.br\\\/portal\\\/?author=1\"}]}<\/script>\n<!-- \/ Yoast SEO plugin. -->","yoast_head_json":{"title":"\"Cora Folia\" quer resgatar tradi\u00e7\u00e3o do Carnaval em Cora\u00e7\u00e3o de Jesus - Aconteceu no Vale","robots":{"index":"index","follow":"follow","max-snippet":"max-snippet:-1","max-image-preview":"max-image-preview:large","max-video-preview":"max-video-preview:-1"},"canonical":"https:\/\/aconteceunovale.com.br\/portal\/?p=22797","og_locale":"pt_BR","og_type":"article","og_title":"\"Cora Folia\" quer resgatar tradi\u00e7\u00e3o do Carnaval em Cora\u00e7\u00e3o de Jesus - Aconteceu no Vale","og_description":"A Avenida Montes Claros ficou pequena para os foli\u00f5es que escolheram Cora\u00e7\u00e3o de Jesus (MG) como destino. O Cora Folia est\u00e1 sendo realizado pela segunda vez e a inten\u00e7\u00e3o da Administra\u00e7\u00e3o Municipal \u00e9 fazer com que a festa n\u00e3o fa\u00e7a parte apenas das lembran\u00e7as de quem j\u00e1 participou do Carnaval corjesuense. \u201cEstamos investindo a cada [&hellip;]","og_url":"https:\/\/aconteceunovale.com.br\/portal\/?p=22797","og_site_name":"Aconteceu no Vale","article_publisher":"https:\/\/www.facebook.com\/aconteceunovale\/","article_published_time":"2014-03-03T21:15:19+00:00","og_image":[{"width":600,"height":450,"url":"https:\/\/aconteceunovale.com.br\/portal\/wp-content\/uploads\/2014\/03\/cora_folia_carnaval_2014.jpg","type":"image\/jpeg"}],"author":"Aconteceu no Vale","twitter_card":"summary_large_image","twitter_creator":"@noticiadosvales","twitter_site":"@noticiadosvales","twitter_misc":{"Escrito por":"Aconteceu no Vale","Est. tempo de leitura":"4 minutos"},"schema":{"@context":"https:\/\/schema.org","@graph":[{"@type":"Article","@id":"https:\/\/aconteceunovale.com.br\/portal\/?p=22797#article","isPartOf":{"@id":"https:\/\/aconteceunovale.com.br\/portal\/?p=22797"},"author":{"name":"Aconteceu no Vale","@id":"https:\/\/aconteceunovale.com.br\/portal\/#\/schema\/person\/633529146f2c94272bef50ac2953d589"},"headline":"&#8220;Cora Folia&#8221; quer resgatar tradi\u00e7\u00e3o do Carnaval em Cora\u00e7\u00e3o de Jesus","datePublished":"2014-03-03T21:15:19+00:00","mainEntityOfPage":{"@id":"https:\/\/aconteceunovale.com.br\/portal\/?p=22797"},"wordCount":721,"commentCount":0,"image":{"@id":"https:\/\/aconteceunovale.com.br\/portal\/?p=22797#primaryimage"},"thumbnailUrl":"https:\/\/aconteceunovale.com.br\/portal\/wp-content\/uploads\/2014\/03\/cora_folia_carnaval_2014.jpg","keywords":["Carnaval 2014","Carnaval de Cora\u00e7\u00e3o de Jesus","Carnaval de Cora\u00e7\u00e3o de Jesus 2014","Cora Folia 2014","Cora Folia quer resgatar tradi\u00e7\u00e3o do Carnaval em Cora\u00e7\u00e3o de Jesus","Cora\u00e7\u00e3o de Jesus"],"articleSection":["Norte de Minas"],"inLanguage":"pt-BR","potentialAction":[{"@type":"CommentAction","name":"Comment","target":["https:\/\/aconteceunovale.com.br\/portal\/?p=22797#respond"]}]},{"@type":"WebPage","@id":"https:\/\/aconteceunovale.com.br\/portal\/?p=22797","url":"https:\/\/aconteceunovale.com.br\/portal\/?p=22797","name":"\"Cora Folia\" quer resgatar tradi\u00e7\u00e3o do Carnaval em Cora\u00e7\u00e3o de Jesus - Aconteceu no Vale","isPartOf":{"@id":"https:\/\/aconteceunovale.com.br\/portal\/#website"},"primaryImageOfPage":{"@id":"https:\/\/aconteceunovale.com.br\/portal\/?p=22797#primaryimage"},"image":{"@id":"https:\/\/aconteceunovale.com.br\/portal\/?p=22797#primaryimage"},"thumbnailUrl":"https:\/\/aconteceunovale.com.br\/portal\/wp-content\/uploads\/2014\/03\/cora_folia_carnaval_2014.jpg","datePublished":"2014-03-03T21:15:19+00:00","author":{"@id":"https:\/\/aconteceunovale.com.br\/portal\/#\/schema\/person\/633529146f2c94272bef50ac2953d589"},"breadcrumb":{"@id":"https:\/\/aconteceunovale.com.br\/portal\/?p=22797#breadcrumb"},"inLanguage":"pt-BR","potentialAction":[{"@type":"ReadAction","target":["https:\/\/aconteceunovale.com.br\/portal\/?p=22797"]}]},{"@type":"ImageObject","inLanguage":"pt-BR","@id":"https:\/\/aconteceunovale.com.br\/portal\/?p=22797#primaryimage","url":"https:\/\/aconteceunovale.com.br\/portal\/wp-content\/uploads\/2014\/03\/cora_folia_carnaval_2014.jpg","contentUrl":"https:\/\/aconteceunovale.com.br\/portal\/wp-content\/uploads\/2014\/03\/cora_folia_carnaval_2014.jpg","width":600,"height":450},{"@type":"BreadcrumbList","@id":"https:\/\/aconteceunovale.com.br\/portal\/?p=22797#breadcrumb","itemListElement":[{"@type":"ListItem","position":1,"name":"In\u00edcio","item":"https:\/\/aconteceunovale.com.br\/portal\/"},{"@type":"ListItem","position":2,"name":"&#8220;Cora Folia&#8221; quer resgatar tradi\u00e7\u00e3o do Carnaval em Cora\u00e7\u00e3o de Jesus"}]},{"@type":"WebSite","@id":"https:\/\/aconteceunovale.com.br\/portal\/#website","url":"https:\/\/aconteceunovale.com.br\/portal\/","name":"Aconteceu no Vale","description":"Portal de Not\u00edcias","potentialAction":[{"@type":"SearchAction","target":{"@type":"EntryPoint","urlTemplate":"https:\/\/aconteceunovale.com.br\/portal\/?s={search_term_string}"},"query-input":{"@type":"PropertyValueSpecification","valueRequired":true,"valueName":"search_term_string"}}],"inLanguage":"pt-BR"},{"@type":"Person","@id":"https:\/\/aconteceunovale.com.br\/portal\/#\/schema\/person\/633529146f2c94272bef50ac2953d589","name":"Aconteceu no Vale","description":"Equipe de reportagem do Aconteceu no Vale, portal de not\u00edcias do Vale do Jequitinhonha, em Minas Gerais. Cobrimos as 51 cidades do Vale desde 2013. Sugest\u00f5es de pauta e pedidos de corre\u00e7\u00e3o: contato@aconteceunovale.com.br","sameAs":["http:\/\/www.aconteceunovale.com.br"],"url":"https:\/\/aconteceunovale.com.br\/portal\/?author=1"}]}},"_links":{"self":[{"href":"https:\/\/aconteceunovale.com.br\/portal\/index.php?rest_route=\/wp\/v2\/posts\/22797","targetHints":{"allow":["GET"]}}],"collection":[{"href":"https:\/\/aconteceunovale.com.br\/portal\/index.php?rest_route=\/wp\/v2\/posts"}],"about":[{"href":"https:\/\/aconteceunovale.com.br\/portal\/index.php?rest_route=\/wp\/v2\/types\/post"}],"author":[{"embeddable":true,"href":"https:\/\/aconteceunovale.com.br\/portal\/index.php?rest_route=\/wp\/v2\/users\/1"}],"replies":[{"embeddable":true,"href":"https:\/\/aconteceunovale.com.br\/portal\/index.php?rest_route=%2Fwp%2Fv2%2Fcomments&post=22797"}],"version-history":[{"count":0,"href":"https:\/\/aconteceunovale.com.br\/portal\/index.php?rest_route=\/wp\/v2\/posts\/22797\/revisions"}],"wp:featuredmedia":[{"embeddable":true,"href":"https:\/\/aconteceunovale.com.br\/portal\/index.php?rest_route=\/wp\/v2\/media\/22798"}],"wp:attachment":[{"href":"https:\/\/aconteceunovale.com.br\/portal\/index.php?rest_route=%2Fwp%2Fv2%2Fmedia&parent=22797"}],"wp:term":[{"taxonomy":"category","embeddable":true,"href":"https:\/\/aconteceunovale.com.br\/portal\/index.php?rest_route=%2Fwp%2Fv2%2Fcategories&post=22797"},{"taxonomy":"post_tag","embeddable":true,"href":"https:\/\/aconteceunovale.com.br\/portal\/index.php?rest_route=%2Fwp%2Fv2%2Ftags&post=22797"}],"curies":[{"name":"wp","href":"https:\/\/api.w.org\/{rel}","templated":true}]}}