{"id":22794,"date":"2014-03-03T18:09:46","date_gmt":"2014-03-03T21:09:46","guid":{"rendered":"http:\/\/aconteceunovale.com.br\/portal\/?p=22794"},"modified":"2014-03-03T18:09:46","modified_gmt":"2014-03-03T21:09:46","slug":"retomada-do-carnaval-em-curvelo-inova-no-formato-para-atrair-folioes","status":"publish","type":"post","link":"https:\/\/aconteceunovale.com.br\/portal\/?p=22794","title":{"rendered":"Retomada do Carnaval em Curvelo inova no formato para atrair foli\u00f5es"},"content":{"rendered":"<p>Ap\u00f3s dois anos sem folia, Curvelo, cidade na regi\u00e3o Central de Minas Gerais, traz de volta a alegria do carnaval. A expectativa \u00e9 que 25 mil foli\u00f5es passem pela Pra\u00e7a de Eventos da cidade at\u00e9 a ter\u00e7a-feira (4).<\/p>\n<p>Os curvelanos brincaram e dan\u00e7aram muito com as apresenta\u00e7\u00f5es musicais. Na noite desse domingo (2), a festa foi comandada pelo grupo Soul 3, que apresentou um repert\u00f3rio variado. \u201cO carnaval \u00e9 muito cansativo, mas a alegria dos foli\u00f5es recompensa tudo. O show \u00e9 totalmente diferente. Esta \u00e9 a melhor festa do ano\u201d, afirma o vocalista da banda Igor Rosenburg.<\/p>\n<p>Foli\u00f5es esbanjaram disposi\u00e7\u00e3o para pular. A estudante Paula Francine veio de Lagoa Santa, na regi\u00e3o metropolitana de Minas, somente para participar da retomada do Carnaval em Curvelo. \u201cEstou adorando a festa. Ela n\u00e3o perde em nada para outros que j\u00e1 conhe\u00e7o\u201d.<\/p>\n<p>Preocupados com a seguran\u00e7a durante a folia, os organizadores montaram um palo em um circuito fechado. \u201cEste ano da retomada foi montado em um formato diferente. Foi uma parceria entre a PM, prefeitura e empresa privada. Isso com certeza traz mais seguran\u00e7a aos foli\u00f5es\u201d, afirma a secret\u00e1ria de cultura desporto e lazer, Marivete Alves.<\/p>\n<p>A renova\u00e7\u00e3o no formato da festa agradou os curvelanos, que n\u00e3o hesitaram em participar da folia. Paulo Roberto da Silva afirma que j\u00e1 passou o Carnaval em outras cidades de Minas, mas a experi\u00eancia vivida em Curvelo cria boas expectativas para os pr\u00f3ximos anos. \u201cPara uma retomada da festa est\u00e1 bom demais. Este \u00e9 apenas um treino para o Carnaval do ano que vem\u201d.<\/p>\n<p>Segundo a secret\u00e1ria de Cultura, a prepara\u00e7\u00e3o do carnaval 2015 j\u00e1 tem data para come\u00e7ar. \u201cEstamos muito felizes com o resultado do carnaval deste ano. Para 2015, vamos nos preparar a partir de agosto. Com certeza vai ser muito melhor que este, que j\u00e1 foi um sucesso\u201d.<\/p>\n<p><img decoding=\"async\" src=\"http:\/\/aconteceunovale.com.br\/portal\/wp-content\/uploads\/2014\/03\/carnaval_curvelo_2014_02.jpg\" alt=\"\" \/><br \/>\n<em>Foli\u00f5es subiram ao palco durante o show da banda Soul 3. (Foto: Valdivan Veloso\/G1)<\/em><\/p>\n<p><strong>(Fonte: G1)<\/strong><\/p>\n","protected":false},"excerpt":{"rendered":"<p>Ap\u00f3s dois anos sem folia, Curvelo, cidade na regi\u00e3o Central de Minas Gerais, traz de volta a alegria do carnaval. A expectativa \u00e9 que 25 mil foli\u00f5es passem pela Pra\u00e7a de Eventos da cidade at\u00e9 a ter\u00e7a-feira (4). Os curvelanos brincaram e dan\u00e7aram muito com as apresenta\u00e7\u00f5es musicais. Na noite desse domingo (2), a festa [&hellip;]<\/p>\n","protected":false},"author":1,"featured_media":22795,"comment_status":"open","ping_status":"closed","sticky":false,"template":"","format":"standard","meta":{"amp_status":"","footnotes":""},"categories":[123],"tags":[3649,5109,5110,197,5108],"class_list":["post-22794","post","type-post","status-publish","format-standard","has-post-thumbnail","hentry","category-gerais","tag-carnaval-2014","tag-carnaval-de-curvelo","tag-carnaval-de-curvelo-2014","tag-curvelo","tag-retomada-do-carnaval-em-curvelo-inova-no-formato-para-atrair-folioes"],"yoast_head":"<!-- This site is optimized with the Yoast SEO plugin v28.3 - https:\/\/yoast.com\/product\/yoast-seo-wordpress\/ -->\n<title>Retomada do Carnaval em Curvelo inova no formato para atrair foli\u00f5es - Aconteceu no Vale<\/title>\n<meta name=\"robots\" content=\"index, follow, max-snippet:-1, max-image-preview:large, max-video-preview:-1\" \/>\n<link rel=\"canonical\" href=\"https:\/\/aconteceunovale.com.br\/portal\/?p=22794\" \/>\n<meta property=\"og:locale\" content=\"pt_BR\" \/>\n<meta property=\"og:type\" content=\"article\" \/>\n<meta property=\"og:title\" content=\"Retomada do Carnaval em Curvelo inova no formato para atrair foli\u00f5es - Aconteceu no Vale\" \/>\n<meta property=\"og:description\" content=\"Ap\u00f3s dois anos sem folia, Curvelo, cidade na regi\u00e3o Central de Minas Gerais, traz de volta a alegria do carnaval. A expectativa \u00e9 que 25 mil foli\u00f5es passem pela Pra\u00e7a de Eventos da cidade at\u00e9 a ter\u00e7a-feira (4). Os curvelanos brincaram e dan\u00e7aram muito com as apresenta\u00e7\u00f5es musicais. Na noite desse domingo (2), a festa [&hellip;]\" \/>\n<meta property=\"og:url\" content=\"https:\/\/aconteceunovale.com.br\/portal\/?p=22794\" \/>\n<meta property=\"og:site_name\" content=\"Aconteceu no Vale\" \/>\n<meta property=\"article:publisher\" content=\"https:\/\/www.facebook.com\/aconteceunovale\/\" \/>\n<meta property=\"article:published_time\" content=\"2014-03-03T21:09:46+00:00\" \/>\n<meta property=\"og:image\" content=\"https:\/\/aconteceunovale.com.br\/portal\/wp-content\/uploads\/2014\/03\/carnaval_curvelo_2014_02.jpg\" \/>\n\t<meta property=\"og:image:width\" content=\"600\" \/>\n\t<meta property=\"og:image:height\" content=\"450\" \/>\n\t<meta property=\"og:image:type\" content=\"image\/jpeg\" \/>\n<meta name=\"author\" content=\"Aconteceu no Vale\" \/>\n<meta name=\"twitter:card\" content=\"summary_large_image\" \/>\n<meta name=\"twitter:creator\" content=\"@noticiadosvales\" \/>\n<meta name=\"twitter:site\" content=\"@noticiadosvales\" \/>\n<meta name=\"twitter:label1\" content=\"Escrito por\" \/>\n\t<meta name=\"twitter:data1\" content=\"Aconteceu no Vale\" \/>\n\t<meta name=\"twitter:label2\" content=\"Est. tempo de leitura\" \/>\n\t<meta name=\"twitter:data2\" content=\"2 minutos\" \/>\n<script type=\"application\/ld+json\" class=\"yoast-schema-graph\">{\"@context\":\"https:\\\/\\\/schema.org\",\"@graph\":[{\"@type\":\"Article\",\"@id\":\"https:\\\/\\\/aconteceunovale.com.br\\\/portal\\\/?p=22794#article\",\"isPartOf\":{\"@id\":\"https:\\\/\\\/aconteceunovale.com.br\\\/portal\\\/?p=22794\"},\"author\":{\"name\":\"Aconteceu no Vale\",\"@id\":\"https:\\\/\\\/aconteceunovale.com.br\\\/portal\\\/#\\\/schema\\\/person\\\/633529146f2c94272bef50ac2953d589\"},\"headline\":\"Retomada do Carnaval em Curvelo inova no formato para atrair foli\u00f5es\",\"datePublished\":\"2014-03-03T21:09:46+00:00\",\"mainEntityOfPage\":{\"@id\":\"https:\\\/\\\/aconteceunovale.com.br\\\/portal\\\/?p=22794\"},\"wordCount\":346,\"commentCount\":0,\"image\":{\"@id\":\"https:\\\/\\\/aconteceunovale.com.br\\\/portal\\\/?p=22794#primaryimage\"},\"thumbnailUrl\":\"https:\\\/\\\/aconteceunovale.com.br\\\/portal\\\/wp-content\\\/uploads\\\/2014\\\/03\\\/carnaval_curvelo_2014_02.jpg\",\"keywords\":[\"Carnaval 2014\",\"Carnaval de Curvelo\",\"Carnaval de Curvelo 2014\",\"Curvelo\",\"Retomada do Carnaval em Curvelo inova no formato para atrair foli\u00f5es\"],\"articleSection\":[\"Minas Gerais\"],\"inLanguage\":\"pt-BR\",\"potentialAction\":[{\"@type\":\"CommentAction\",\"name\":\"Comment\",\"target\":[\"https:\\\/\\\/aconteceunovale.com.br\\\/portal\\\/?p=22794#respond\"]}]},{\"@type\":\"WebPage\",\"@id\":\"https:\\\/\\\/aconteceunovale.com.br\\\/portal\\\/?p=22794\",\"url\":\"https:\\\/\\\/aconteceunovale.com.br\\\/portal\\\/?p=22794\",\"name\":\"Retomada do Carnaval em Curvelo inova no formato para atrair foli\u00f5es - Aconteceu no Vale\",\"isPartOf\":{\"@id\":\"https:\\\/\\\/aconteceunovale.com.br\\\/portal\\\/#website\"},\"primaryImageOfPage\":{\"@id\":\"https:\\\/\\\/aconteceunovale.com.br\\\/portal\\\/?p=22794#primaryimage\"},\"image\":{\"@id\":\"https:\\\/\\\/aconteceunovale.com.br\\\/portal\\\/?p=22794#primaryimage\"},\"thumbnailUrl\":\"https:\\\/\\\/aconteceunovale.com.br\\\/portal\\\/wp-content\\\/uploads\\\/2014\\\/03\\\/carnaval_curvelo_2014_02.jpg\",\"datePublished\":\"2014-03-03T21:09:46+00:00\",\"author\":{\"@id\":\"https:\\\/\\\/aconteceunovale.com.br\\\/portal\\\/#\\\/schema\\\/person\\\/633529146f2c94272bef50ac2953d589\"},\"breadcrumb\":{\"@id\":\"https:\\\/\\\/aconteceunovale.com.br\\\/portal\\\/?p=22794#breadcrumb\"},\"inLanguage\":\"pt-BR\",\"potentialAction\":[{\"@type\":\"ReadAction\",\"target\":[\"https:\\\/\\\/aconteceunovale.com.br\\\/portal\\\/?p=22794\"]}]},{\"@type\":\"ImageObject\",\"inLanguage\":\"pt-BR\",\"@id\":\"https:\\\/\\\/aconteceunovale.com.br\\\/portal\\\/?p=22794#primaryimage\",\"url\":\"https:\\\/\\\/aconteceunovale.com.br\\\/portal\\\/wp-content\\\/uploads\\\/2014\\\/03\\\/carnaval_curvelo_2014_02.jpg\",\"contentUrl\":\"https:\\\/\\\/aconteceunovale.com.br\\\/portal\\\/wp-content\\\/uploads\\\/2014\\\/03\\\/carnaval_curvelo_2014_02.jpg\",\"width\":600,\"height\":450},{\"@type\":\"BreadcrumbList\",\"@id\":\"https:\\\/\\\/aconteceunovale.com.br\\\/portal\\\/?p=22794#breadcrumb\",\"itemListElement\":[{\"@type\":\"ListItem\",\"position\":1,\"name\":\"In\u00edcio\",\"item\":\"https:\\\/\\\/aconteceunovale.com.br\\\/portal\\\/\"},{\"@type\":\"ListItem\",\"position\":2,\"name\":\"Retomada do Carnaval em Curvelo inova no formato para atrair foli\u00f5es\"}]},{\"@type\":\"WebSite\",\"@id\":\"https:\\\/\\\/aconteceunovale.com.br\\\/portal\\\/#website\",\"url\":\"https:\\\/\\\/aconteceunovale.com.br\\\/portal\\\/\",\"name\":\"Aconteceu no Vale\",\"description\":\"Portal de Not\u00edcias\",\"potentialAction\":[{\"@type\":\"SearchAction\",\"target\":{\"@type\":\"EntryPoint\",\"urlTemplate\":\"https:\\\/\\\/aconteceunovale.com.br\\\/portal\\\/?s={search_term_string}\"},\"query-input\":{\"@type\":\"PropertyValueSpecification\",\"valueRequired\":true,\"valueName\":\"search_term_string\"}}],\"inLanguage\":\"pt-BR\"},{\"@type\":\"Person\",\"@id\":\"https:\\\/\\\/aconteceunovale.com.br\\\/portal\\\/#\\\/schema\\\/person\\\/633529146f2c94272bef50ac2953d589\",\"name\":\"Aconteceu no Vale\",\"description\":\"Equipe de reportagem do Aconteceu no Vale, portal de not\u00edcias do Vale do Jequitinhonha, em Minas Gerais. Cobrimos as 51 cidades do Vale desde 2013. Sugest\u00f5es de pauta e pedidos de corre\u00e7\u00e3o: contato@aconteceunovale.com.br\",\"sameAs\":[\"http:\\\/\\\/www.aconteceunovale.com.br\"],\"url\":\"https:\\\/\\\/aconteceunovale.com.br\\\/portal\\\/?author=1\"}]}<\/script>\n<!-- \/ Yoast SEO plugin. -->","yoast_head_json":{"title":"Retomada do Carnaval em Curvelo inova no formato para atrair foli\u00f5es - Aconteceu no Vale","robots":{"index":"index","follow":"follow","max-snippet":"max-snippet:-1","max-image-preview":"max-image-preview:large","max-video-preview":"max-video-preview:-1"},"canonical":"https:\/\/aconteceunovale.com.br\/portal\/?p=22794","og_locale":"pt_BR","og_type":"article","og_title":"Retomada do Carnaval em Curvelo inova no formato para atrair foli\u00f5es - Aconteceu no Vale","og_description":"Ap\u00f3s dois anos sem folia, Curvelo, cidade na regi\u00e3o Central de Minas Gerais, traz de volta a alegria do carnaval. A expectativa \u00e9 que 25 mil foli\u00f5es passem pela Pra\u00e7a de Eventos da cidade at\u00e9 a ter\u00e7a-feira (4). Os curvelanos brincaram e dan\u00e7aram muito com as apresenta\u00e7\u00f5es musicais. Na noite desse domingo (2), a festa [&hellip;]","og_url":"https:\/\/aconteceunovale.com.br\/portal\/?p=22794","og_site_name":"Aconteceu no Vale","article_publisher":"https:\/\/www.facebook.com\/aconteceunovale\/","article_published_time":"2014-03-03T21:09:46+00:00","og_image":[{"width":600,"height":450,"url":"https:\/\/aconteceunovale.com.br\/portal\/wp-content\/uploads\/2014\/03\/carnaval_curvelo_2014_02.jpg","type":"image\/jpeg"}],"author":"Aconteceu no Vale","twitter_card":"summary_large_image","twitter_creator":"@noticiadosvales","twitter_site":"@noticiadosvales","twitter_misc":{"Escrito por":"Aconteceu no Vale","Est. tempo de leitura":"2 minutos"},"schema":{"@context":"https:\/\/schema.org","@graph":[{"@type":"Article","@id":"https:\/\/aconteceunovale.com.br\/portal\/?p=22794#article","isPartOf":{"@id":"https:\/\/aconteceunovale.com.br\/portal\/?p=22794"},"author":{"name":"Aconteceu no Vale","@id":"https:\/\/aconteceunovale.com.br\/portal\/#\/schema\/person\/633529146f2c94272bef50ac2953d589"},"headline":"Retomada do Carnaval em Curvelo inova no formato para atrair foli\u00f5es","datePublished":"2014-03-03T21:09:46+00:00","mainEntityOfPage":{"@id":"https:\/\/aconteceunovale.com.br\/portal\/?p=22794"},"wordCount":346,"commentCount":0,"image":{"@id":"https:\/\/aconteceunovale.com.br\/portal\/?p=22794#primaryimage"},"thumbnailUrl":"https:\/\/aconteceunovale.com.br\/portal\/wp-content\/uploads\/2014\/03\/carnaval_curvelo_2014_02.jpg","keywords":["Carnaval 2014","Carnaval de Curvelo","Carnaval de Curvelo 2014","Curvelo","Retomada do Carnaval em Curvelo inova no formato para atrair foli\u00f5es"],"articleSection":["Minas Gerais"],"inLanguage":"pt-BR","potentialAction":[{"@type":"CommentAction","name":"Comment","target":["https:\/\/aconteceunovale.com.br\/portal\/?p=22794#respond"]}]},{"@type":"WebPage","@id":"https:\/\/aconteceunovale.com.br\/portal\/?p=22794","url":"https:\/\/aconteceunovale.com.br\/portal\/?p=22794","name":"Retomada do Carnaval em Curvelo inova no formato para atrair foli\u00f5es - Aconteceu no Vale","isPartOf":{"@id":"https:\/\/aconteceunovale.com.br\/portal\/#website"},"primaryImageOfPage":{"@id":"https:\/\/aconteceunovale.com.br\/portal\/?p=22794#primaryimage"},"image":{"@id":"https:\/\/aconteceunovale.com.br\/portal\/?p=22794#primaryimage"},"thumbnailUrl":"https:\/\/aconteceunovale.com.br\/portal\/wp-content\/uploads\/2014\/03\/carnaval_curvelo_2014_02.jpg","datePublished":"2014-03-03T21:09:46+00:00","author":{"@id":"https:\/\/aconteceunovale.com.br\/portal\/#\/schema\/person\/633529146f2c94272bef50ac2953d589"},"breadcrumb":{"@id":"https:\/\/aconteceunovale.com.br\/portal\/?p=22794#breadcrumb"},"inLanguage":"pt-BR","potentialAction":[{"@type":"ReadAction","target":["https:\/\/aconteceunovale.com.br\/portal\/?p=22794"]}]},{"@type":"ImageObject","inLanguage":"pt-BR","@id":"https:\/\/aconteceunovale.com.br\/portal\/?p=22794#primaryimage","url":"https:\/\/aconteceunovale.com.br\/portal\/wp-content\/uploads\/2014\/03\/carnaval_curvelo_2014_02.jpg","contentUrl":"https:\/\/aconteceunovale.com.br\/portal\/wp-content\/uploads\/2014\/03\/carnaval_curvelo_2014_02.jpg","width":600,"height":450},{"@type":"BreadcrumbList","@id":"https:\/\/aconteceunovale.com.br\/portal\/?p=22794#breadcrumb","itemListElement":[{"@type":"ListItem","position":1,"name":"In\u00edcio","item":"https:\/\/aconteceunovale.com.br\/portal\/"},{"@type":"ListItem","position":2,"name":"Retomada do Carnaval em Curvelo inova no formato para atrair foli\u00f5es"}]},{"@type":"WebSite","@id":"https:\/\/aconteceunovale.com.br\/portal\/#website","url":"https:\/\/aconteceunovale.com.br\/portal\/","name":"Aconteceu no Vale","description":"Portal de Not\u00edcias","potentialAction":[{"@type":"SearchAction","target":{"@type":"EntryPoint","urlTemplate":"https:\/\/aconteceunovale.com.br\/portal\/?s={search_term_string}"},"query-input":{"@type":"PropertyValueSpecification","valueRequired":true,"valueName":"search_term_string"}}],"inLanguage":"pt-BR"},{"@type":"Person","@id":"https:\/\/aconteceunovale.com.br\/portal\/#\/schema\/person\/633529146f2c94272bef50ac2953d589","name":"Aconteceu no Vale","description":"Equipe de reportagem do Aconteceu no Vale, portal de not\u00edcias do Vale do Jequitinhonha, em Minas Gerais. Cobrimos as 51 cidades do Vale desde 2013. Sugest\u00f5es de pauta e pedidos de corre\u00e7\u00e3o: contato@aconteceunovale.com.br","sameAs":["http:\/\/www.aconteceunovale.com.br"],"url":"https:\/\/aconteceunovale.com.br\/portal\/?author=1"}]}},"_links":{"self":[{"href":"https:\/\/aconteceunovale.com.br\/portal\/index.php?rest_route=\/wp\/v2\/posts\/22794","targetHints":{"allow":["GET"]}}],"collection":[{"href":"https:\/\/aconteceunovale.com.br\/portal\/index.php?rest_route=\/wp\/v2\/posts"}],"about":[{"href":"https:\/\/aconteceunovale.com.br\/portal\/index.php?rest_route=\/wp\/v2\/types\/post"}],"author":[{"embeddable":true,"href":"https:\/\/aconteceunovale.com.br\/portal\/index.php?rest_route=\/wp\/v2\/users\/1"}],"replies":[{"embeddable":true,"href":"https:\/\/aconteceunovale.com.br\/portal\/index.php?rest_route=%2Fwp%2Fv2%2Fcomments&post=22794"}],"version-history":[{"count":0,"href":"https:\/\/aconteceunovale.com.br\/portal\/index.php?rest_route=\/wp\/v2\/posts\/22794\/revisions"}],"wp:featuredmedia":[{"embeddable":true,"href":"https:\/\/aconteceunovale.com.br\/portal\/index.php?rest_route=\/wp\/v2\/media\/22795"}],"wp:attachment":[{"href":"https:\/\/aconteceunovale.com.br\/portal\/index.php?rest_route=%2Fwp%2Fv2%2Fmedia&parent=22794"}],"wp:term":[{"taxonomy":"category","embeddable":true,"href":"https:\/\/aconteceunovale.com.br\/portal\/index.php?rest_route=%2Fwp%2Fv2%2Fcategories&post=22794"},{"taxonomy":"post_tag","embeddable":true,"href":"https:\/\/aconteceunovale.com.br\/portal\/index.php?rest_route=%2Fwp%2Fv2%2Ftags&post=22794"}],"curies":[{"name":"wp","href":"https:\/\/api.w.org\/{rel}","templated":true}]}}